{"id":84640,"date":"2023-01-21T15:25:43","date_gmt":"2023-01-21T15:25:43","guid":{"rendered":"https:\/\/enolife.com.ar\/es\/?p=84640"},"modified":"2023-01-26T12:55:14","modified_gmt":"2023-01-26T12:55:14","slug":"empezo-el-baile-vinateros-piden-de-110-a-280-el-kg-de-uva-y-bodegueros-dicen-que-es-impagable","status":"publish","type":"post","link":"https:\/\/enolife.com.ar\/es\/empezo-el-baile-vinateros-piden-de-110-a-280-el-kg-de-uva-y-bodegueros-dicen-que-es-impagable\/","title":{"rendered":"Empez\u00f3 el baile: vi\u00f1ateros piden de $110 a $280 el kg de uva y bodegueros dicen que es impagable"},"content":{"rendered":"\n<h4 class=\"wp-block-heading\"><em><strong>Como cada a\u00f1o para esta \u00e9poca, con la cosecha reci\u00e9n iniciada, las distintas asociaciones de productores de uva de las provincias vitivin\u00edcolas de Argentina sugieren a sus miembros un precio al que deber\u00edan venderles a las bodegas el kilo de la fruta, bas\u00e1ndose en el c\u00e1lculo de costos elaborado por ellos mismos y, casi siempre, en colaboraci\u00f3n con el INTA. Este 2022, una agrupaci\u00f3n de 6 entidades de vi\u00f1ateros de Mendoza y San Juan ya emitieron sus valores calculados y recomendados: entre $110 y $280 el kilo seg\u00fan el tipo de uva, importes que, solicitan, tendr\u00edan que ajustarse seg\u00fan el \u00cdndice de Precios al Consumidor (IPC) que mensualmente publica el Instituto Nacional de Estad\u00edstica y Censos (Indec) de la Naci\u00f3n desde el d\u00eda de entrega de la uva hasta que se haga efectivo el pago.<\/strong><\/em> <\/h4>\n\n\n\n<hr class=\"wp-block-separator has-alpha-channel-opacity\"\/>\n\n\n\n<h4 class=\"wp-block-heading\"><em><strong>Y, como tambi\u00e9n es habitual, los bodegueros ya salieron a responder que esos precios ser\u00edan impagables y advirtieron que, de abonarse, deber\u00edan trasladarse a la botella de vino en g\u00f3ndola, que mucha gente no los pagar\u00eda, que se acumular\u00eda un sobrestock y que la industria toda se ver\u00eda perjudicada. En el medio, el gobierno de Mendoza ofreci\u00f3 mediar para fijar el valor, convocando a una reuni\u00f3n entre viticultores y bodegueros para los primeros d\u00edas de febrero.<\/strong><\/em><\/h4>\n\n\n\n<div style=\"height:45px\" aria-hidden=\"true\" class=\"wp-block-spacer\"><\/div>\n\n\n\n\n\n<div style=\"height:46px\" aria-hidden=\"true\" class=\"wp-block-spacer\"><\/div>\n\n\n\n<p>Ayer <strong>20\/1<\/strong>, seis asociaciones vitivin\u00edcolas de <strong>Mendoza<\/strong> y <strong>San Juan<\/strong> emitieron un comunicado en el cual sugieren los <strong>valores del kilo de uva que deber\u00edan cobrarle los productores a los bodegueros<\/strong>, bas\u00e1ndose en un costo de producci\u00f3n establecido con par\u00e1metros propios y del <strong>INTA, en este caso de la Estaci\u00f3n Experimental Jun\u00edn.<\/strong> Ese c\u00e1lculo de costos tambi\u00e9n considera la merma en la producci\u00f3n provocada por las heladas y granizos, que este a\u00f1o han sido muy perjudiciales y, en algunas zonas, destruyeron el 50% de la uva.<\/p>\n\n\n\n<p>Seg\u00fan las entidades referidas, el precio de venta de la uva que se est\u00e1 cosechando esta temporada 2023 deber\u00eda oscilar <strong>entre los $110 y los $280 seg\u00fan el tipo de uva<\/strong>, importes que -seg\u00fan estas asociaciones- <strong>tendr\u00edan que ajustarse seg\u00fan el Indice de Precios al Consumidor (IPC)<\/strong> que mensualmente publica el Instituto Nacional de Estad\u00edstica y Censos (Indec) de la Naci\u00f3n, desde el d\u00eda de entrega de la uva hasta que se haga efectivo el pago.<\/p>\n\n\n\n<div style=\"height:31px\" aria-hidden=\"true\" class=\"wp-block-spacer\"><\/div>\n\n\n\n<p class=\"has-background\" style=\"background-color:#abb7c242\">A continuaci\u00f3n, replicamos el comunicado firmado por las siguientes entidades: <strong>Asociaci\u00f3n de Productores del Oasis Este de Mendoza, Asociaci\u00f3n de Vi\u00f1ateros de Mendoza, Mesa Vit\u00edcola de San Juan, Asociaci\u00f3n de Vi\u00f1ateros Independientes de San Juan, Federaci\u00f3n de Vi\u00f1ateros de San Juan y Mesa de Enlace de Productores Agr\u00edcolas de Mendoza.<\/strong><\/p>\n\n\n\n<div style=\"height:35px\" aria-hidden=\"true\" class=\"wp-block-spacer\"><\/div>\n\n\n\n<p><em>\u00abCon mucha seriedad y compromiso por defender la cultura del trabajo en la producci\u00f3n de uvas, y bregando siempre por la sostenibilidad del productor vitivin\u00edcola en todo el pa\u00eds, y bas\u00e1ndonos en el costo de producci\u00f3n establecido por el Inta Estaci\u00f3n Experimental Jun\u00edn, es que solicitamos que al productor se le pague un precio acorde con sus costos de producci\u00f3n (costos totales \/ kilogramos por hect\u00e1rea) y bregando para que toda la cadena vitivin\u00edcola sea sostenible.<\/em><\/p>\n\n\n\n<div style=\"height:31px\" aria-hidden=\"true\" class=\"wp-block-spacer\"><\/div>\n\n\n\n<blockquote class=\"wp-block-quote is-layout-flow wp-block-quote-is-layout-flow\">\n<p><em>Hace a\u00f1os que venimos vendiendo nuestro producto a un precio inferior al de los costos, lo que ha llevado a que m\u00e1s de 3.000 productores abandonen su actividad\u00bb. <\/em><\/p>\n<cite>Comunicado conjunto de 6 asociaciones de vi\u00f1ateros de Mendoza y San Juan<\/cite><\/blockquote>\n\n\n\n<div style=\"height:27px\" aria-hidden=\"true\" class=\"wp-block-spacer\"><\/div>\n\n\n\n<p><em>\u00abInstamos a los gobiernos y organismos nacionales y provinciales a realizar todos los esfuerzos necesarios a fines que toda la Industria pueda fijar una revisi\u00f3n de los costos de la misma y trabajar en una digna y equitativa distribuci\u00f3n. Asimismo, nos unimos al sector industrial en el reclamo al gobierno Nacional que se aplique a esta industria un d\u00f3lar diferencial acorde a nuestros reales costos.<\/em><\/p>\n\n\n\n<div style=\"height:35px\" aria-hidden=\"true\" class=\"wp-block-spacer\"><\/div>\n\n\n<div class=\"wp-block-image\">\n<figure class=\"aligncenter size-large is-resized\"><a href=\"https:\/\/enolife.com.ar\/es\/wp-content\/uploads\/2023\/01\/Imagen1-9.jpg\" data-rel=\"penci-gallery-image-content\" ><img loading=\"lazy\" decoding=\"async\" src=\"https:\/\/enolife.com.ar\/es\/wp-content\/uploads\/2023\/01\/Imagen1-9-1024x390.jpg\" alt=\"\" class=\"wp-image-84651\" width=\"771\" height=\"293\" srcset=\"https:\/\/enolife.com.ar\/es\/wp-content\/uploads\/2023\/01\/Imagen1-9-1024x390.jpg 1024w, https:\/\/enolife.com.ar\/es\/wp-content\/uploads\/2023\/01\/Imagen1-9-300x114.jpg 300w, https:\/\/enolife.com.ar\/es\/wp-content\/uploads\/2023\/01\/Imagen1-9-768x293.jpg 768w, https:\/\/enolife.com.ar\/es\/wp-content\/uploads\/2023\/01\/Imagen1-9-1536x585.jpg 1536w, https:\/\/enolife.com.ar\/es\/wp-content\/uploads\/2023\/01\/Imagen1-9-1170x446.jpg 1170w, https:\/\/enolife.com.ar\/es\/wp-content\/uploads\/2023\/01\/Imagen1-9-585x223.jpg 585w, https:\/\/enolife.com.ar\/es\/wp-content\/uploads\/2023\/01\/Imagen1-9.jpg 1640w\" sizes=\"auto, (max-width: 771px) 100vw, 771px\" \/><\/a><figcaption class=\"wp-element-caption\"><em><strong>Representantes de las entidades vi\u00f1ateras mendocinas y sanjuaninas, durante la reuni\u00f3n en la que establecieron los precios sugeridos para el kilo de uva.<\/strong><\/em><\/figcaption><\/figure><\/div>\n\n\n<div style=\"height:20px\" aria-hidden=\"true\" class=\"wp-block-spacer\"><\/div>\n\n\n\n<p><em>\u00abCon respecto a la cosecha en curso, es notable la disminuci\u00f3n en la producci\u00f3n de este a\u00f1o en todo el pa\u00eds, la cual evidentemente se sigue haciendo m\u00e1s aguda con los acontecimientos clim\u00e1ticos que siguen sucediendo, y por lo tanto esto deber\u00e1 verse reflejado en el precio pagado al productor.<\/em><\/p>\n\n\n\n<p><em>\u00abHace a\u00f1os que venimos vendiendo nuestro producto a un precio inferior al de los costos, lo que ha llevado a que m\u00e1s de 3.000 productores abandonen su actividad. Las bodegas deben entender que si seguimos este camino nos quedaremos sin productores, con todos los perjuicios sociales, econ\u00f3micos y habitacionales que ello provocar\u00eda para toda la sociedad.<\/em><\/p>\n\n\n\n<p><em>\u00abCon todos estos fundamentos es que hemos acordado las entidades abajo firmantes precios bases sugeridos por kilogramo de uva de contado al d\u00eda de esta Asamblea 20\/01\/2023 (zona Norte, zona Este, zona Sur y Provincia de San Juan ) los siguientes:<\/em><\/p>\n\n\n\n<div style=\"height:24px\" aria-hidden=\"true\" class=\"wp-block-spacer\"><\/div>\n\n\n\n<ul class=\"has-background wp-block-list\" style=\"background-color:#abb7c266\">\n<li><em><strong>Criollas\/Mezclas: de $110 a $115 el kg<\/strong><\/em><\/li>\n\n\n\n<li><em><strong>Blancas A: de $260 a $280 el kg<\/strong><\/em><\/li>\n\n\n\n<li><em><strong>Blancas B: de $135 a $140el kg<\/strong><\/em><\/li>\n\n\n\n<li><em><strong>Tintas A: de $230 a $240 el kg<\/strong><\/em><\/li>\n\n\n\n<li><em><strong>Tintas B: de $160 a $165 el kg<\/strong><\/em><\/li>\n<\/ul>\n\n\n\n<div style=\"height:18px\" aria-hidden=\"true\" class=\"wp-block-spacer\"><\/div>\n\n\n\n<p><em>\u00abAdem\u00e1s, estos precios base sugeridos, sostenemos que deben ser reajustados seg\u00fan el IPC que mensualmente publica el INDEC desde el d\u00eda de entrega de la uva hasta su efectivo pago.<\/em><\/p>\n\n\n\n<p><em>\u00abIntegramos una cadena vitivin\u00edcola y somos su primer eslab\u00f3n, sin uva no hay vino ni enoturismo. Estamos pr\u00f3ximo a los festejos vendimiales, con la afluencia de turistas que ello significa y la cantidad de recursos de dinero que en estos momentos circulan gracias al enoturismo, hoteler\u00eda, restaurantes, etc.<\/em><\/p>\n\n\n\n<p><em>\u00abNada de esto ser\u00eda posible si no hubiese productores produciendo la uva en nuestros vi\u00f1edos. Somos nosotros los que corremos los riesgos y da\u00f1os por heladas, granizos, sequia, etc. Exhortamos a los bodegueros a pagarnos precios justos por la uva que hoy estamos reclamando, a\u00fan hay tiempo de recuperar a nuestro campo. Convocamos a m\u00e1s c\u00e1maras vi\u00f1ateras dentro del pa\u00eds a aunar esfuerzos.\u00bb<\/em><\/p>\n\n\n\n<div style=\"height:28px\" aria-hidden=\"true\" class=\"wp-block-spacer\"><\/div>\n\n\n\n<h4 class=\"has-vivid-red-color has-text-color wp-block-heading\"><strong>Seg\u00fan el estudio de costos realizado por las asociaciones de vi\u00f1ateros en colaboraci\u00f3n con el INTA, para uvas varietales en espaldero, con 4 aplicaciones de fitosanitarios y una producci\u00f3n de 70 quintales por hect\u00e1rea, el costo de producci\u00f3n por kilo de uva es de $196<\/strong>.<\/h4>\n\n\n\n<div style=\"height:27px\" aria-hidden=\"true\" class=\"wp-block-spacer\"><\/div>\n\n\n\n<p>Seg\u00fan explicitaron desde la <strong>Asociaci\u00f3n de Vi\u00f1ateros de Mendoza (AVM)<\/strong>, el c\u00e1lculo de costos se hizo en base a cifras y par\u00e1metros propios y del INTA, analizados y procesados por esta instituci\u00f3n, n\u00fameros casi definitivos y que ser\u00e1n divulgados en los pr\u00f3ximos d\u00edas. A continuaci\u00f3n, el esquema de costos:<\/p>\n\n\n\n<div style=\"height:21px\" aria-hidden=\"true\" class=\"wp-block-spacer\"><\/div>\n\n\n\n<ul class=\"has-background wp-block-list\" style=\"background-color:#abb7c27d\">\n<li><strong>Para uvas criollas en parral, con 4 aplicaciones de fitosanitarios y una producci\u00f3n de 150 quintales por hect\u00e1rea, el costo por kilo de uva es de $100,58.<\/strong><\/li>\n\n\n\n<li><strong>Para uvas criollas en parral, con 4 aplicaciones de fitosanitarios y una producci\u00f3n de 200 quintales por hect\u00e1rea, el costo por kilo de uva es de $79<\/strong>.<\/li>\n\n\n\n<li><strong>Para uvas varietales en espaldero, con 4 aplicaciones de fitosanitarios y una producci\u00f3n de 70 quintales por hect\u00e1rea, el costo por kilo de uva es de $196<\/strong>.<\/li>\n\n\n\n<li><strong>Para uvas varietales en espaldero, con 4 aplicaciones de fitosanitarios y una producci\u00f3n de 100 quintales por hect\u00e1rea, el costo por kilo de uva es de $142,82.<\/strong><\/li>\n<\/ul>\n\n\n\n<div style=\"height:46px\" aria-hidden=\"true\" class=\"wp-block-spacer\"><\/div>\n\n\n\n<p class=\"has-medium-font-size\"><strong>\u00abAl vino nosotros lo hacemos para venderlo, no para guardarlo\u00bb<\/strong><\/p>\n\n\n<div class=\"wp-block-image\">\n<figure class=\"alignleft size-full is-resized\"><a href=\"https:\/\/enolife.com.ar\/es\/wp-content\/uploads\/2023\/01\/Imagen1-10.jpg\" data-rel=\"penci-gallery-image-content\" ><img loading=\"lazy\" decoding=\"async\" src=\"https:\/\/enolife.com.ar\/es\/wp-content\/uploads\/2023\/01\/Imagen1-10.jpg\" alt=\"\" class=\"wp-image-84741\" width=\"213\" height=\"236\"\/><\/a><figcaption class=\"wp-element-caption\"><strong><em>Williams Ropero<\/em><\/strong><\/figcaption><\/figure><\/div>\n\n\n<p>Uno de los primeros bodegueros en analizar el esquema de precios propuesto por estas 6 agrupaciones de vi\u00f1ateros fue <strong>Williams Ropero<\/strong>. Entrevistado hoy por los periodistas <strong>Pablo P\u00e9rez Delgado<\/strong> y<strong> Marcelo Bustos Herrera<\/strong>, en su programa \u00abConexi\u00f3n Agro\u00bb de Radio Nihuil, Ropero, quien tambi\u00e9n es en\u00f3logo, productor de uvas, presidente de la <strong>C\u00e1mara de Proveedores de Insumos Enol\u00f3gicos<\/strong> y titular de la empresa <strong>Centro Enol\u00f3gico Rivadavia<\/strong>, manifest\u00f3 su preocupaci\u00f3n por el hecho de que, de pagarse esos precios sugeridos para el kilo de uva, ese mayor costo deber\u00eda trasladarse a las botellas y otros envases en las g\u00f3ndolas de supermercados, y eso <em>\u00abterminar\u00eda impactando negativamente en el consumidor final\u00bb<\/em>. A continuaci\u00f3n, las reflexiones de Ropero:<\/p>\n\n\n\n<p><em>\u00abYo creo que estos precios sugeridos son un primer n\u00famero como para empezar a negociar<\/em>\u00bb -estim\u00f3 Ropero. Y agreg\u00f3: <em>\u00abPero en realidad estos n\u00fameros no se pueden convalidar hoy en la industria, compar\u00e1ndolos con los precios que se est\u00e1n manejando hoy en el mercado de traslado. Por ejemplo, si uno hace una cuenta r\u00e1pida, dividiendo el precio de la uva por 0,60, lo que nos da m\u00e1s o menos el precio del litro de vino en el mercado de traslado&#8230;<\/em> <em>Con esta cuenta, estar\u00edamos hablando de un blanco escurrido de $180 el litro, cuando hoy un valor normal es exactamente la mitad, $85 o $90. Los blancos de blanca quedar\u00edan en $220 y un tinto en $260, cuando hoy en realidad el mercado est\u00e1 convalidando $140 y $150, y venimos de antes de la helada con $90 y $100 el litro de tinto&#8230;<\/em> <\/p>\n\n\n\n<div style=\"height:25px\" aria-hidden=\"true\" class=\"wp-block-spacer\"><\/div>\n\n\n\n<blockquote class=\"wp-block-quote is-layout-flow wp-block-quote-is-layout-flow\">\n<p><em>\u00abLa verdad es que es una l\u00e1stima gastar tanta energ\u00eda en tratar de imponer un precio cuando sabemos que la industria no va a poder convalidar ese precio<\/em>.<\/p>\n<cite><strong>Williams Ropero, bodeguero y dirigente de la industria vitivin\u00edcola<\/strong><\/cite><\/blockquote>\n\n\n\n<div style=\"height:31px\" aria-hidden=\"true\" class=\"wp-block-spacer\"><\/div>\n\n\n\n<p>El empresario y dirigente vitivin\u00edcola hizo luego un llamado a encontrar el equilibrio deliberando entre las partes: <em>\u00abLa verdad es que es una l\u00e1stima gastar tanta energ\u00eda en tratar de imponer un precio cuando sabemos que la industria no va a poder convalidar ese precio, compar\u00e1ndolo con el nivel de precios que hay hoy en el mercado. Entonces yo digo que habr\u00eda que tratar de juntar gente de estas entidades con gente de la industria, lo cual s\u00e9 que no va a ser f\u00e1cil, pero tratar de ponerse de acuerdo, porque si no se gastan energ\u00edas por los dos lados en tratar de poner un precio para la uva, tanto por el lado del bodeguero como por el lado del vi\u00f1atero, que si no le buscamos la realidad, esto no se puede, y va a terminar impactando negativamente en el consumidor&#8230;<\/em>\u00ab. <\/p>\n\n\n\n<p>Fimalmente, Ropero realiz\u00f3 una proyecci\u00f3n sobre las consecuencias que podr\u00eda tener el encarecimiento excesivo de los precios al consumidor final: <em>\u00abEs una l\u00e1stima, porque consideramos que en este momento podr\u00eda estar equilibrada la producci\u00f3n con la venta y llegar\u00edamos a junio de 2024 con un stock muy acotado, lo que a su vez permitir\u00eda un buen nivel de precios constante durante todo el a\u00f1o&#8230; Sin embargo, con estos precios sugeridos seguir\u00eda sobrando vino, y al vino nosotros lo hacemos para venderlo, no para guardarlo\u00bb.<\/em><\/p>\n\n\n\n<div style=\"height:30px\" aria-hidden=\"true\" class=\"wp-block-spacer\"><\/div>\n\n\n\n<p class=\"has-medium-font-size\"><strong>El gobierno convoca a una \u00abmesa paritaria\u00bb para negociar el precio<\/strong><\/p>\n\n\n\n<p>Tambi\u00e9n como es habitual para esta \u00e9poca, el gobierno de Mendoza busca actuar como intermediario, acercando a productores primarios e industriales, en beneficio de la industria madre de Mendoza, generadora de decenas de miles de empleos. Ya se conoci\u00f3 que llamaron a un encuentro entre ambas partes para comienzos de febrero.<\/p>\n\n\n\n<div style=\"height:19px\" aria-hidden=\"true\" class=\"wp-block-spacer\"><\/div>\n\n\n\n<blockquote class=\"wp-block-quote is-layout-flow wp-block-quote-is-layout-flow\">\n<p><em>Nuestro inter\u00e9s es que se sienten la industria y el sector primario para buscar un punto de equlibiro que garantice la cadena en su conjunto<\/em>\u00ab.<\/p>\n<cite><strong>Sergio Moralejo, subsecretario de Agricultura y Ganader\u00eda del gobierno de Mendoza<\/strong><\/cite><\/blockquote>\n\n\n\n<div style=\"height:23px\" aria-hidden=\"true\" class=\"wp-block-spacer\"><\/div>\n\n\n<div class=\"wp-block-image\">\n<figure class=\"alignleft size-full is-resized\"><a href=\"https:\/\/enolife.com.ar\/es\/wp-content\/uploads\/2023\/01\/image-42.png\" data-rel=\"penci-gallery-image-content\" ><img loading=\"lazy\" decoding=\"async\" src=\"https:\/\/enolife.com.ar\/es\/wp-content\/uploads\/2023\/01\/image-42.png\" alt=\"\" class=\"wp-image-84743\" width=\"213\" height=\"213\" srcset=\"https:\/\/enolife.com.ar\/es\/wp-content\/uploads\/2023\/01\/image-42.png 500w, https:\/\/enolife.com.ar\/es\/wp-content\/uploads\/2023\/01\/image-42-300x300.png 300w, https:\/\/enolife.com.ar\/es\/wp-content\/uploads\/2023\/01\/image-42-150x150.png 150w\" sizes=\"auto, (max-width: 213px) 100vw, 213px\" \/><\/a><figcaption class=\"wp-element-caption\"><em><strong>Sergio Moralejo<\/strong><\/em><\/figcaption><\/figure><\/div>\n\n\n<p>Al respecto, <strong>Sergio Moralejo, <\/strong>subsecretario de<strong> Agricultura y Ganader\u00eda de Mendoza<\/strong>, consultado por diario <strong>Los Andes<\/strong>, detall\u00f3: <em>\u201cSe va a citar a las entidades bodegueras y a los representantes de los vi\u00f1ateros, de modo que se genere un \u00e1mbito para discutir el precio de las uvas de vinificaci\u00f3n y mostos.&nbsp;Queremos que sea una suerte de mesa paritaria, que acuerden entre ellos en base a la oferta y la demanda\u201d.<\/em><\/p>\n\n\n\n<p>Y agreg\u00f3 el funcionario: <em>\u201cNuestro inter\u00e9s es que se sienten la industria y el sector primario para buscar un punto de equlibiro que garantice la cadena en su conjunto. Que los productores obtengan no solamente para pagar los costos, sino un poco de ganancia en el marco inflacionario actual y que la industria sea competitiva en un mercado cada vez m\u00e1s sustitutivo.<strong>&nbsp;<\/strong>La cuesti\u00f3n es lograr que toda la cadena funcione\u201d.<\/em><\/p>\n\n\n\n<div style=\"height:34px\" aria-hidden=\"true\" class=\"wp-block-spacer\"><\/div>\n\n\n\n<div style=\"height:51px\" aria-hidden=\"true\" class=\"wp-block-spacer\"><\/div>\n","protected":false},"excerpt":{"rendered":"<p>Como cada a\u00f1o para esta \u00e9poca, con la cosecha reci\u00e9n iniciada, las distintas asociaciones de&hellip;<\/p>\n","protected":false},"author":3,"featured_media":84657,"comment_status":"open","ping_status":"open","sticky":false,"template":"","format":"standard","meta":{"footnotes":""},"categories":[14],"tags":[],"class_list":["post-84640","post","type-post","status-publish","format-standard","has-post-thumbnail","hentry","category-news"],"_links":{"self":[{"href":"https:\/\/enolife.com.ar\/es\/wp-json\/wp\/v2\/posts\/84640","targetHints":{"allow":["GET"]}}],"collection":[{"href":"https:\/\/enolife.com.ar\/es\/wp-json\/wp\/v2\/posts"}],"about":[{"href":"https:\/\/enolife.com.ar\/es\/wp-json\/wp\/v2\/types\/post"}],"author":[{"embeddable":true,"href":"https:\/\/enolife.com.ar\/es\/wp-json\/wp\/v2\/users\/3"}],"replies":[{"embeddable":true,"href":"https:\/\/enolife.com.ar\/es\/wp-json\/wp\/v2\/comments?post=84640"}],"version-history":[{"count":0,"href":"https:\/\/enolife.com.ar\/es\/wp-json\/wp\/v2\/posts\/84640\/revisions"}],"wp:featuredmedia":[{"embeddable":true,"href":"https:\/\/enolife.com.ar\/es\/wp-json\/wp\/v2\/media\/84657"}],"wp:attachment":[{"href":"https:\/\/enolife.com.ar\/es\/wp-json\/wp\/v2\/media?parent=84640"}],"wp:term":[{"taxonomy":"category","embeddable":true,"href":"https:\/\/enolife.com.ar\/es\/wp-json\/wp\/v2\/categories?post=84640"},{"taxonomy":"post_tag","embeddable":true,"href":"https:\/\/enolife.com.ar\/es\/wp-json\/wp\/v2\/tags?post=84640"}],"curies":[{"name":"wp","href":"https:\/\/api.w.org\/{rel}","templated":true}]}}