{"id":84631,"date":"2023-01-24T14:53:28","date_gmt":"2023-01-24T14:53:28","guid":{"rendered":"https:\/\/enolife.com.ar\/es\/?p=84631"},"modified":"2023-01-25T17:08:37","modified_gmt":"2023-01-25T17:08:37","slug":"del-24-1-al-27-1-mendoza-informa-a-agricultores-del-este-sobre-lineas-de-financiamiento-disponibles","status":"publish","type":"post","link":"https:\/\/enolife.com.ar\/es\/del-24-1-al-27-1-mendoza-informa-a-agricultores-del-este-sobre-lineas-de-financiamiento-disponibles\/","title":{"rendered":"Del 24\/1 al 27\/1, Mendoza informa a agricultores del Este sobre l\u00edneas de financiamiento disponibles"},"content":{"rendered":"\n<h4 class=\"wp-block-heading\"><em><strong>El Ministerio de Econom\u00eda mendocino brindar\u00e1 asesoramiento a productores agr\u00edcolas del Este de la provincia sobre las l\u00edneas de financiamiento y programas de asistencia disponibles para el sector.&nbsp;Las charlas se est\u00e1n dando desde hoy 24\/1 al 27\/1, de 8 a 14 hs, en el Polideportivo Municipal N\u00b0 1 de Jun\u00edn, Mendoza, a cargo de funcionarios de los 5 municipios este\u00f1os, referentes del Fondo para la Transformaci\u00f3n y el Crecimiento (FTyC), del Instituto de Desarrollo Rural (IDR), de la Direcci\u00f3n de Contingencias Clim\u00e1ticas (DCC), de Mendoza Fiduciaria y de la Direcci\u00f3n de Cooperativas.<\/strong><\/em><\/h4>\n\n\n\n<div style=\"height:34px\" aria-hidden=\"true\" class=\"wp-block-spacer\"><\/div>\n\n\n<a href=\"https:\/\/www.linkedin.com\/company\/agrinet-sa\/?originalSubdomain=ar\" aria-label=\"1700X500\"><img loading=\"lazy\" decoding=\"async\" src=\"https:\/\/enolife.com.ar\/es\/wp-content\/uploads\/2021\/11\/1700X500.gif\" alt=\"\"  width=\"1700\" height=\"500\"   \/><\/a>\n\n\n<div style=\"height:41px\" aria-hidden=\"true\" class=\"wp-block-spacer\"><\/div>\n\n\n\n<p>Productores de los departamentos mendocinos de San Mart\u00edn, Jun\u00edn, Rivadavia, Santa Rosa y La Paz tendr\u00e1n la posibilidad de asesorarse e inscribirse en las diferentes l\u00edneas de financiamiento que ofrece la Provincia de Mendoza al sector agr\u00edcola. <\/p>\n\n\n\n<div style=\"height:32px\" aria-hidden=\"true\" class=\"wp-block-spacer\"><\/div>\n\n\n\n<p class=\"has-background\" style=\"background-color:#abb7c273\"><strong>Los encuentros se dar\u00e1n durante 4 jornadas, del martes 24 hasta el viernes 27\/1, de 8 a 14 horas, en el Polideportivo Municipal N\u00b0 1 de Jun\u00edn (San Mart\u00edn 59), frente a la plaza departamental Juan B. Alberdi.&nbsp;&nbsp;<\/strong><\/p>\n\n\n\n<div style=\"height:28px\" aria-hidden=\"true\" class=\"wp-block-spacer\"><\/div>\n\n\n<div class=\"wp-block-image\">\n<figure class=\"alignleft size-full is-resized\"><a href=\"https:\/\/enolife.com.ar\/es\/wp-content\/uploads\/2023\/01\/image-34.png\" data-rel=\"penci-gallery-image-content\" ><img loading=\"lazy\" decoding=\"async\" src=\"https:\/\/enolife.com.ar\/es\/wp-content\/uploads\/2023\/01\/image-34.png\" alt=\"\" class=\"wp-image-84632\" width=\"303\" height=\"363\" srcset=\"https:\/\/enolife.com.ar\/es\/wp-content\/uploads\/2023\/01\/image-34.png 700w, https:\/\/enolife.com.ar\/es\/wp-content\/uploads\/2023\/01\/image-34-250x300.png 250w, https:\/\/enolife.com.ar\/es\/wp-content\/uploads\/2023\/01\/image-34-585x702.png 585w\" sizes=\"auto, (max-width: 303px) 100vw, 303px\" \/><\/a><\/figure><\/div>\n\n\n<p>Al respecto,&nbsp;<strong>Valentina Navarro Canafoglia, <\/strong>directora provincial de Agricultura, explic\u00f3: <em>\u201cSon cuatro d\u00edas donde pondremos a disposici\u00f3n de nuestros productores toda la oferta disponible en cuanto a l\u00edneas de cr\u00e9dito orientadas al sector productivo. Adem\u00e1s, se asesorar\u00e1 sobre las herramientas para todos aquellos productores en estado de emergencia o desastre que est\u00e1n a disposici\u00f3n desde las distintas entidades que participar\u00e1n\u201d<\/em>.&nbsp;&nbsp;<\/p>\n\n\n\n<p>Y detall\u00f3: <em>\u201cAdem\u00e1s de contar con la participaci\u00f3n de los cinco municipios del Este, estar\u00e1n referentes del Fondo para la Transformaci\u00f3n y el Crecimiento (FTyC), del Instituto de Desarrollo Rural (IDR), la Direcci\u00f3n de Contingencias Clim\u00e1ticas (DCC), Mendoza Fiduciaria y la Direcci\u00f3n de Cooperativas\u201d<\/em>.&nbsp;&nbsp;<\/p>\n\n\n\n<p>Es importante destacar tambi\u00e9n que, seg\u00fan Navarro Canafoglia, la Direcci\u00f3n de Contingencias Clim\u00e1ticas recibir\u00e1 denuncias por los da\u00f1os ocasionados en cultivos alcanzados por la ca\u00edda granizo, para lo cual hay tiempo hasta el jueves 26 de enero.&nbsp;&nbsp;<\/p>\n\n\n\n<p>Durante las charlas tambi\u00e9n se brindar\u00e1n detalles de las distintas l\u00edneas que proponen la 4ta. edici\u00f3n del programa de fomento a la inversi\u00f3n privada Mendoza Activa Eficiencia como, as\u00ed tambi\u00e9n, programas de sostenimiento al empleo tales como Enlace, Enlazados y Recuperagro.&nbsp;&nbsp;<\/p>\n\n\n\n<div style=\"height:38px\" aria-hidden=\"true\" class=\"wp-block-spacer\"><\/div>\n\n\n\n<p class=\"has-medium-font-size\"><strong>Entregar\u00e1n 600 bolsas de oxicloruro de cobre a daminificados del granizo<\/strong><\/p>\n\n\n<div class=\"wp-block-image\">\n<figure class=\"alignleft size-full is-resized\"><a href=\"https:\/\/enolife.com.ar\/es\/wp-content\/uploads\/2023\/01\/eco1-700x314-1.jpg\" data-rel=\"penci-gallery-image-content\" ><img loading=\"lazy\" decoding=\"async\" src=\"https:\/\/enolife.com.ar\/es\/wp-content\/uploads\/2023\/01\/eco1-700x314-1.jpg\" alt=\"\" class=\"wp-image-84678\" width=\"348\" height=\"232\" srcset=\"https:\/\/enolife.com.ar\/es\/wp-content\/uploads\/2023\/01\/eco1-700x314-1.jpg 428w, https:\/\/enolife.com.ar\/es\/wp-content\/uploads\/2023\/01\/eco1-700x314-1-300x200.jpg 300w\" sizes=\"auto, (max-width: 348px) 100vw, 348px\" \/><\/a><figcaption class=\"wp-element-caption\"><em><strong>Las bolsas de oxicloruro de cobre<\/strong><\/em>.<\/figcaption><\/figure><\/div>\n\n\n<p>Desde el lunes 16\/1, el Iscamen y los municipios del Este mendocino est\u00e1n llevando a cabo un operativo de entrega de <strong>600 bolsas de oxicloruro de cobre<\/strong> a productores que sufrieron da\u00f1os en sus cultivos a ra\u00edz de la ca\u00edda de granizo<strong> <\/strong>del mi\u00e9rcoles 11\/1, que habr\u00eda alcanzado a unas <strong>7.900 hect\u00e1reas.<\/strong>&nbsp;<\/p>\n\n\n\n<p>Todos aquellos productores que hayan realizado la denuncia correspondiente pueden acceder a este beneficio acerc\u00e1ndose a la delegaci\u00f3n del Iscamen en San Mart\u00edn con su DNI, constancia de Registro \u00danico de la Tierra (RUT) y la denuncia.&nbsp;<\/p>\n\n\n\n<p>Seg\u00fan detallaron la entrega del oxicloruro de cobre se realiza en base a la cantidad de hect\u00e1reas que han sido afectadas calculando en promedio 2 kilos por hect\u00e1rea da\u00f1ada.&nbsp;<\/p>\n\n\n\n<div style=\"height:33px\" aria-hidden=\"true\" class=\"wp-block-spacer\"><\/div>\n\n\n\n<p class=\"has-background\" style=\"background-color:#abb7c273\"><strong>En cuanto a los productores de Rivadavia podr\u00e1n retirar su bolsa el pr\u00f3ximo viernes 20 y el mi\u00e9rcoles 25\/1, de 8 a 12 hs en las instalaciones de San Isidro Sur, S\/N, Dep\u00f3sito Sur de la Municipalidad (pegado al \u00e1rea de Zoonosis).&nbsp;<\/strong><\/p>\n\n\n\n<div style=\"height:40px\" aria-hidden=\"true\" class=\"wp-block-spacer\"><\/div>\n\n\n\n<div style=\"height:36px\" aria-hidden=\"true\" class=\"wp-block-spacer\"><\/div>\n","protected":false},"excerpt":{"rendered":"<p>El Ministerio de Econom\u00eda mendocino brindar\u00e1 asesoramiento a productores agr\u00edcolas del Este de la provincia&hellip;<\/p>\n","protected":false},"author":3,"featured_media":84684,"comment_status":"open","ping_status":"open","sticky":false,"template":"","format":"standard","meta":{"footnotes":""},"categories":[14],"tags":[],"class_list":["post-84631","post","type-post","status-publish","format-standard","has-post-thumbnail","hentry","category-news"],"_links":{"self":[{"href":"https:\/\/enolife.com.ar\/es\/wp-json\/wp\/v2\/posts\/84631","targetHints":{"allow":["GET"]}}],"collection":[{"href":"https:\/\/enolife.com.ar\/es\/wp-json\/wp\/v2\/posts"}],"about":[{"href":"https:\/\/enolife.com.ar\/es\/wp-json\/wp\/v2\/types\/post"}],"author":[{"embeddable":true,"href":"https:\/\/enolife.com.ar\/es\/wp-json\/wp\/v2\/users\/3"}],"replies":[{"embeddable":true,"href":"https:\/\/enolife.com.ar\/es\/wp-json\/wp\/v2\/comments?post=84631"}],"version-history":[{"count":0,"href":"https:\/\/enolife.com.ar\/es\/wp-json\/wp\/v2\/posts\/84631\/revisions"}],"wp:featuredmedia":[{"embeddable":true,"href":"https:\/\/enolife.com.ar\/es\/wp-json\/wp\/v2\/media\/84684"}],"wp:attachment":[{"href":"https:\/\/enolife.com.ar\/es\/wp-json\/wp\/v2\/media?parent=84631"}],"wp:term":[{"taxonomy":"category","embeddable":true,"href":"https:\/\/enolife.com.ar\/es\/wp-json\/wp\/v2\/categories?post=84631"},{"taxonomy":"post_tag","embeddable":true,"href":"https:\/\/enolife.com.ar\/es\/wp-json\/wp\/v2\/tags?post=84631"}],"curies":[{"name":"wp","href":"https:\/\/api.w.org\/{rel}","templated":true}]}}