{"id":84629,"date":"2023-01-21T02:25:09","date_gmt":"2023-01-21T02:25:09","guid":{"rendered":"https:\/\/enolife.com.ar\/es\/?p=84629"},"modified":"2023-01-23T15:05:10","modified_gmt":"2023-01-23T15:05:10","slug":"con-tickets-de-1-200-a-2-000-el-23-1-arranca-la-venta-online-para-la-fiesta-de-la-vendimia","status":"publish","type":"post","link":"https:\/\/enolife.com.ar\/es\/con-tickets-de-1-200-a-2-000-el-23-1-arranca-la-venta-online-para-la-fiesta-de-la-vendimia\/","title":{"rendered":"Con tickets de $1.200 a $2.000, el 23\/1 arranca la venta online para la Fiesta de la Vendimia"},"content":{"rendered":"\n<h4 class=\"wp-block-heading\"><em><strong>Desde el Ministerio de Cultura y Turismo de Mendoza informaron que el pr\u00f3ximo lunes 23, desde las 9 hs, quedar\u00e1 habilitada la venta de entradas por internet para el acto central y las repeticiones de la Fiesta Nacional de la Vendimia 2023. Se podr\u00e1n adquirir a trav\u00e9s de Entradaweb y a partir del 22\/2 deber\u00e1n canjearse por los tickets impresos en los centros habilitados. Los valores del Acto Central ser\u00e1n, para el sector Malbec, $2.000; Tempranillo $1.700, Cabernet $1.300 y Bonarda y Chardonay $1.200. En cuanto a la 1ra y 2da repetici\u00f3n, el valor es de $ 1.000 para todos los sectores.<\/strong><\/em><\/h4>\n\n\n\n<div style=\"height:34px\" aria-hidden=\"true\" class=\"wp-block-spacer\"><\/div>\n\n\n<a href=\"https:\/\/ar.verallia.com\/\" aria-label=\"VERALLIA 1700 x 500\"><img loading=\"lazy\" decoding=\"async\" src=\"https:\/\/enolife.com.ar\/es\/wp-content\/uploads\/2021\/04\/VERALLIA-1700-x-500.jpg\" alt=\"\"  srcset=\"https:\/\/enolife.com.ar\/es\/wp-content\/uploads\/2021\/04\/VERALLIA-1700-x-500.jpg 1700w, https:\/\/enolife.com.ar\/es\/wp-content\/uploads\/2021\/04\/VERALLIA-1700-x-500-300x88.jpg 300w, https:\/\/enolife.com.ar\/es\/wp-content\/uploads\/2021\/04\/VERALLIA-1700-x-500-1024x301.jpg 1024w, https:\/\/enolife.com.ar\/es\/wp-content\/uploads\/2021\/04\/VERALLIA-1700-x-500-768x226.jpg 768w, https:\/\/enolife.com.ar\/es\/wp-content\/uploads\/2021\/04\/VERALLIA-1700-x-500-1536x452.jpg 1536w, https:\/\/enolife.com.ar\/es\/wp-content\/uploads\/2021\/04\/VERALLIA-1700-x-500-1170x344.jpg 1170w, https:\/\/enolife.com.ar\/es\/wp-content\/uploads\/2021\/04\/VERALLIA-1700-x-500-585x172.jpg 585w\" sizes=\"auto, (max-width: 1700px) 100vw, 1700px\" width=\"1700\" height=\"500\"   \/><\/a>\n\n\n<div style=\"height:44px\" aria-hidden=\"true\" class=\"wp-block-spacer\"><\/div>\n\n\n\n<p>El s\u00e1bado 4, domingo 5 y lunes 6 de marzo, Mendoza se viste de gala y abre las puertas del imponente Teatro Griego Frank Romero Day para celebrar su fiesta mayor, este a\u00f1o denominada \u00abJuglares de Vendimia, un canto a la naturaleza\u00bb,  con la direcci\u00f3n de Franco Ag\u00fcero y el gui\u00f3n de Jorgelina Flores. <\/p>\n\n\n\n<p>Para quienes quieran disfrutar de esta gran celebraci\u00f3n, la venta on line de las entradas comenzar\u00e1 el <strong>lunes 23 de enero a las 9 hs<\/strong>, a trav\u00e9s de&nbsp;<strong><a href=\"http:\/\/www.entradaweb.com.ar\/\" target=\"_blank\" rel=\"noreferrer noopener\">www.entradaweb.com.ar<\/a> <\/strong>sin costo adicional, y<strong> del 22 de febrero al 6 de marzo deber\u00e1n canjearse por los tickets impresos<\/strong> en los centros habilitados: Teatro Independencia, Espacio Julio Le Parc y edificio de Cultura (Guti\u00e9rrez y Av. Espa\u00f1a), y en el resto de la provincia se informar\u00e1 pr\u00f3ximamente cu\u00e1les ser\u00e1n los lugares de canje.<\/p>\n\n\n\n<p>Se podr\u00e1n adquirir hasta 4 entradas por DNI y por noche. Los ni\u00f1os mayores de 3 a\u00f1os pagan entrada.<\/p>\n\n\n\n<div style=\"height:25px\" aria-hidden=\"true\" class=\"wp-block-spacer\"><\/div>\n\n\n\n<p class=\"has-text-align-center has-background\" style=\"background-color:#abb7c278\"><strong>Precios de las entradas<\/strong><\/p>\n\n\n\n<p class=\"has-text-align-center\"><strong>Acto Central:<\/strong><\/p>\n\n\n\n<p class=\"has-text-align-center\"><strong>Sector Malbec: $2.000<\/strong><br><strong>Sector Tempranillo: $1.700<\/strong><br><strong>Sector Cabernet, $1.300<\/strong><br><strong>Sectores Bonarda y Chardonay: $1.200<\/strong><\/p>\n\n\n<div class=\"wp-block-image\">\n<figure class=\"aligncenter size-full is-resized\"><a href=\"https:\/\/enolife.com.ar\/es\/wp-content\/uploads\/2023\/01\/image-38.png\" data-rel=\"penci-gallery-image-content\" ><img loading=\"lazy\" decoding=\"async\" src=\"https:\/\/enolife.com.ar\/es\/wp-content\/uploads\/2023\/01\/image-38.png\" alt=\"\" class=\"wp-image-84700\" width=\"445\" height=\"319\" srcset=\"https:\/\/enolife.com.ar\/es\/wp-content\/uploads\/2023\/01\/image-38.png 679w, https:\/\/enolife.com.ar\/es\/wp-content\/uploads\/2023\/01\/image-38-300x215.png 300w, https:\/\/enolife.com.ar\/es\/wp-content\/uploads\/2023\/01\/image-38-585x420.png 585w\" sizes=\"auto, (max-width: 445px) 100vw, 445px\" \/><\/a><\/figure><\/div>\n\n\n<p class=\"has-text-align-center\"><strong>Las repeticiones <\/strong>del 5 y 6\/3 tendr\u00e1n un valor general para todos los sectores de<strong> $1.000.<\/strong><\/p>\n\n\n\n<div style=\"height:40px\" aria-hidden=\"true\" class=\"wp-block-spacer\"><\/div>\n\n\n\n<p class=\"has-medium-font-size\"><strong>Sector Torront\u00e9s, reservado para personas con discapacidad<\/strong><\/p>\n\n\n\n<p>El sector Torront\u00e9s no se comercializa porque est\u00e1 destinado a personas con discapacidad, tanto para el Acto Central como para las repeticiones. <strong>La reserva de entradas para este sector deber\u00e1 realizarse escribiendo a&nbsp;<a href=\"mailto:mendozaincluye2023@gmail.com\" target=\"_blank\" rel=\"noreferrer noopener\">mendozaincluye2023@gmail.com<\/a><\/strong>.&nbsp;<\/p>\n\n\n\n<p>Se deber\u00e1n consignar los siguientes datos: nombre y apellido, DNI,  tipo de discapacidad,  si utiliza silla de ruedas para desplazarse y, en el \u00abasunto\u00bb del mail, la noche a la que desea concurrir escribi\u00e9ndolo con el siguiente formato \u00abActo Central (S\u00e1bado 4\/3)\u00bb, \u00abPrimera Repetici\u00f3n (domingo 5\/3)\u00bb o \u00abSegunda Repetici\u00f3n (lunes 6\/3)\u00bb.<\/p>\n\n\n\n<p>Cabe destacar que a los inscriptos se les informar\u00e1 por correo electr\u00f3nico el d\u00eda y lugar para retirar los tickets f\u00edsicos. Siempre se entregar\u00e1n dos entradas, porque las personas con discapacidad deber\u00e1n asistir con un acompa\u00f1ante. Solamente se entregar\u00e1n entradas a las personas que presenten el Certificado \u00danico de Discapacidad (CUD) vigente y documento de identidad.<\/p>\n\n\n\n<div style=\"height:42px\" aria-hidden=\"true\" class=\"wp-block-spacer\"><\/div>\n","protected":false},"excerpt":{"rendered":"<p>Desde el Ministerio de Cultura y Turismo de Mendoza informaron que el pr\u00f3ximo lunes 23,&hellip;<\/p>\n","protected":false},"author":3,"featured_media":84708,"comment_status":"open","ping_status":"open","sticky":false,"template":"","format":"standard","meta":{"footnotes":""},"categories":[14],"tags":[],"class_list":["post-84629","post","type-post","status-publish","format-standard","has-post-thumbnail","hentry","category-news"],"_links":{"self":[{"href":"https:\/\/enolife.com.ar\/es\/wp-json\/wp\/v2\/posts\/84629","targetHints":{"allow":["GET"]}}],"collection":[{"href":"https:\/\/enolife.com.ar\/es\/wp-json\/wp\/v2\/posts"}],"about":[{"href":"https:\/\/enolife.com.ar\/es\/wp-json\/wp\/v2\/types\/post"}],"author":[{"embeddable":true,"href":"https:\/\/enolife.com.ar\/es\/wp-json\/wp\/v2\/users\/3"}],"replies":[{"embeddable":true,"href":"https:\/\/enolife.com.ar\/es\/wp-json\/wp\/v2\/comments?post=84629"}],"version-history":[{"count":0,"href":"https:\/\/enolife.com.ar\/es\/wp-json\/wp\/v2\/posts\/84629\/revisions"}],"wp:featuredmedia":[{"embeddable":true,"href":"https:\/\/enolife.com.ar\/es\/wp-json\/wp\/v2\/media\/84708"}],"wp:attachment":[{"href":"https:\/\/enolife.com.ar\/es\/wp-json\/wp\/v2\/media?parent=84629"}],"wp:term":[{"taxonomy":"category","embeddable":true,"href":"https:\/\/enolife.com.ar\/es\/wp-json\/wp\/v2\/categories?post=84629"},{"taxonomy":"post_tag","embeddable":true,"href":"https:\/\/enolife.com.ar\/es\/wp-json\/wp\/v2\/tags?post=84629"}],"curies":[{"name":"wp","href":"https:\/\/api.w.org\/{rel}","templated":true}]}}