{"id":84593,"date":"2023-01-20T18:05:13","date_gmt":"2023-01-20T18:05:13","guid":{"rendered":"https:\/\/enolife.com.ar\/es\/?p=84593"},"modified":"2023-01-22T23:31:30","modified_gmt":"2023-01-22T23:31:30","slug":"avm-obsequio-a-junin-un-mural-de-ceramica-de-la-virgen-de-la-carrodilla-patrona-de-los-vinateros","status":"publish","type":"post","link":"https:\/\/enolife.com.ar\/es\/avm-obsequio-a-junin-un-mural-de-ceramica-de-la-virgen-de-la-carrodilla-patrona-de-los-vinateros\/","title":{"rendered":"AVM obsequi\u00f3 a Jun\u00edn un mural de cer\u00e1mica de la Virgen de la Carrodilla, patrona de los vi\u00f1ateros"},"content":{"rendered":"\n<h4 class=\"wp-block-heading\"><em><strong>La Asociaci\u00f3n Vi\u00f1ateros de Mendoza (AVM) y la Municipalidad de Jun\u00edn inauguraron, el 18 de enero, un mural de cer\u00e1mica con la imagen de la Virgen de la Carrodilla en la Rotonda de Nuevo Mundo, espacio compartido entre los departamentos de Jun\u00edn y Rivadavia. La obra fue creada por la ceramista mendocina Marta Isabel Moyano y es la primera de una serie de 4 similares que ser\u00e1n colocadas en distintos puntos de la provincia. El objetivo, seg\u00fan explicarlon desde AVM, \u00abes mantener vigentes los valores vendimiales y el deseo de miles de productores de entronizar a nuestra Patrona de los Vi\u00f1edos\u00bb.<\/strong><\/em><\/h4>\n\n\n\n<div style=\"height:36px\" aria-hidden=\"true\" class=\"wp-block-spacer\"><\/div>\n\n\n\n\n\n<div style=\"height:47px\" aria-hidden=\"true\" class=\"wp-block-spacer\"><\/div>\n\n\n\n<p>En el marco del 164\u00b0 aniversario del departamento mendocino de Jun\u00edn, la Asociaci\u00f3n de Vi\u00f1ateros de Mendoza hizo entrega de un mural de cer\u00e1mica con la imagen de la Virgen de la Carrodilla, que fue ubicado en la Rotonda de Mundo Nuevo compartida entre Jun\u00edn y Rivadavia. El lugar fue concedido por el intendente H\u00e9ctor Ruiz, gracias a las gestiones realizadas por la ingeniera agr\u00f3noma de AVM Yoana Aliotta y el productor asociado Eduardo Erario.<\/p>\n\n\n\n<div style=\"height:25px\" aria-hidden=\"true\" class=\"wp-block-spacer\"><\/div>\n\n\n<div class=\"wp-block-image\">\n<figure class=\"aligncenter size-full is-resized\"><a href=\"https:\/\/enolife.com.ar\/es\/wp-content\/uploads\/2023\/01\/WhatsApp-Image-2023-01-19-at-20.16.36-1-1024x768-1.jpeg\" data-rel=\"penci-gallery-image-content\" ><img loading=\"lazy\" decoding=\"async\" src=\"https:\/\/enolife.com.ar\/es\/wp-content\/uploads\/2023\/01\/WhatsApp-Image-2023-01-19-at-20.16.36-1-1024x768-1.jpeg\" alt=\"\" class=\"wp-image-84618\" width=\"550\" height=\"441\" srcset=\"https:\/\/enolife.com.ar\/es\/wp-content\/uploads\/2023\/01\/WhatsApp-Image-2023-01-19-at-20.16.36-1-1024x768-1.jpeg 499w, https:\/\/enolife.com.ar\/es\/wp-content\/uploads\/2023\/01\/WhatsApp-Image-2023-01-19-at-20.16.36-1-1024x768-1-300x240.jpeg 300w\" sizes=\"auto, (max-width: 550px) 100vw, 550px\" \/><\/a><figcaption class=\"wp-element-caption\"><em><strong>La ceremonia de inauguraci\u00f3n en la Rotonda de Nuevo Mundo<\/strong><\/em><\/figcaption><\/figure><\/div>\n\n\n<div style=\"height:25px\" aria-hidden=\"true\" class=\"wp-block-spacer\"><\/div>\n\n\n\n<p>La iniciativa naci\u00f3 de la entidad vi\u00f1atera en julio de 2022 cuando encomend\u00f3 a la ceramista mendocina Marta Isabel Moyano la creaci\u00f3n de 4 murales de 1,60 m de alto por 1 m de ancho, realizados con la t\u00e9cnica de may\u00f3licas con la imagen de la Patrona de los Vi\u00f1edos, con la intenci\u00f3n de llevar con un mensaje de salud, paz y trabajo a los 4 oasis productivos de la provincia: Zona Este, Sur, Valle de Uco y Lavalle. <\/p>\n\n\n\n<p>Luego de dar las gracias a funcionarios y productores, <strong>Eduardo C\u00f3rdoba, presidente de AVM <\/strong>expres\u00f3 <em>\u00abCada a\u00f1o se ha hecho dif\u00edcil sostenernos. Nosotros somos los que hacemos posible la vendimia en Mendoza y los subproductos que salen de nuestras uvas como el turismo. Por eso, queremos dar en cada oasis un mensaje de amor por nuestra actividad y acompa\u00f1amiento de nuestra patrona de los vi\u00f1edos\u201d<\/em>.<\/p>\n\n\n\n<p>Por su parte, <strong>H\u00e9ctor Ruiz, intendente de Jun\u00edn<\/strong>, se mostr\u00f3 predispuesto a seguir trabajando con la entidad en pos del progreso de los productores y dijo <em>\u201cHemos mantenido encuentros de trabajo fruct\u00edferos con la Asociaci\u00f3n. Sabemos que los productores la est\u00e1n pasando mal, y desde el Estado municipal y provincial estamos acompa\u00f1ando. Estoy muy contento de tener en Jun\u00edn esta obra que trae los sentimientos m\u00e1s emotivos de nuestra querida vendimia\u201d<\/em>.<\/p>\n\n\n\n<div style=\"height:25px\" aria-hidden=\"true\" class=\"wp-block-spacer\"><\/div>\n\n\n<div class=\"wp-block-image\">\n<figure class=\"aligncenter size-full\"><a href=\"https:\/\/enolife.com.ar\/es\/wp-content\/uploads\/2023\/01\/WhatsApp-Image-2023-01-19-at-07.53.09-1-1024x768-1.jpeg\" data-rel=\"penci-gallery-image-content\" ><img loading=\"lazy\" decoding=\"async\" width=\"518\" height=\"400\" src=\"https:\/\/enolife.com.ar\/es\/wp-content\/uploads\/2023\/01\/WhatsApp-Image-2023-01-19-at-07.53.09-1-1024x768-1.jpeg\" alt=\"\" class=\"wp-image-84619\" srcset=\"https:\/\/enolife.com.ar\/es\/wp-content\/uploads\/2023\/01\/WhatsApp-Image-2023-01-19-at-07.53.09-1-1024x768-1.jpeg 518w, https:\/\/enolife.com.ar\/es\/wp-content\/uploads\/2023\/01\/WhatsApp-Image-2023-01-19-at-07.53.09-1-1024x768-1-300x232.jpeg 300w\" sizes=\"auto, (max-width: 518px) 100vw, 518px\" \/><\/a><figcaption class=\"wp-element-caption\"><em><strong>El vicegobernador de Mendoza Mario Abed junto a productores y funcionarios departamentales<\/strong><\/em><\/figcaption><\/figure><\/div>\n\n\n<div style=\"height:25px\" aria-hidden=\"true\" class=\"wp-block-spacer\"><\/div>\n\n\n\n<p>De la inauguraci\u00f3n participaron Mario Abed, vicegobernador de Mendoza; H\u00e9ctor Ruiz, intendente de Jun\u00edn; Ra\u00fal Rufeil, intendente de San Mart\u00edn; Hern\u00e1n Amat, presidente del HCD de Rivadavia; Ricardo Morcos, presidente del HCD Jun\u00edn; la concejal Lourdes Sosa; Sandra Astudillo, diputada provincial; Eduardo C\u00f3rdoba, presidente de la Asociaci\u00f3n de Vi\u00f1ateros de Mendoza; Ana Paula Rodr\u00edguez, reina departamental de la Vendimia; funcionarios y vecinos.<\/p>\n\n\n\n<div style=\"height:40px\" aria-hidden=\"true\" class=\"wp-block-spacer\"><\/div>\n\n\n\n<p class=\"has-medium-font-size\"><strong>La artista<\/strong><\/p>\n\n\n\n<p><strong>Marta&nbsp;Isabel Moyano<\/strong>&nbsp;cuenta con una trayectoria creativa de 33 a\u00f1os. Es ceramista egresada de la Facultad de Artes de la&nbsp;<strong>UNCuyo<\/strong>, con posgrado en la Universidad de&nbsp;<strong>Faenza, Italia.<\/strong>&nbsp;Su especialidad son los revestimientos, pero su devoci\u00f3n la ha llevado a transitar la imaginar\u00eda religiosa.<\/p>\n\n\n\n<div style=\"height:29px\" aria-hidden=\"true\" class=\"wp-block-spacer\"><\/div>\n\n\n<div class=\"wp-block-image\">\n<figure class=\"aligncenter size-full is-resized\"><a href=\"https:\/\/enolife.com.ar\/es\/wp-content\/uploads\/2023\/01\/image-33.png\" data-rel=\"penci-gallery-image-content\" ><img loading=\"lazy\" decoding=\"async\" src=\"https:\/\/enolife.com.ar\/es\/wp-content\/uploads\/2023\/01\/image-33.png\" alt=\"\" class=\"wp-image-84605\" width=\"346\" height=\"461\" srcset=\"https:\/\/enolife.com.ar\/es\/wp-content\/uploads\/2023\/01\/image-33.png 585w, https:\/\/enolife.com.ar\/es\/wp-content\/uploads\/2023\/01\/image-33-225x300.png 225w\" sizes=\"auto, (max-width: 346px) 100vw, 346px\" \/><\/a><figcaption class=\"wp-element-caption\"><em><strong>Marta&nbsp;Isabel Moyano en acci\u00f3n<\/strong><\/em><\/figcaption><\/figure><\/div>\n\n\n<div style=\"height:30px\" aria-hidden=\"true\" class=\"wp-block-spacer\"><\/div>\n\n\n\n<p>Cuando le encargaron la obra manifest\u00f3 que <em>\u00abLos hago con mucho respeto. El rostro de un santo o una virgen tiene que sacar, de su creador, una oraci\u00f3n o un agradecimiento. Tiene grandes dificultades t\u00e9cnicas, una de las principales, al trabajar en la cer\u00e1mica, es que no se puede borrar lo ya dibujado\u00bb<\/em>.<\/p>\n\n\n\n<p>Debido a la envergadura del proyecto, la artista convoc\u00f3 a un colega para colaborar con la obra:&nbsp;<strong>Gabriel Fern\u00e1ndez<\/strong>, un especialista en manejar las figuras humanas y quien le est\u00e1 dando el toque distintivo a cada una de las representaciones. <\/p>\n\n\n\n<div style=\"height:40px\" aria-hidden=\"true\" class=\"wp-block-spacer\"><\/div>\n","protected":false},"excerpt":{"rendered":"<p>La Asociaci\u00f3n Vi\u00f1ateros de Mendoza (AVM) y la Municipalidad de Jun\u00edn inauguraron, el 18 de&hellip;<\/p>\n","protected":false},"author":3,"featured_media":84610,"comment_status":"open","ping_status":"open","sticky":false,"template":"","format":"standard","meta":{"footnotes":""},"categories":[14],"tags":[],"class_list":["post-84593","post","type-post","status-publish","format-standard","has-post-thumbnail","hentry","category-news"],"_links":{"self":[{"href":"https:\/\/enolife.com.ar\/es\/wp-json\/wp\/v2\/posts\/84593","targetHints":{"allow":["GET"]}}],"collection":[{"href":"https:\/\/enolife.com.ar\/es\/wp-json\/wp\/v2\/posts"}],"about":[{"href":"https:\/\/enolife.com.ar\/es\/wp-json\/wp\/v2\/types\/post"}],"author":[{"embeddable":true,"href":"https:\/\/enolife.com.ar\/es\/wp-json\/wp\/v2\/users\/3"}],"replies":[{"embeddable":true,"href":"https:\/\/enolife.com.ar\/es\/wp-json\/wp\/v2\/comments?post=84593"}],"version-history":[{"count":0,"href":"https:\/\/enolife.com.ar\/es\/wp-json\/wp\/v2\/posts\/84593\/revisions"}],"wp:featuredmedia":[{"embeddable":true,"href":"https:\/\/enolife.com.ar\/es\/wp-json\/wp\/v2\/media\/84610"}],"wp:attachment":[{"href":"https:\/\/enolife.com.ar\/es\/wp-json\/wp\/v2\/media?parent=84593"}],"wp:term":[{"taxonomy":"category","embeddable":true,"href":"https:\/\/enolife.com.ar\/es\/wp-json\/wp\/v2\/categories?post=84593"},{"taxonomy":"post_tag","embeddable":true,"href":"https:\/\/enolife.com.ar\/es\/wp-json\/wp\/v2\/tags?post=84593"}],"curies":[{"name":"wp","href":"https:\/\/api.w.org\/{rel}","templated":true}]}}