{"id":84570,"date":"2023-01-20T00:07:02","date_gmt":"2023-01-20T00:07:02","guid":{"rendered":"https:\/\/enolife.com.ar\/es\/?p=84570"},"modified":"2023-01-23T13:45:38","modified_gmt":"2023-01-23T13:45:38","slug":"mision-a-la-fitur-la-ministra-de-turismo-de-mendoza-invito-a-los-reyes-de-espana-a-la-provincia","status":"publish","type":"post","link":"https:\/\/enolife.com.ar\/es\/mision-a-la-fitur-la-ministra-de-turismo-de-mendoza-invito-a-los-reyes-de-espana-a-la-provincia\/","title":{"rendered":"Misi\u00f3n a la Fitur: la ministra de Turismo de Mendoza invit\u00f3 a los <strong>Reyes de Espa\u00f1a<\/strong> a la provincia"},"content":{"rendered":"\n<h4 class=\"wp-block-heading\"><em><strong>En Madrid, Nora Vicario integra la delegaci\u00f3n argentina en la Feria de Turismo m\u00e1s grande del mundo junto el ministro nacional Mat\u00edas Lammens y al embajador Ricardo Alfons\u00edn. Hoy, dentro del stand de Argentina -uno de los 8.500 stands de 131 pa\u00edses del encuentro- pondr\u00e1 en escena los atractivos de Mendoza y realizar\u00e1 diversas acciones de promoci\u00f3n. En la inauguraci\u00f3n de ayer, Vicario salud\u00f3 a Felipe de Borb\u00f3n y Letizia Ortiz Rocasolano y les transmiti\u00f3 la invitaci\u00f3n del gobernador Rodolfo Su\u00e1rez para venir a conocer la provincia.<\/strong><\/em><\/h4>\n\n\n\n<div style=\"height:34px\" aria-hidden=\"true\" class=\"wp-block-spacer\"><\/div>\n\n\n<a href=\"https:\/\/instagram.com\/labelsolutions?igshid=YmMyMTA2M2Y=\" aria-label=\"Banner Palero 1700&#215;500\"><img loading=\"lazy\" decoding=\"async\" src=\"https:\/\/enolife.com.ar\/es\/wp-content\/uploads\/2021\/09\/Banner-Palero-1700x500-1.gif\" alt=\"\"  width=\"1700\" height=\"500\"   \/><\/a>\n\n\n<div style=\"height:36px\" aria-hidden=\"true\" class=\"wp-block-spacer\"><\/div>\n\n\n\n<p>Con la presencia de los reyes de <strong>Espa\u00f1a<\/strong>, <strong>Felipe de Borb\u00f3n<\/strong> y <strong>Letizia Ortiz Rocasolano<\/strong>, qued\u00f3 inaugurada oficialmente ayer mi\u00e9rcoles 18\/1\/23 la 43\u00aa edici\u00f3n de la <strong>Feria Internacional del Turismo (Fitur)<\/strong> en <strong>Madrid<\/strong>, Espa\u00f1a.<\/p>\n\n\n\n<p>Luego del acto de apertura, y en el marco del recorrido oficial, la ministra de Cultura y Turismo de <strong>Mendoza<\/strong>, <strong>Nora Vicario<\/strong>, tuvo la oportunidad de saludar a los reyes e invitarlos a venir a nuestra provincia.<\/p>\n\n\n\n<p><em>\u201cFue un gran honor saludar a los reyes de Espa\u00f1a, don Felipe y do\u00f1a Letizia, y transmitir el saludo del gobernador de Mendoza y de todos los mendocinos, como tambi\u00e9n invitarlos muy cordialmente a visitar nuestra provincia\u201d,<\/em> cont\u00f3 Vicario.<\/p>\n\n\n\n<div style=\"height:29px\" aria-hidden=\"true\" class=\"wp-block-spacer\"><\/div>\n\n\n<div class=\"wp-block-image\">\n<figure class=\"aligncenter size-large is-resized\"><a href=\"https:\/\/enolife.com.ar\/es\/wp-content\/uploads\/2023\/01\/Vicario-con-los-Reyes-de-Espana-1.jpeg\" data-rel=\"penci-gallery-image-content\" ><img loading=\"lazy\" decoding=\"async\" src=\"https:\/\/enolife.com.ar\/es\/wp-content\/uploads\/2023\/01\/Vicario-con-los-Reyes-de-Espana-1-987x1024.jpeg\" alt=\"\" class=\"wp-image-84586\" width=\"421\" height=\"437\" srcset=\"https:\/\/enolife.com.ar\/es\/wp-content\/uploads\/2023\/01\/Vicario-con-los-Reyes-de-Espana-1-987x1024.jpeg 987w, https:\/\/enolife.com.ar\/es\/wp-content\/uploads\/2023\/01\/Vicario-con-los-Reyes-de-Espana-1-289x300.jpeg 289w, https:\/\/enolife.com.ar\/es\/wp-content\/uploads\/2023\/01\/Vicario-con-los-Reyes-de-Espana-1-768x797.jpeg 768w, https:\/\/enolife.com.ar\/es\/wp-content\/uploads\/2023\/01\/Vicario-con-los-Reyes-de-Espana-1-585x607.jpeg 585w, https:\/\/enolife.com.ar\/es\/wp-content\/uploads\/2023\/01\/Vicario-con-los-Reyes-de-Espana-1.jpeg 1125w\" sizes=\"auto, (max-width: 421px) 100vw, 421px\" \/><\/a><figcaption class=\"wp-element-caption\"><em><strong>La reina Letizia, Nora Vicario y el rey Felipe<\/strong><\/em>.<\/figcaption><\/figure><\/div>\n\n\n<div style=\"height:29px\" aria-hidden=\"true\" class=\"wp-block-spacer\"><\/div>\n\n\n\n<p>La Feria abri\u00f3 sus puertas el mi\u00e9rcoles a las 14 con una caminata que encabezaron los reyes de Espa\u00f1a, quienes estuvieron acompa\u00f1ados por la presidenta regional, <strong>Isabel D\u00edaz Ayuso<\/strong>; el alcalde de Madrid, <strong>Jos\u00e9 Luis Mart\u00ednez-Almeida<\/strong> y el secretario general de la Organizaci\u00f3n Internacional de Turismo, <strong>Zurab Pololikasvili<\/strong>.<\/p>\n\n\n\n<p>La Fitur cuenta con 8 pabellones, en los que se distribuyen 8.500&nbsp;stands<em>&nbsp;<\/em>de empresas y destinos, con la presencia de 131 pa\u00edses, 90 de ellos con representaci\u00f3n oficial internacional. Se espera que m\u00e1s de 200.000 personas ingresen al predio hasta el domingo 22 de enero, fecha en que finalizar\u00e1 la Feria.<\/p>\n\n\n\n<div style=\"height:30px\" aria-hidden=\"true\" class=\"wp-block-spacer\"><\/div>\n\n\n<div class=\"wp-block-image\">\n<figure class=\"aligncenter size-full is-resized\"><a href=\"https:\/\/enolife.com.ar\/es\/wp-content\/uploads\/2023\/01\/Comitiva-argentina-700x467-1.jpeg\" data-rel=\"penci-gallery-image-content\" ><img loading=\"lazy\" decoding=\"async\" src=\"https:\/\/enolife.com.ar\/es\/wp-content\/uploads\/2023\/01\/Comitiva-argentina-700x467-1.jpeg\" alt=\"\" class=\"wp-image-84582\" width=\"547\" height=\"365\" srcset=\"https:\/\/enolife.com.ar\/es\/wp-content\/uploads\/2023\/01\/Comitiva-argentina-700x467-1.jpeg 599w, https:\/\/enolife.com.ar\/es\/wp-content\/uploads\/2023\/01\/Comitiva-argentina-700x467-1-300x200.jpeg 300w, https:\/\/enolife.com.ar\/es\/wp-content\/uploads\/2023\/01\/Comitiva-argentina-700x467-1-585x391.jpeg 585w\" sizes=\"auto, (max-width: 547px) 100vw, 547px\" \/><\/a><figcaption class=\"wp-element-caption\"><strong><em>Los integrantes del stand de Argentina en la Feria de Madrid, presididos por el embajador argentino en Espa\u00f1a, Ricardo Alfons\u00edn (centro derecha).<\/em><\/strong><\/figcaption><\/figure><\/div>\n\n\n<div style=\"height:30px\" aria-hidden=\"true\" class=\"wp-block-spacer\"><\/div>\n\n\n\n<p>Mendoza participa dentro del&nbsp;stand<em>&nbsp;<\/em>de Argentina, ubicado a metros del de <strong>Guatemala<\/strong>, pa\u00eds invitado como anfitri\u00f3n de esta edici\u00f3n. Entre los funcionarios presentes en el sitio asignado a nuestro pa\u00eds se encontraba el ministro de Turismo de la Naci\u00f3n, <strong>Mat\u00edas Lammens<\/strong>, y el embajador argentino en Espa\u00f1a, <strong>Ricardo Alfons\u00edn<\/strong>, representantes del turismo de Mendoza y empresarios del sector de otras provincias argentinas <\/p>\n\n\n\n<div style=\"height:43px\" aria-hidden=\"true\" class=\"wp-block-spacer\"><\/div>\n\n\n\n<p class=\"has-pale-cyan-blue-background-color has-background\">En el marco del programa de promoci\u00f3n tur\u00edstica y de posicionamiento de la <strong>marca Mendoz<\/strong>a, se lleva adelante esta estrategia, junto a representantes de otras provincias argentinas, de estar presente en las ferias internacionales m\u00e1s importantes, en articulaci\u00f3n del sector p\u00fablico y el privado.<\/p>\n\n\n\n<div style=\"height:33px\" aria-hidden=\"true\" class=\"wp-block-spacer\"><\/div>\n\n\n\n<p>La ministra Nora Vicario cont\u00f3 que <em>\u201cel viernes 20 a las 12 presentaremos a la provincia de Mendoza en el&nbsp;stand&nbsp;de Argentina y luego, a las 13, se realizar\u00e1 el acto oficial, en el cual nos entregar\u00e1n el diploma de &#8216;<strong>Capital Iberoamericana de la Armon\u00eda Gastron\u00f3mica-Protagonista del Vino 2023&#8242;<\/strong>, con la presencia del presidente Rafael Anzon, el ministro Mat\u00edas Lammens y el embajador Ricardo Alfons\u00edn\u201d.<\/em><\/p>\n\n\n\n<div style=\"height:30px\" aria-hidden=\"true\" class=\"wp-block-spacer\"><\/div>\n\n\n<div class=\"wp-block-image\">\n<figure class=\"aligncenter size-full\"><a href=\"https:\/\/enolife.com.ar\/es\/wp-content\/uploads\/2023\/01\/Stand-Mendoza-700x525-1.jpeg\" data-rel=\"penci-gallery-image-content\" ><img loading=\"lazy\" decoding=\"async\" width=\"527\" height=\"401\" src=\"https:\/\/enolife.com.ar\/es\/wp-content\/uploads\/2023\/01\/Stand-Mendoza-700x525-1.jpeg\" alt=\"\" class=\"wp-image-84583\" srcset=\"https:\/\/enolife.com.ar\/es\/wp-content\/uploads\/2023\/01\/Stand-Mendoza-700x525-1.jpeg 527w, https:\/\/enolife.com.ar\/es\/wp-content\/uploads\/2023\/01\/Stand-Mendoza-700x525-1-300x228.jpeg 300w\" sizes=\"auto, (max-width: 527px) 100vw, 527px\" \/><\/a><figcaption class=\"wp-element-caption\"><em><strong>La Ministra Nora Vicario en el stand de Mendoza de FITUR 2023<\/strong><\/em><\/figcaption><\/figure><\/div>\n\n\n<div style=\"height:30px\" aria-hidden=\"true\" class=\"wp-block-spacer\"><\/div>\n\n\n\n<p><em>\u201cTenemos una intensa agenda con operadores internacionales, agencias, l\u00edneas a\u00e9reas, firmas de acuerdos con instituciones, atenci\u00f3n de medios internacionales adem\u00e1s de la agenda de Argentina de la cual somos parte\u201d<\/em>, coment\u00f3 la funcionaria.<\/p>\n\n\n\n<div style=\"height:30px\" aria-hidden=\"true\" class=\"wp-block-spacer\"><\/div>\n\n\n\n<p class=\"has-medium-font-size\"><strong>Sobre la Fitur<\/strong><\/p>\n\n\n\n<div style=\"height:18px\" aria-hidden=\"true\" class=\"wp-block-spacer\"><\/div>\n\n\n\n<h4 class=\"has-vivid-cyan-blue-color has-text-color wp-block-heading\">La Feria Internacional de Turismo (Fitur 2023) se despliega en 8 pabellones con m\u00e1s de 69.000 metros cuadrados de exposici\u00f3n. La Feria re\u00fane en total a 8.500 participantes con presencia de todas las comunidades aut\u00f3nomas, de empresas y destinos de 131 pa\u00edses, 90 de ellos con representaci\u00f3n oficial internacional.<\/h4>\n\n\n\n<div style=\"height:37px\" aria-hidden=\"true\" class=\"wp-block-spacer\"><\/div>\n\n\n\n<p>La participaci\u00f3n directa es el par\u00e1metro de mayor repercusi\u00f3n, con incrementos de 32% respecto de la edici\u00f3n de 2022, y del 50% en lo que se refiere a la participaci\u00f3n internacional.<\/p>\n\n\n\n<p>Por desglose de \u00e1reas geogr\u00e1ficas, se registran importantes crecimientos con respecto a la edici\u00f3n anterior de la Feria. As\u00ed, se destaca este a\u00f1o Asia Pac\u00edfico, que crece en empresas participantes 163%; \u00c1frica, 88%; Oriente Pr\u00f3ximo, 60%; Europa, 42%, y Am\u00e9rica, 30%.<\/p>\n\n\n\n<div style=\"height:30px\" aria-hidden=\"true\" class=\"wp-block-spacer\"><\/div>\n\n\n<div class=\"wp-block-image\">\n<figure class=\"aligncenter size-large is-resized\"><a href=\"https:\/\/enolife.com.ar\/es\/wp-content\/uploads\/2023\/01\/Inauguracion-FITUR-2023-5-scaled-1.jpg\" data-rel=\"penci-gallery-image-content\" ><img loading=\"lazy\" decoding=\"async\" src=\"https:\/\/enolife.com.ar\/es\/wp-content\/uploads\/2023\/01\/Inauguracion-FITUR-2023-5-scaled-1-1024x683.jpg\" alt=\"\" class=\"wp-image-84584\" width=\"516\" height=\"344\" srcset=\"https:\/\/enolife.com.ar\/es\/wp-content\/uploads\/2023\/01\/Inauguracion-FITUR-2023-5-scaled-1-1024x683.jpg 1024w, https:\/\/enolife.com.ar\/es\/wp-content\/uploads\/2023\/01\/Inauguracion-FITUR-2023-5-scaled-1-300x200.jpg 300w, https:\/\/enolife.com.ar\/es\/wp-content\/uploads\/2023\/01\/Inauguracion-FITUR-2023-5-scaled-1-768x512.jpg 768w, https:\/\/enolife.com.ar\/es\/wp-content\/uploads\/2023\/01\/Inauguracion-FITUR-2023-5-scaled-1-1536x1024.jpg 1536w, https:\/\/enolife.com.ar\/es\/wp-content\/uploads\/2023\/01\/Inauguracion-FITUR-2023-5-scaled-1-2048x1366.jpg 2048w, https:\/\/enolife.com.ar\/es\/wp-content\/uploads\/2023\/01\/Inauguracion-FITUR-2023-5-scaled-1-1170x780.jpg 1170w, https:\/\/enolife.com.ar\/es\/wp-content\/uploads\/2023\/01\/Inauguracion-FITUR-2023-5-scaled-1-585x390.jpg 585w\" sizes=\"auto, (max-width: 516px) 100vw, 516px\" \/><\/a><figcaption class=\"wp-element-caption\"><em><strong>Los Reyes de Espa\u00f1a inauguran la FITUR 2023<\/strong><\/em><\/figcaption><\/figure><\/div>\n\n\n<div style=\"height:31px\" aria-hidden=\"true\" class=\"wp-block-spacer\"><\/div>\n\n\n\n<p>Seg\u00fan los organizadores, la estimaci\u00f3n de visitantes superar\u00e1 los 120.000 profesionales y se situar\u00e1 entre 80.000 y 90.000 visitantes de p\u00fablico general durante el fin de semana que dura la feria. Entre las novedades, se encuentra este a\u00f1o el lanzamiento de la secci\u00f3n FITUR Sports, que aborda uno de los productos tur\u00edsticos de creciente importancia tanto para destinos como para empresas, debido a que ayuda a \u201cdesestacionalizar la temporada\u201d; potencia el desarrollo territorial en entornos no tur\u00edsticos ni urbanos; posiciona internacionalmente a los destinos y cuenta con un perfil de visitante con un nivel de gasto superior a la media.<\/p>\n\n\n\n<div style=\"height:28px\" aria-hidden=\"true\" class=\"wp-block-spacer\"><\/div>\n\n\n\n<p class=\"has-medium-font-size\"><strong>Mendoza,<\/strong> <strong>Capital Iberoamericana de la Gastronom\u00eda y el Vino 2023<br><\/strong><\/p>\n\n\n\n<p>Desde el 1 de enero y hasta el 31 de diciembre de 2023, Mendoza es la Capital Iberoamericana de la Gastronom\u00eda y el Vino. La declaraci\u00f3n es una designaci\u00f3n de marca creada por la <strong>Academia Iberoamericana de Gastronom\u00eda<\/strong> y tiene como objetivo reconocer con la nominaci\u00f3n la excelencia gastron\u00f3mica de uno de los destinos de los pa\u00edses iberoamericanos que se encuentran representados en la academia. De esta forma, Mendoza es la tercera ciudad de Sudam\u00e9rica en recibir este reconocimiento, con un t\u00edtulo que conjuga por primera vez la gastronom\u00eda y el vino.<\/p>\n\n\n\n<p>Actualmente, 22 pa\u00edses forman parte de la regi\u00f3n iberoamericana: Andorra, Bolivia, Chile, Costa Rica, Ecuador, Espa\u00f1a, Guatemala, M\u00e9xico, Panam\u00e1, Per\u00fa, Rep\u00fablica Dominicana, Venezuela, Argentina, Brasil, Colombia, Cuba, El Salvador, Honduras, Nicaragua, Paraguay, Portugal y Uruguay. A ellos se a\u00f1ade Estados Unidos que, aunque no forma parte de Iberoam\u00e9rica, es miembro activo de la Academia Iberoamericana de la Gastronom\u00eda.<\/p>\n\n\n\n<p>En esta oportunidad, Mendoza fue elegida entre otros dos grandes candidatos: Oporto (Portugal) y Jerez (Espa\u00f1a).<\/p>\n\n\n\n<p>Las capitales iberoamericanas designadas son: Zaragoza (Espa\u00f1a, 2022), Madrid (Espa\u00f1a, 2021), Miami (Estados Unidos, 2019), San Pablo (Brasil, 2018), Buenos Aires (Argentina, 2017), M\u00e9rida (Espa\u00f1a, 2016), Guanajuato (M\u00e9xico, 2015) y C\u00f3rdoba (Espa\u00f1a, 2014).<\/p>\n\n\n\n<div style=\"height:49px\" aria-hidden=\"true\" class=\"wp-block-spacer\"><\/div>\n","protected":false},"excerpt":{"rendered":"<p>En Madrid, Nora Vicario integra la delegaci\u00f3n argentina en la Feria de Turismo m\u00e1s grande&hellip;<\/p>\n","protected":false},"author":3,"featured_media":84585,"comment_status":"open","ping_status":"open","sticky":false,"template":"","format":"standard","meta":{"footnotes":""},"categories":[14],"tags":[],"class_list":["post-84570","post","type-post","status-publish","format-standard","has-post-thumbnail","hentry","category-news"],"_links":{"self":[{"href":"https:\/\/enolife.com.ar\/es\/wp-json\/wp\/v2\/posts\/84570","targetHints":{"allow":["GET"]}}],"collection":[{"href":"https:\/\/enolife.com.ar\/es\/wp-json\/wp\/v2\/posts"}],"about":[{"href":"https:\/\/enolife.com.ar\/es\/wp-json\/wp\/v2\/types\/post"}],"author":[{"embeddable":true,"href":"https:\/\/enolife.com.ar\/es\/wp-json\/wp\/v2\/users\/3"}],"replies":[{"embeddable":true,"href":"https:\/\/enolife.com.ar\/es\/wp-json\/wp\/v2\/comments?post=84570"}],"version-history":[{"count":0,"href":"https:\/\/enolife.com.ar\/es\/wp-json\/wp\/v2\/posts\/84570\/revisions"}],"wp:featuredmedia":[{"embeddable":true,"href":"https:\/\/enolife.com.ar\/es\/wp-json\/wp\/v2\/media\/84585"}],"wp:attachment":[{"href":"https:\/\/enolife.com.ar\/es\/wp-json\/wp\/v2\/media?parent=84570"}],"wp:term":[{"taxonomy":"category","embeddable":true,"href":"https:\/\/enolife.com.ar\/es\/wp-json\/wp\/v2\/categories?post=84570"},{"taxonomy":"post_tag","embeddable":true,"href":"https:\/\/enolife.com.ar\/es\/wp-json\/wp\/v2\/tags?post=84570"}],"curies":[{"name":"wp","href":"https:\/\/api.w.org\/{rel}","templated":true}]}}