{"id":8457,"date":"2020-02-25T14:35:16","date_gmt":"2020-02-25T14:35:16","guid":{"rendered":"http:\/\/enolife.com.ar\/es\/?p=8457"},"modified":"2020-02-28T17:49:10","modified_gmt":"2020-02-28T17:49:10","slug":"otorgan-tractores-en-comodato-a-productores-del-este-mendocino","status":"publish","type":"post","link":"https:\/\/enolife.com.ar\/es\/otorgan-tractores-en-comodato-a-productores-del-este-mendocino\/","title":{"rendered":"Otorgan tractores en comodato a productores del  este mendocino"},"content":{"rendered":"\n<h4 class=\"wp-block-heading\"><em><strong>El s\u00e1bado 29 de febrero, a las 17 hs, en la bodega Almahuar de San Mart\u00edn, el Instituto de Desarrollo Rural (IDR) realizar\u00e1 una feria de maquinarias agr\u00edcolas en un  encuentro en el que las productoras y emprendedores del este de la provincia puedan exponer y vender sus productos. La cita ser\u00e1 en el carril Montecaseros, km 11.5 <\/strong><\/em><\/h4>\n\n\n\n<div style=\"height:20px\" aria-hidden=\"true\" class=\"wp-block-spacer\"><\/div>\n\n\n\n<p>La exposici\u00f3n ser\u00e1 de maquinarias adquiridas a trav\u00e9s del Proderi (Programa de Desarrollo Rural Inclusivo), el cual fue presentado a la instituci\u00f3n y aprobado en diciembre del a\u00f1o pasado. El objetivo es fortalecer a peque\u00f1os productores frut\u00edcolas y vitivin\u00edcolas del distrito de Montecaseros.<\/p>\n\n\n\n<div style=\"height:20px\" aria-hidden=\"true\" class=\"wp-block-spacer\"><\/div>\n\n\n\n<blockquote class=\"wp-block-quote is-layout-flow wp-block-quote-is-layout-flow\"><p> <strong><em>\u201cSe trata de una iniciativa que nos permite trabajar en el asociativismo y la planificaci\u00f3n con peque\u00f1os productores, muchos de los cuales pertenecen a grupos comunitarios, donde se les cede en comodato un tractor\u201d<\/em><\/strong>. <\/p><cite> Instituto de Desarrollo Rural (IDR)  <\/cite><\/blockquote>\n\n\n\n<div style=\"height:20px\" aria-hidden=\"true\" class=\"wp-block-spacer\"><\/div>\n\n\n\n<p>Los valores de las maquinarias a entregar ser\u00e1n de me $ 2.410.000. De ese total, a trav\u00e9s del Proderi se financian $ 2.136.720, y el resto, por contraparte de los productores.<\/p>\n\n\n\n<p>La presentaci\u00f3n estar\u00e1 a cargo de la C\u00e1mara de Comercio de ese distrito y forma parte de un proyecto que se ha ejecutado en enero y febrero. <\/p>\n\n\n\n<p>La vinculaci\u00f3n con la C\u00e1mara de Comercio de Montecaseros se realiz\u00f3 a partir de la identificaci\u00f3n de una necesidad por parte de la Direcci\u00f3n de Desarrollo Econ\u00f3mico.<\/p>\n\n\n\n<p class=\"has-small-font-size\"><em><strong>Fuente: Gobierno de Mendoza<\/strong><\/em><\/p>\n","protected":false},"excerpt":{"rendered":"<p>El s\u00e1bado 29 de febrero, a las 17 hs, en la bodega Almahuar de San&hellip;<\/p>\n","protected":false},"author":3,"featured_media":8464,"comment_status":"open","ping_status":"open","sticky":false,"template":"","format":"standard","meta":{"footnotes":""},"categories":[5],"tags":[],"class_list":["post-8457","post","type-post","status-publish","format-standard","has-post-thumbnail","hentry","category-fincas"],"_links":{"self":[{"href":"https:\/\/enolife.com.ar\/es\/wp-json\/wp\/v2\/posts\/8457","targetHints":{"allow":["GET"]}}],"collection":[{"href":"https:\/\/enolife.com.ar\/es\/wp-json\/wp\/v2\/posts"}],"about":[{"href":"https:\/\/enolife.com.ar\/es\/wp-json\/wp\/v2\/types\/post"}],"author":[{"embeddable":true,"href":"https:\/\/enolife.com.ar\/es\/wp-json\/wp\/v2\/users\/3"}],"replies":[{"embeddable":true,"href":"https:\/\/enolife.com.ar\/es\/wp-json\/wp\/v2\/comments?post=8457"}],"version-history":[{"count":0,"href":"https:\/\/enolife.com.ar\/es\/wp-json\/wp\/v2\/posts\/8457\/revisions"}],"wp:featuredmedia":[{"embeddable":true,"href":"https:\/\/enolife.com.ar\/es\/wp-json\/wp\/v2\/media\/8464"}],"wp:attachment":[{"href":"https:\/\/enolife.com.ar\/es\/wp-json\/wp\/v2\/media?parent=8457"}],"wp:term":[{"taxonomy":"category","embeddable":true,"href":"https:\/\/enolife.com.ar\/es\/wp-json\/wp\/v2\/categories?post=8457"},{"taxonomy":"post_tag","embeddable":true,"href":"https:\/\/enolife.com.ar\/es\/wp-json\/wp\/v2\/tags?post=8457"}],"curies":[{"name":"wp","href":"https:\/\/api.w.org\/{rel}","templated":true}]}}