{"id":84341,"date":"2023-01-15T16:47:35","date_gmt":"2023-01-15T16:47:35","guid":{"rendered":"https:\/\/enolife.com.ar\/es\/?p=84341"},"modified":"2023-01-18T02:51:42","modified_gmt":"2023-01-18T02:51:42","slug":"la-ue-aprobo-que-irlanda-incluya-la-advertencia-de-riesgo-de-cancer-en-las-etiquetas-de-vino","status":"publish","type":"post","link":"https:\/\/enolife.com.ar\/es\/la-ue-aprobo-que-irlanda-incluya-la-advertencia-de-riesgo-de-cancer-en-las-etiquetas-de-vino\/","title":{"rendered":"La UE aprob\u00f3 que Irlanda incluya la advertencia de riesgo de c\u00e1ncer en las etiquetas de vino"},"content":{"rendered":"\n<h4 class=\"wp-block-heading\"><em><strong>El 12\/1\/23, la Comisi\u00f3n Europea aprob\u00f3 el pedido de Irlanda para que el embotellado de bebidas alcoh\u00f3licas en ese pa\u00eds lleve las indicaciones de \u00abriesgos relacionados con el alcohol\u00bb -similares a los que se aplican en los paquetes de cigarrillos- con mensajes que reflejen, entre otras cosas, los efectos cancer\u00edgenos ante su consumo excesivo. De este modo se reabre el debate y la preocupaci\u00f3n desde el sector vitivin\u00edcola europeo. Italia, Francia, Espa\u00f1a y otros 6 estados de la Uni\u00f3n Europea consideran que la medida obstaculiza el mercado interno. Y el Partido Popular Europeo (PPE) defiende el consumo consumo moderado de vino en el marco de la Dieta Mediterr\u00e1nea.<\/strong><\/em><\/h4>\n\n\n\n<div style=\"height:33px\" aria-hidden=\"true\" class=\"wp-block-spacer\"><\/div>\n\n\n<a href=\"https:\/\/ar.verallia.com\/\" aria-label=\"VERALLIA 1700 x 500\"><img loading=\"lazy\" decoding=\"async\" src=\"https:\/\/enolife.com.ar\/es\/wp-content\/uploads\/2021\/04\/VERALLIA-1700-x-500.jpg\" alt=\"\"  srcset=\"https:\/\/enolife.com.ar\/es\/wp-content\/uploads\/2021\/04\/VERALLIA-1700-x-500.jpg 1700w, https:\/\/enolife.com.ar\/es\/wp-content\/uploads\/2021\/04\/VERALLIA-1700-x-500-300x88.jpg 300w, https:\/\/enolife.com.ar\/es\/wp-content\/uploads\/2021\/04\/VERALLIA-1700-x-500-1024x301.jpg 1024w, https:\/\/enolife.com.ar\/es\/wp-content\/uploads\/2021\/04\/VERALLIA-1700-x-500-768x226.jpg 768w, https:\/\/enolife.com.ar\/es\/wp-content\/uploads\/2021\/04\/VERALLIA-1700-x-500-1536x452.jpg 1536w, https:\/\/enolife.com.ar\/es\/wp-content\/uploads\/2021\/04\/VERALLIA-1700-x-500-1170x344.jpg 1170w, https:\/\/enolife.com.ar\/es\/wp-content\/uploads\/2021\/04\/VERALLIA-1700-x-500-585x172.jpg 585w\" sizes=\"auto, (max-width: 1700px) 100vw, 1700px\" width=\"1700\" height=\"500\"   \/><\/a>\n\n\n<div style=\"height:42px\" aria-hidden=\"true\" class=\"wp-block-spacer\"><\/div>\n\n\n\n<p>A partir de la aprobaci\u00f3n por parte de la <strong>Comisi\u00f3n Europea<\/strong> y con un per\u00edodo de transici\u00f3n de tres a\u00f1os, en <strong>Irlanda<\/strong> los envases de las bebidas alcoh\u00f3licas deber\u00e1n llevar etiquetas con indicaciones actuales de <strong>\u00abriesgos relacionados con el alcohol\u00bb<\/strong>. Esta nueva reglamentaci\u00f3n preocupa a la industria vitivin\u00edcola europea porque marca un antecedente y una aceptaci\u00f3n a la postura de ONGs como <strong>Youth Health Organization<\/strong>, <strong>EuroCare<\/strong> y <strong>Movendi International<\/strong>; que vienen luchando por introducir cambios en el <strong>Reglamento Europeo 1169\/2011<\/strong> sobre informaci\u00f3n alimentaria facilitada al consumidor, con \u00e9nfasis en su relaci\u00f3n con la aparici\u00f3n del c\u00e1ncer.<\/p>\n\n\n\n<p>Las advertencias que deber\u00e1n llevar las etiquetas son: \u00abinforme sobre los peligros del consumo de alcohol para las mujeres embarazadas\u00bb; la \u00abrelaci\u00f3n entre el alcohol y los c\u00e1nceres mortales\u00bb; el contenido de alcohol del producto en gramos; el n\u00famero de calor\u00edas que contiene el producto y un enlace a una p\u00e1gina web de salud&nbsp;con informaci\u00f3n sobre el alcohol y sus perjuicios.<\/p>\n\n\n\n<div style=\"height:35px\" aria-hidden=\"true\" class=\"wp-block-spacer\"><\/div>\n\n\n<div class=\"wp-block-image\">\n<figure class=\"aligncenter size-large is-resized\"><a href=\"https:\/\/enolife.com.ar\/es\/wp-content\/uploads\/2023\/01\/detail.png\" data-rel=\"penci-gallery-image-content\" ><img loading=\"lazy\" decoding=\"async\" src=\"https:\/\/enolife.com.ar\/es\/wp-content\/uploads\/2023\/01\/detail-1024x680.png\" alt=\"\" class=\"wp-image-84361\" width=\"521\" height=\"345\" srcset=\"https:\/\/enolife.com.ar\/es\/wp-content\/uploads\/2023\/01\/detail-1024x680.png 1024w, https:\/\/enolife.com.ar\/es\/wp-content\/uploads\/2023\/01\/detail-300x199.png 300w, https:\/\/enolife.com.ar\/es\/wp-content\/uploads\/2023\/01\/detail-768x510.png 768w, https:\/\/enolife.com.ar\/es\/wp-content\/uploads\/2023\/01\/detail-1170x777.png 1170w, https:\/\/enolife.com.ar\/es\/wp-content\/uploads\/2023\/01\/detail-780x516.png 780w, https:\/\/enolife.com.ar\/es\/wp-content\/uploads\/2023\/01\/detail-585x389.png 585w, https:\/\/enolife.com.ar\/es\/wp-content\/uploads\/2023\/01\/detail.png 1189w\" sizes=\"auto, (max-width: 521px) 100vw, 521px\" \/><\/a><figcaption class=\"wp-element-caption\"><strong><em>Formato que deber\u00e1 tener el contenido de las etiquetas de bebidas alcoh\u00f3licas en Irlanda. <\/em><\/strong><\/figcaption><\/figure><\/div>\n\n\n<div style=\"height:34px\" aria-hidden=\"true\" class=\"wp-block-spacer\"><\/div>\n\n\n\n<p>De este modo, el gobierno irland\u00e9s regular\u00e1 los detalles de la <strong>\u00abLey de Salud P\u00fablica del Alcohol\u00bb<\/strong> introducida en 2019, que establece la obligaci\u00f3n de informar a los consumidores sobre los riesgos para la salud. Seg\u00fan el gobierno de Dubl\u00edn, <em>\u00abel&nbsp;volumen&nbsp;y las pautas de consumo de alcohol en Irlanda representan una enorme carga para la salud&nbsp;p\u00fablica. Los datos muestran que la poblaci\u00f3n irlandesa desconoce los riesgos para la salud asociados al alcohol y el proyecto de reglamento que aqu\u00ed se presenta pretende garantizar que los consumidores irlandeses est\u00e9n directamente informados de estos riesgos y reciban apoyo para&nbsp;tomar decisiones m\u00e1s sanas sobre su consumo de alcohol\u00bb.<\/em><\/p>\n\n\n\n<div style=\"height:38px\" aria-hidden=\"true\" class=\"wp-block-spacer\"><\/div>\n\n\n\n<p class=\"has-medium-font-size\"><strong>El sector vitivin\u00edcola, muy preocupado<\/strong><\/p>\n\n\n\n<p>La principal alerta que despert\u00f3 esta decisi\u00f3n en el sector vitivin\u00edcola fue que esta reglamentaci\u00f3n ha sido validada por la Comisi\u00f3n Europea, sin hacer objeciones ni comentarios.<\/p>\n\n\n\n<p>Al respecto, el secretario general del<strong> Comit\u00e9 de Empresas Europeas del Vino (CEEV), Ignacio S\u00e1nchez Recarte<\/strong>, en declaraciones recogidas por el medio especializado franc\u00e9s <strong>Vitisphere<\/strong> expres\u00f3: <em>\u201cLa legislaci\u00f3n armonizada y el mercado \u00fanico son dos de los mayores logros de la UE y los principales activos para sus ciudadanos y las empresas, especialmente para las Pymes.&nbsp;La Comisi\u00f3n Europea no ha mostrado ninguna voluntad de actuar en defensa de los tratados de la Uni\u00f3n Europea, el mercado \u00fanico y su propia legislaci\u00f3n.&nbsp;Hacemos un llamado a los Estados miembros de la UE para que act\u00faen colectivamente para invitar al gobierno irland\u00e9s a reconsiderar sus intenciones, en particular a la espera de una propuesta de la Comisi\u00f3n Europea para una legislaci\u00f3n armonizada\u201d.<\/em><\/p>\n\n\n\n<p>Por su parte la eurodiputada francesa <strong>Ir\u00e8ne Tolleret, <\/strong>del partido<strong> Renovar por Europa<\/strong>, indic\u00f3 en su cuenta de Twitter: <em>\u00abEsta decisi\u00f3n obstaculiza el mercado \u00fanico y penaliza a los viticultores<\/em>\u00ab. <\/p>\n\n\n\n<p>A su turno, el sindicato italiano <strong>Coldiretti <\/strong>acusa a la normativa irlandesa de <em>\u00abadvertencias terroristas&nbsp;que no tienen en cuenta las cantidades ni la oposici\u00f3n de Francia y Espa\u00f1a y otros seis estados miembros, que consideran la media un obst\u00e1culo al mercado interior\u00bb.<\/em><\/p>\n\n\n\n<p>Desde el <strong>PPE, <\/strong>su portavoz en el <strong>Parlamento Europeo,<\/strong> <strong>Dolors Montserrat<\/strong>, que en febrero de 2022 lider\u00f3 la propuesta para que no se equipare al vino con el resto de las bebidas alcoh\u00f3licas, agreg\u00f3 que \u00ab<em>El PPE defiende y seguir\u00e1 defendiendo en Europa que no se criminalice el consumo moderado de vino, cerveza o cava\u00bb. <\/em>Y concluy\u00f3: \u00ab<em>Ante nuevos intentos de criminalizar estos productos, conocidos por su calidad y excelencia, desde el PPE vamos a seguir trabajando para evitarlo\u00bb.<\/em><\/p>\n\n\n\n<div style=\"height:47px\" aria-hidden=\"true\" class=\"wp-block-spacer\"><\/div>\n\n\n\n<p class=\"has-small-font-size\"><strong><em>Fuente: abc.es, Vitisphere, El Economista y Wein Plus<\/em><\/strong><\/p>\n","protected":false},"excerpt":{"rendered":"<p>El 12\/1\/23, la Comisi\u00f3n Europea aprob\u00f3 el pedido de Irlanda para que el embotellado de&hellip;<\/p>\n","protected":false},"author":3,"featured_media":84364,"comment_status":"open","ping_status":"open","sticky":false,"template":"","format":"standard","meta":{"footnotes":""},"categories":[14],"tags":[],"class_list":["post-84341","post","type-post","status-publish","format-standard","has-post-thumbnail","hentry","category-news"],"_links":{"self":[{"href":"https:\/\/enolife.com.ar\/es\/wp-json\/wp\/v2\/posts\/84341","targetHints":{"allow":["GET"]}}],"collection":[{"href":"https:\/\/enolife.com.ar\/es\/wp-json\/wp\/v2\/posts"}],"about":[{"href":"https:\/\/enolife.com.ar\/es\/wp-json\/wp\/v2\/types\/post"}],"author":[{"embeddable":true,"href":"https:\/\/enolife.com.ar\/es\/wp-json\/wp\/v2\/users\/3"}],"replies":[{"embeddable":true,"href":"https:\/\/enolife.com.ar\/es\/wp-json\/wp\/v2\/comments?post=84341"}],"version-history":[{"count":0,"href":"https:\/\/enolife.com.ar\/es\/wp-json\/wp\/v2\/posts\/84341\/revisions"}],"wp:featuredmedia":[{"embeddable":true,"href":"https:\/\/enolife.com.ar\/es\/wp-json\/wp\/v2\/media\/84364"}],"wp:attachment":[{"href":"https:\/\/enolife.com.ar\/es\/wp-json\/wp\/v2\/media?parent=84341"}],"wp:term":[{"taxonomy":"category","embeddable":true,"href":"https:\/\/enolife.com.ar\/es\/wp-json\/wp\/v2\/categories?post=84341"},{"taxonomy":"post_tag","embeddable":true,"href":"https:\/\/enolife.com.ar\/es\/wp-json\/wp\/v2\/tags?post=84341"}],"curies":[{"name":"wp","href":"https:\/\/api.w.org\/{rel}","templated":true}]}}