{"id":84276,"date":"2023-01-13T02:13:57","date_gmt":"2023-01-13T02:13:57","guid":{"rendered":"https:\/\/enolife.com.ar\/es\/?p=84276"},"modified":"2023-01-15T16:46:43","modified_gmt":"2023-01-15T16:46:43","slug":"afectados-por-el-granizo-tienen-10-dias-para-denunciar-danos-y-acceder-a-prestamos-y-subsidios","status":"publish","type":"post","link":"https:\/\/enolife.com.ar\/es\/afectados-por-el-granizo-tienen-10-dias-para-denunciar-danos-y-acceder-a-prestamos-y-subsidios\/","title":{"rendered":"Afectados por el granizo tienen 10 d\u00edas para denunciar da\u00f1os y acceder a pr\u00e9stamos y subsidios"},"content":{"rendered":"\n<h4 class=\"wp-block-heading\"><em><strong>Tras las tormentas en la noche del 11\/1 y madrugada del 12\/1, y la posibilidad de que contin\u00faen las granizadas en las pr\u00f3ximas horas, el gobierno de Mendoza anunci\u00f3 medidas de ayuda a los productores vitivin\u00edcolas y frutihort\u00edcolas perjudicados. Para empezar, desde el d\u00eda del fen\u00f3meno metereol\u00f3gico, tienen otros 10 d\u00edas h\u00e1biles para denunciar el perjuicio en sus cultivos y as\u00ed poder acceder a planes de ayuda, que incluyen financiaci\u00f3n a tasas blandas, subsidios para el mantenimiento del empleo, entrega de fitosanitarios y descuentos en la tarifa el\u00e9ctrica.<\/strong><\/em><\/h4>\n\n\n\n<div style=\"height:37px\" aria-hidden=\"true\" class=\"wp-block-spacer\"><\/div>\n\n\n<a href=\"https:\/\/www.linkedin.com\/company\/agrinet-sa\/?originalSubdomain=ar\" aria-label=\"1700X500\"><img loading=\"lazy\" decoding=\"async\" src=\"https:\/\/enolife.com.ar\/es\/wp-content\/uploads\/2021\/11\/1700X500.gif\" alt=\"\"  width=\"1700\" height=\"500\"   \/><\/a>\n\n\n<div style=\"height:37px\" aria-hidden=\"true\" class=\"wp-block-spacer\"><\/div>\n\n\n\n<p>Los intendentes de los tres departamentos mendocinos afectados por las granizadas &#8211;<strong>Miguel \u00c1ngel Ronco<\/strong>, de <strong>Rivadavia<\/strong>; <strong>H\u00e9ctor Ruiz<\/strong>, de <strong>Jun\u00edn<\/strong> y <strong>Ra\u00fal Rufeil<\/strong>, de <strong>San Mart\u00edn<\/strong>-, junto al vicegobernador de <strong>Mendoza<\/strong>, <strong>Mario Abed<\/strong>, y el director de Contingencias Clim\u00e1ticas de la provincia, <strong>Julio Eluani<\/strong>, recorrieron durante el d\u00eda 12\/1 las zonas perjudicadas, y comprobaron <strong>da\u00f1os de entre el 50% y el 80%<\/strong> en distintos cultivos.   <\/p>\n\n\n\n<div style=\"height:31px\" aria-hidden=\"true\" class=\"wp-block-spacer\"><\/div>\n\n\n\n<p class=\"has-cyan-bluish-gray-background-color has-background\">Seg\u00fan lo registrado por los radares y luego comprobado por los productores y funcionarios, las precipitaciones registradas ayer afectaron principalmente la zona Este. Se detectaron lluvias con granizo en cultivos de&nbsp;<strong>Rivadavia<\/strong>: Medrano, Los \u00c1rboles, Reducci\u00f3n, Andrade, La Libertad y Ciudad y Mundo Nuevo;&nbsp;de <strong>Jun\u00edn<\/strong>: La Colonia, Ciudad, Algarrobo Grande, Mundo Nuevo, Ingeniero Giagnoni, Alto Verde y Phillips, y&nbsp;<strong>en San Mart\u00edn<\/strong>: Montecaseros, El Rambl\u00f3n, El Espino, Alto Verde, Buen Orden, Chivilcoy, Ciudad y Alto Salvador.<\/p>\n\n\n\n<div style=\"height:30px\" aria-hidden=\"true\" class=\"wp-block-spacer\"><\/div>\n\n\n\n<p>Desde el gobierno provincial recordaron a los productores afectados por esta contingencia que deben realizar la denuncia correspondiente en las delegaciones y centros receptores correspondientes a su departamento, o bien, s\u00f3lo para aquellos que ya tengan aprobado el tr\u00e1mite, a trav\u00e9s del sistema del SIA. En ambos casos, tienen 10 d\u00edas h\u00e1biles a partir del fen\u00f3meno registrado para realizar la denuncia.<\/p>\n\n\n\n<div style=\"height:25px\" aria-hidden=\"true\" class=\"wp-block-spacer\"><\/div>\n\n\n<div class=\"wp-block-image\">\n<figure class=\"aligncenter size-large is-resized\"><a href=\"https:\/\/enolife.com.ar\/es\/wp-content\/uploads\/2023\/01\/IMG-20230112-WA0098.jpg\" data-rel=\"penci-gallery-image-content\" ><img loading=\"lazy\" decoding=\"async\" src=\"https:\/\/enolife.com.ar\/es\/wp-content\/uploads\/2023\/01\/IMG-20230112-WA0098-1024x768.jpg\" alt=\"\" class=\"wp-image-84288\" width=\"606\" height=\"455\" srcset=\"https:\/\/enolife.com.ar\/es\/wp-content\/uploads\/2023\/01\/IMG-20230112-WA0098-1024x768.jpg 1024w, https:\/\/enolife.com.ar\/es\/wp-content\/uploads\/2023\/01\/IMG-20230112-WA0098-300x225.jpg 300w, https:\/\/enolife.com.ar\/es\/wp-content\/uploads\/2023\/01\/IMG-20230112-WA0098-768x576.jpg 768w, https:\/\/enolife.com.ar\/es\/wp-content\/uploads\/2023\/01\/IMG-20230112-WA0098-1536x1152.jpg 1536w, https:\/\/enolife.com.ar\/es\/wp-content\/uploads\/2023\/01\/IMG-20230112-WA0098-1170x878.jpg 1170w, https:\/\/enolife.com.ar\/es\/wp-content\/uploads\/2023\/01\/IMG-20230112-WA0098-585x439.jpg 585w, https:\/\/enolife.com.ar\/es\/wp-content\/uploads\/2023\/01\/IMG-20230112-WA0098.jpg 1600w\" sizes=\"auto, (max-width: 606px) 100vw, 606px\" \/><\/a><figcaption class=\"wp-element-caption\"><em><strong>Funcionarios y productores mendocinos recorriendo las fincas con da\u00f1os<\/strong><\/em><\/figcaption><\/figure><\/div>\n\n\n<div style=\"height:25px\" aria-hidden=\"true\" class=\"wp-block-spacer\"><\/div>\n\n\n\n<p>La actividad convectiva continuaba en la noche del 12\/1. Se registraban tormentas en la zona de la Capital mendocina, en Las Heras y en Lavalle, en cuyos cielos actuaban, disparando bengalas para disolver el granizo, los aviones biturboh\u00e9lice del sistema de mitigaci\u00f3n de da\u00f1os del gobierno provincial.<\/p>\n\n\n\n<p>El pron\u00f3stico anticipa que se mantendr\u00e1n las condiciones de inestabilidad con probabilidad de tormentas de moderadas a severas principalmente en las zonas Norte y Este. Tambi\u00e9n en los oasis Centro y Sur. A partir de ma\u00f1ana, comenzar\u00edan a estabilizarse las condiciones meteorol\u00f3gicas.<\/p>\n\n\n\n<p>El distrito de Medrano, en Rivadavia, sufri\u00f3 los mayores da\u00f1os, y la mayor\u00eda de las p\u00e9rdidas fueron en&nbsp;<strong>vi\u00f1edos<\/strong>, aunque el temporal tambi\u00e9n afect\u00f3 frutales y chacras con plantaciones de pimientos, tomates, lechuga y zapallos.<\/p>\n\n\n\n<div style=\"height:27px\" aria-hidden=\"true\" class=\"wp-block-spacer\"><\/div>\n\n\n\n<p class=\"has-medium-font-size\"><strong>Cr\u00e9ditos blandos, agroqu\u00edmicos y subsidios a la energ\u00eda<\/strong><\/p>\n\n\n\n<p>Las medidas a adoptar, de acuerdo a lo que expres\u00f3 el vicegobernador a cargo de la <strong>Gobernaci\u00f3n<\/strong> a trav\u00e9s de Twitter son las habituales para estas emergencias, y consisten en la continuidad del&nbsp;plan de sostenimiento de empleos y asistencia con agroqu\u00edmicos.&nbsp;Tambi\u00e9n habr\u00e1 ayuda financiera a trav\u00e9s de&nbsp;cr\u00e9ditos con tasas subsidiadas del <strong>Fondo de Transformaci\u00f3n<\/strong>, <strong>Mendoza Fiduciaria<\/strong> y el <strong>Instituto de Desarrollo Rural (IDR)<\/strong> y subsidios a la tarifa el\u00e9ctrica para riego agr\u00edcola.<\/p>\n\n\n\n<div style=\"height:31px\" aria-hidden=\"true\" class=\"wp-block-spacer\"><\/div>\n\n\n\n<figure class=\"wp-block-embed aligncenter is-type-rich is-provider-twitter wp-block-embed-twitter\"><div class=\"wp-block-embed__wrapper\">\n<blockquote class=\"twitter-tweet\" data-width=\"550\" data-dnt=\"true\"><p lang=\"es\" dir=\"ltr\">\u2714\ufe0fEmergencia agropecuaria: solicitar certificado de emergencia en <a href=\"https:\/\/twitter.com\/ContingenciasDA?ref_src=twsrc%5Etfw\">@ContingenciasDA<\/a> para acceso a beneficios. <br>\u2714\ufe0fAsistencia a familias que vieron afectadas sus viviendas. <br>Luego se anunciar\u00e1n otras medidas. <br>\u203c\ufe0fEs importante que los productores realicen la denuncia correspondiente. <a href=\"https:\/\/t.co\/6r3cHuemwe\">pic.twitter.com\/6r3cHuemwe<\/a><\/p>&mdash; Mario Abed (@MarioAbedok) <a href=\"https:\/\/twitter.com\/MarioAbedok\/status\/1613678269877862403?ref_src=twsrc%5Etfw\">January 12, 2023<\/a><\/blockquote><script async src=\"https:\/\/platform.twitter.com\/widgets.js\" charset=\"utf-8\"><\/script>\n<\/div><\/figure>\n\n\n\n<div style=\"height:27px\" aria-hidden=\"true\" class=\"wp-block-spacer\"><\/div>\n\n\n\n<p>Los productores afectados&nbsp;deber\u00e1n solicitar el certificado de emergencia ante la Direcci\u00f3n de Contingencias Clim\u00e1ticas&nbsp;para obtener el acceso a beneficios. Por otra parte, las medidas incluyen la asistencia a familias que vieron afectadas sus viviendas. <em>\u201cLuego se anunciar\u00e1n otras medidas. Es importante que los productores realicen la denuncia correspondiente\u201d<\/em>, indic\u00f3 Abed.<\/p>\n\n\n\n<div style=\"height:48px\" aria-hidden=\"true\" class=\"wp-block-spacer\"><\/div>\n","protected":false},"excerpt":{"rendered":"<p>Tras las tormentas en la noche del 11\/1 y madrugada del 12\/1, y la posibilidad&hellip;<\/p>\n","protected":false},"author":3,"featured_media":84287,"comment_status":"open","ping_status":"open","sticky":false,"template":"","format":"standard","meta":{"footnotes":""},"categories":[14],"tags":[],"class_list":["post-84276","post","type-post","status-publish","format-standard","has-post-thumbnail","hentry","category-news"],"_links":{"self":[{"href":"https:\/\/enolife.com.ar\/es\/wp-json\/wp\/v2\/posts\/84276","targetHints":{"allow":["GET"]}}],"collection":[{"href":"https:\/\/enolife.com.ar\/es\/wp-json\/wp\/v2\/posts"}],"about":[{"href":"https:\/\/enolife.com.ar\/es\/wp-json\/wp\/v2\/types\/post"}],"author":[{"embeddable":true,"href":"https:\/\/enolife.com.ar\/es\/wp-json\/wp\/v2\/users\/3"}],"replies":[{"embeddable":true,"href":"https:\/\/enolife.com.ar\/es\/wp-json\/wp\/v2\/comments?post=84276"}],"version-history":[{"count":0,"href":"https:\/\/enolife.com.ar\/es\/wp-json\/wp\/v2\/posts\/84276\/revisions"}],"wp:featuredmedia":[{"embeddable":true,"href":"https:\/\/enolife.com.ar\/es\/wp-json\/wp\/v2\/media\/84287"}],"wp:attachment":[{"href":"https:\/\/enolife.com.ar\/es\/wp-json\/wp\/v2\/media?parent=84276"}],"wp:term":[{"taxonomy":"category","embeddable":true,"href":"https:\/\/enolife.com.ar\/es\/wp-json\/wp\/v2\/categories?post=84276"},{"taxonomy":"post_tag","embeddable":true,"href":"https:\/\/enolife.com.ar\/es\/wp-json\/wp\/v2\/tags?post=84276"}],"curies":[{"name":"wp","href":"https:\/\/api.w.org\/{rel}","templated":true}]}}