{"id":83985,"date":"2023-01-06T17:59:02","date_gmt":"2023-01-06T17:59:02","guid":{"rendered":"https:\/\/enolife.com.ar\/es\/?p=83985"},"modified":"2023-01-19T22:14:30","modified_gmt":"2023-01-19T22:14:30","slug":"brad-pitt-lanzo-una-linea-de-cosmeticos-a-base-de-uvas-junto-al-bodeguero-frances-marc-perrin","status":"publish","type":"post","link":"https:\/\/enolife.com.ar\/es\/brad-pitt-lanzo-una-linea-de-cosmeticos-a-base-de-uvas-junto-al-bodeguero-frances-marc-perrin\/","title":{"rendered":"Brad Pitt lanz\u00f3 una l\u00ednea de cosm\u00e9ticos a base de uvas junto al bodeguero franc\u00e9s Marc Perrin"},"content":{"rendered":"\n<h4 class=\"wp-block-heading\"><em><strong>El actor estadounidense protagonista de \u00abEl curioso caso de Benjamin Button\u00bb sigue desarrollando  actividades vinculadas a la vitivinicultura en Provenza, Francia. Luego de la presentaci\u00f3n de su vino rosado Ch\u00e2teau Miraval, que elabor\u00f3 junto a su ex esposa Angelina Jolie, y de la construcci\u00f3n de los estudios musicales Miraval en su finca en la zona del Var, ahora, junto a la familia bodeguera Perrin, propietaria del Ch\u00e2teau Beaucastel, lanz\u00f3 la nueva marca de cosm\u00e9ticos \u00abLe Domaine\u00bb. Se trata de una l\u00ednea con 4 productos elaborados a partir de hollejos y pepitas de uva destinados a todo tipo de pieles, tanto de hombres como de mujeres. Los productos ya est\u00e1n disponibles en la tienda online de le-domaine.com, a m\u00f3dicos precios entre 70 y 290 euros. No sabemos si tienen delivery en Argentina, pero nada se pierde con probar.<\/strong><\/em><\/h4>\n\n\n\n<div style=\"height:36px\" aria-hidden=\"true\" class=\"wp-block-spacer\"><\/div>\n\n\n<a href=\"https:\/\/instagram.com\/labelsolutions?igshid=YmMyMTA2M2Y=\" aria-label=\"Banner Palero 1700&#215;500\"><img loading=\"lazy\" decoding=\"async\" src=\"https:\/\/enolife.com.ar\/es\/wp-content\/uploads\/2021\/09\/Banner-Palero-1700x500-1.gif\" alt=\"\"  width=\"1700\" height=\"500\"   \/><\/a>\n\n\n<div style=\"height:50px\" aria-hidden=\"true\" class=\"wp-block-spacer\"><\/div>\n\n\n\n<p>Desde el a\u00f1o 2012, <strong>Brad Pitt<\/strong> se ha relacionado con la familia <strong>Perrin<\/strong>, que lleva cinco generaciones produciendo vino en el valle del <strong>R\u00f3dano<\/strong>, y a quienes el actor confi\u00f3 la elaboraci\u00f3n de su famoso vino ros\u00e9 <strong>Ch\u00e2teau Miraval<\/strong> junto a <strong>Angelina Jolie<\/strong>. Desde all\u00ed naci\u00f3 una amistad con <strong>Marc Perrin<\/strong> con quien comparte un profundo respeto por la naturaleza, lo que los llev\u00f3 a lo largo de los a\u00f1os a reflexionar sobre la reducci\u00f3n de los residuos que produce la viticultura.<\/p>\n\n\n\n<div style=\"height:29px\" aria-hidden=\"true\" class=\"wp-block-spacer\"><\/div>\n\n\n<div class=\"wp-block-image\">\n<figure class=\"aligncenter size-full is-resized\"><a href=\"https:\/\/enolife.com.ar\/es\/wp-content\/uploads\/2023\/01\/brad-pitt-marc-perrin-domaine-cosmetique-1.jpg\" data-rel=\"penci-gallery-image-content\" ><img loading=\"lazy\" decoding=\"async\" src=\"https:\/\/enolife.com.ar\/es\/wp-content\/uploads\/2023\/01\/brad-pitt-marc-perrin-domaine-cosmetique-1.jpg\" alt=\"\" class=\"wp-image-84015\" width=\"612\" height=\"389\" srcset=\"https:\/\/enolife.com.ar\/es\/wp-content\/uploads\/2023\/01\/brad-pitt-marc-perrin-domaine-cosmetique-1.jpg 525w, https:\/\/enolife.com.ar\/es\/wp-content\/uploads\/2023\/01\/brad-pitt-marc-perrin-domaine-cosmetique-1-300x191.jpg 300w\" sizes=\"auto, (max-width: 612px) 100vw, 612px\" \/><\/a><figcaption class=\"wp-element-caption\"><em><strong>Marc Perrin y Brad Pitt presentando \u00abLe Domaine\u00bb<\/strong><\/em><\/figcaption><\/figure><\/div>\n\n\n<div style=\"height:29px\" aria-hidden=\"true\" class=\"wp-block-spacer\"><\/div>\n\n\n\n<p>\u201c<em>Se trata de imitar los ciclos org\u00e1nicos de la naturaleza, su belleza original.&nbsp;En la naturaleza, no existe el concepto de desperdicio.&nbsp;Cada art\u00edculo descartado se convierte en alimento para otro.&nbsp;Es esta circularidad ejemplar la que inspira Le Domaine<\/em>&nbsp;\u201d, explic\u00f3 el archifamoso actos<strong> <\/strong>en una entrevista con la revista<strong> Vogue.<\/strong><\/p>\n\n\n\n<p>Entre las ideas que surgieron para utilizar estos productos alternativos de la uva, ambos empresarios decidieron lanzar una l\u00ednea de elementos esenciales para el cuidado de la piel que combina la ciencia y la naturaleza. La materia prima proviene de la finca de Miraval, donde no se usan pesticidas, la agricultura es biodin\u00e1mica, el suelo se labra y las vides no se riegan para favorecer que las ra\u00edces se integren m\u00e1s en la tierra.<\/p>\n\n\n\n<div style=\"height:30px\" aria-hidden=\"true\" class=\"wp-block-spacer\"><\/div>\n\n\n\n<blockquote class=\"wp-block-quote is-layout-flow wp-block-quote-is-layout-flow\">\n<p><em>Algo que discutimos, al fundar Le Domaine, fue este titular de <\/em>\u00ab<em>anti-envejecimiento\u00bb.\u00a0Es rid\u00edculo.\u00a0Es un cuento de hadas.\u00a0Lo real es tratar tu piel de manera saludable.\u00bb<\/em><\/p>\n<cite><strong>Brad Pitt<\/strong><\/cite><\/blockquote>\n\n\n\n<div style=\"height:30px\" aria-hidden=\"true\" class=\"wp-block-spacer\"><\/div>\n\n\n\n<p>La marca de cosm\u00e9tica, a la que bautizaron <strong>\u00abLe Domaine\u00bb<\/strong> es <strong>unisex<\/strong>, con un <strong>96 % de ingredientes naturales<\/strong>. La clave reside en las propiedades de la uva, muy utilizadas en el mundo de la belleza. La investigaci\u00f3n estuvo a cargo del <strong>profesor de enolog\u00eda de la Universidad de Burdeos Pierre-Louis Teissedre, <\/strong>con la colaboraci\u00f3n del<strong> profesor Nicolas L\u00e9vy, ex jefe del departamento de Gen\u00e9tica M\u00e9dica del hospital Timone de Marsella,<\/strong>que se ha especializado en la \u00abprogeria\u00bb, un trastorno gen\u00e9tico extremadamente raro que acelera el envejecimiento en los ni\u00f1os peque\u00f1os. Los 3 compuestos fundamentales de estos productos son la <strong>mol\u00e9cula GSM10<\/strong>, un ingrediente llamado <strong>ProGr3<\/strong> y por supuesto el terroir del valle del R\u00f3dano.<\/p>\n\n\n\n<div style=\"height:35px\" aria-hidden=\"true\" class=\"wp-block-spacer\"><\/div>\n\n\n<div class=\"wp-block-image\">\n<figure class=\"aligncenter size-full is-resized\"><a href=\"https:\/\/enolife.com.ar\/es\/wp-content\/uploads\/2023\/01\/16643796680832.jpg\" data-rel=\"penci-gallery-image-content\" ><img loading=\"lazy\" decoding=\"async\" src=\"https:\/\/enolife.com.ar\/es\/wp-content\/uploads\/2023\/01\/16643796680832.jpg\" alt=\"\" class=\"wp-image-84017\" width=\"619\" height=\"428\" srcset=\"https:\/\/enolife.com.ar\/es\/wp-content\/uploads\/2023\/01\/16643796680832.jpg 795w, https:\/\/enolife.com.ar\/es\/wp-content\/uploads\/2023\/01\/16643796680832-300x207.jpg 300w, https:\/\/enolife.com.ar\/es\/wp-content\/uploads\/2023\/01\/16643796680832-768x530.jpg 768w, https:\/\/enolife.com.ar\/es\/wp-content\/uploads\/2023\/01\/16643796680832-585x404.jpg 585w\" sizes=\"auto, (max-width: 619px) 100vw, 619px\" \/><\/a><figcaption class=\"wp-element-caption\"><em><strong>Envases de la crema y el serum<\/strong><\/em><\/figcaption><\/figure><\/div>\n\n\n<div style=\"height:35px\" aria-hidden=\"true\" class=\"wp-block-spacer\"><\/div>\n\n\n\n<p>El<strong> GSM10<\/strong> se basa en m\u00e1s de 10 a\u00f1os de investigaci\u00f3n del profesor Teissedre sobre las variedades de uva y los orujos de los vi\u00f1edos de la familia Perrin y del Chateau de Beaucastel. Elaborado a partir de una combinaci\u00f3n de orujos de garnacha, semillas de syrah y hollejos asociados a un microorganismo posbi\u00f3tico beneficioso para el microbioma de la piel, este compuesto tiene niveles impresionantemente efectivos de<strong> antioxidantes y anti-MMP<\/strong> (metaloproteinasas de matriz, como la colagenasa, que destruye el col\u00e1geno). Adem\u00e1s, se ha demostrado que GSM10 equilibra eficazmente la piel.<\/p>\n\n\n\n<p>Al respecto, y ante la pregunta que la periodista de Vogue le hizo al actor, sobre las presiones que siente personalmente en torno al envejecimiento en el negocio del cine, su respuesta fue: <em>\u00abNo quiero estar huyendo del envejecimiento.&nbsp;Es un concepto del que no podemos escapar, y me gustar\u00eda ver que nuestra cultura lo adopte un poco m\u00e1s, hablando de ello en esos t\u00e9rminos.&nbsp;Algo que discutimos, al fundar Le Domaine, fue este titular de <\/em>&#8216;<em>\u00ab<\/em>&#8216;<em>anti-envejecimiento&#8217;.&nbsp;Es rid\u00edculo.&nbsp;Es un cuento de hadas.&nbsp;Lo real es tratar tu piel de manera saludable.\u00bb &nbsp;<\/em>Y continu\u00f3:<em> \u00abCreo que estamos aprendiendo que si nos amamos a nosotros mismos, si nos tratamos un poco mejor, hay beneficios duraderos en eso.&nbsp;As\u00ed que lo mejor es pensar en envejecer de manera saludable.\u00bb<\/em><\/p>\n\n\n\n<div style=\"height:30px\" aria-hidden=\"true\" class=\"wp-block-spacer\"><\/div>\n\n\n<div class=\"wp-block-image\">\n<figure class=\"aligncenter size-full is-resized\"><a href=\"https:\/\/enolife.com.ar\/es\/wp-content\/uploads\/2023\/01\/serum.jpg\" data-rel=\"penci-gallery-image-content\" ><img loading=\"lazy\" decoding=\"async\" src=\"https:\/\/enolife.com.ar\/es\/wp-content\/uploads\/2023\/01\/serum.jpg\" alt=\"\" class=\"wp-image-84021\" width=\"600\" height=\"400\" srcset=\"https:\/\/enolife.com.ar\/es\/wp-content\/uploads\/2023\/01\/serum.jpg 599w, https:\/\/enolife.com.ar\/es\/wp-content\/uploads\/2023\/01\/serum-300x200.jpg 300w, https:\/\/enolife.com.ar\/es\/wp-content\/uploads\/2023\/01\/serum-585x391.jpg 585w\" sizes=\"auto, (max-width: 600px) 100vw, 600px\" \/><\/a><figcaption class=\"wp-element-caption\"><em><strong>El serum dentro de su packaging<\/strong><\/em><\/figcaption><\/figure><\/div>\n\n\n<div style=\"height:30px\" aria-hidden=\"true\" class=\"wp-block-spacer\"><\/div>\n\n\n\n<p>En cuanto all compuesto <strong>ProGR3\u00ae<\/strong>, fue creado por Progelife, una empresa de biotecnolog\u00eda francesa fundada por los porfesores <strong>Nicolas L\u00e9vy<\/strong> y <strong>Pierre Cau<\/strong>. Es una combinaci\u00f3n original de mol\u00e9culas naturales de extractos de plantas que act\u00faa sobre la <strong>progerina<\/strong>, una prote\u00edna mutada involucrada en 7 de los 9 mecanismos responsables de la senescencia y el envejecimiento celular. La progerina se acumula en las c\u00e9lulas de la piel (dermis, epidermis) y se detecta en todo tipo de piel a partir de los 20 a\u00f1os. Es un marcador del envejecimiento natural de la piel. En la <strong>progeria<\/strong>, una rara enfermedad gen\u00e9tica que provoca el envejecimiento acelerado de los ni\u00f1os, la acumulaci\u00f3n de progerina se acelera considerablemente. Los profesores Levy y Cau descubrieron en 2003 la mutaci\u00f3n responsable de la progeria y desde entonces <strong>Progelife<\/strong> ha desarrollado protocolos para inhibir la prenilaci\u00f3n y la toxicidad de la progerina. La identificaci\u00f3n de estos mecanismos ha permitido a Progelife crear ProGr3\u00ae.<\/p>\n\n\n\n<div style=\"height:35px\" aria-hidden=\"true\" class=\"wp-block-spacer\"><\/div>\n\n\n\n<blockquote class=\"wp-block-quote is-layout-flow wp-block-quote-is-layout-flow\">\n<p><em>\u201cS\u00e9 que hay productos nuevos casi todos los d\u00edas, que la gente intenta lanzar, pero si no hubiera visto una diferencia real visualmente en mi piel,\u00a0no nos hubi\u00e9ramos molestado\u00bb<\/em>,<\/p>\n<cite><strong>Brad Pitt<\/strong><\/cite><\/blockquote>\n\n\n\n<div style=\"height:35px\" aria-hidden=\"true\" class=\"wp-block-spacer\"><\/div>\n\n\n\n<p>Por \u00faltimo, el otro gran ingrediente est\u00e1 en la naturaleza del<strong> terroir de Miraval<\/strong>, donde hay olivos plantados en terrazas, kil\u00f3metros de bosques incrustados de l\u00edquenes y donde el aire est\u00e1 aromatizado con lavanda. El suelo es rico en arcilla y piedra caliza, se ara, y las vides no se riegan, lo que alienta a sus ra\u00edces a profundizar en el suelo en busca de humedad.\u00a0Cuanto m\u00e1s profundas crecen las ra\u00edces, mejor interact\u00faan con el suelo, lo que crea esa complejidad tan buscada en las uvas de Miraval.<\/p>\n\n\n\n<div style=\"height:30px\" aria-hidden=\"true\" class=\"wp-block-spacer\"><\/div>\n\n\n<div class=\"wp-block-image\">\n<figure class=\"aligncenter size-full\"><a href=\"https:\/\/enolife.com.ar\/es\/wp-content\/uploads\/2023\/01\/664N5YWOU5GUBIJLCQQPZ6JZII.jpg\" data-rel=\"penci-gallery-image-content\" ><img loading=\"lazy\" decoding=\"async\" width=\"601\" height=\"400\" src=\"https:\/\/enolife.com.ar\/es\/wp-content\/uploads\/2023\/01\/664N5YWOU5GUBIJLCQQPZ6JZII.jpg\" alt=\"\" class=\"wp-image-84019\" srcset=\"https:\/\/enolife.com.ar\/es\/wp-content\/uploads\/2023\/01\/664N5YWOU5GUBIJLCQQPZ6JZII.jpg 601w, https:\/\/enolife.com.ar\/es\/wp-content\/uploads\/2023\/01\/664N5YWOU5GUBIJLCQQPZ6JZII-300x200.jpg 300w, https:\/\/enolife.com.ar\/es\/wp-content\/uploads\/2023\/01\/664N5YWOU5GUBIJLCQQPZ6JZII-585x389.jpg 585w\" sizes=\"auto, (max-width: 601px) 100vw, 601px\" \/><\/a><figcaption class=\"wp-element-caption\"><em><strong>Chateau Miraval<\/strong><\/em><\/figcaption><\/figure><\/div>\n\n\n<div style=\"height:30px\" aria-hidden=\"true\" class=\"wp-block-spacer\"><\/div>\n\n\n\n<p>Los envases de los cosm\u00e9ticos se pensaron para ser sostenibles, de cristal, rellenables. Sus tapas fueron hechas por artesanos franceses con el roble sobrante de las barricas de vino de la bodega. <em>\u00abSoy un gran admirador de la arquitectura y el dise\u00f1o y me encant\u00f3 la idea de reutilizar las maderas de las barricas\u00bb<\/em>, explic\u00f3 el actor. Los productos vienen en cajas de cart\u00f3n con un c\u00f3digo QR para que el consumidor escanee y conozca su proceso de elaboraci\u00f3n y caracter\u00edsitcas<\/p>\n\n\n\n<p>La l\u00ednea ya est\u00e1 disponible en la p\u00e1gina oficial <strong>le-domaine.com<\/strong> y los precios de los productos van de los <strong>70 a los 290 d\u00f3lares.<\/strong><\/p>\n\n\n\n<p>&nbsp;<em>\u201cS\u00e9 que hay productos nuevos casi todos los d\u00edas, que la gente intenta lanzar, pero si no hubiera visto una diferencia real visualmente en mi piel,&nbsp;no nos hubi\u00e9ramos molestado\u00bb<\/em>, aclar\u00f3 Pitt a Vogue respecto de su convicci\u00f3n sobre el producto.&nbsp;<\/p>\n\n\n\n<div style=\"height:36px\" aria-hidden=\"true\" class=\"wp-block-spacer\"><\/div>\n\n\n\n<p class=\"has-small-font-size\"><em><strong>Fuentes: https:\/\/madeinmarseille.net\/, Vogue, expansion.com, nacionflix.com y le-domaine.com<\/strong><\/em><\/p>\n\n\n\n<div style=\"height:46px\" aria-hidden=\"true\" class=\"wp-block-spacer\"><\/div>\n\n\n\n<p><\/p>\n","protected":false},"excerpt":{"rendered":"<p>El actor estadounidense protagonista de \u00abEl curioso caso de Benjamin Button\u00bb sigue desarrollando actividades vinculadas&hellip;<\/p>\n","protected":false},"author":3,"featured_media":84013,"comment_status":"open","ping_status":"open","sticky":false,"template":"","format":"standard","meta":{"footnotes":""},"categories":[14],"tags":[],"class_list":["post-83985","post","type-post","status-publish","format-standard","has-post-thumbnail","hentry","category-news"],"_links":{"self":[{"href":"https:\/\/enolife.com.ar\/es\/wp-json\/wp\/v2\/posts\/83985","targetHints":{"allow":["GET"]}}],"collection":[{"href":"https:\/\/enolife.com.ar\/es\/wp-json\/wp\/v2\/posts"}],"about":[{"href":"https:\/\/enolife.com.ar\/es\/wp-json\/wp\/v2\/types\/post"}],"author":[{"embeddable":true,"href":"https:\/\/enolife.com.ar\/es\/wp-json\/wp\/v2\/users\/3"}],"replies":[{"embeddable":true,"href":"https:\/\/enolife.com.ar\/es\/wp-json\/wp\/v2\/comments?post=83985"}],"version-history":[{"count":0,"href":"https:\/\/enolife.com.ar\/es\/wp-json\/wp\/v2\/posts\/83985\/revisions"}],"wp:featuredmedia":[{"embeddable":true,"href":"https:\/\/enolife.com.ar\/es\/wp-json\/wp\/v2\/media\/84013"}],"wp:attachment":[{"href":"https:\/\/enolife.com.ar\/es\/wp-json\/wp\/v2\/media?parent=83985"}],"wp:term":[{"taxonomy":"category","embeddable":true,"href":"https:\/\/enolife.com.ar\/es\/wp-json\/wp\/v2\/categories?post=83985"},{"taxonomy":"post_tag","embeddable":true,"href":"https:\/\/enolife.com.ar\/es\/wp-json\/wp\/v2\/tags?post=83985"}],"curies":[{"name":"wp","href":"https:\/\/api.w.org\/{rel}","templated":true}]}}