{"id":83951,"date":"2023-01-06T19:15:54","date_gmt":"2023-01-06T19:15:54","guid":{"rendered":"https:\/\/enolife.com.ar\/es\/?p=83951"},"modified":"2023-01-11T18:23:44","modified_gmt":"2023-01-11T18:23:44","slug":"la-oiv-convoca-hasta-el-13-2-a-presentar-trabajos-cientificos-para-su-44-congreso-mundial-en-espana","status":"publish","type":"post","link":"https:\/\/enolife.com.ar\/es\/la-oiv-convoca-hasta-el-13-2-a-presentar-trabajos-cientificos-para-su-44-congreso-mundial-en-espana\/","title":{"rendered":"La OIV convoca hasta el 13\/2 a presentar trabajos cient\u00edficos para su 44 Congreso Mundial en Espa\u00f1a"},"content":{"rendered":"\n<h4 class=\"wp-block-heading\"><em><strong>La Organizaci\u00f3n Internacional de la Vid y el Vino (OIV) llam\u00f3 a profesionales de la vitivinicutura a postular trabajos para ser presentados en el 44\u00b0 Congreso Mundial de la Vi\u00f1a y el Vino que se realizar\u00e1, junto con la 21 Asamblea General de la entidad, del 5 al 10 de junio de 2023 en C\u00e1diz y Jer\u00e9z de la Frontera, Espa\u00f1a. Los temas centrales para esta ocasi\u00f3n ser\u00e1n big data e inteligencia artificial, nuevas tecnolog\u00edas aplicadas a la enolog\u00eda, digitalizaci\u00f3n de la informaci\u00f3n al servicio del consumidor, la trazabilidad, seguridad alimentaria y la salud. Los interesados en enviar sus trabajos podr\u00e1n hacerlo hasta el 13 de febrero de 2023, a trav\u00e9s de una p\u00e1gina web creada por la entidad especialmente para esta ocasi\u00f3n.<\/strong><\/em><\/h4>\n\n\n\n<div style=\"height:42px\" aria-hidden=\"true\" class=\"wp-block-spacer\"><\/div>\n\n\n<a href=\"https:\/\/www.parsecsrl.net\/es\/extraccion-selectiva-tintos\/\" aria-label=\"banner1700x500-rev-9\"><img loading=\"lazy\" decoding=\"async\" src=\"https:\/\/enolife.com.ar\/es\/wp-content\/uploads\/2022\/04\/banner1700x500-rev-9.gif\" alt=\"\"  width=\"1700\" height=\"500\"   \/><\/a>\n\n\n<div style=\"height:45px\" aria-hidden=\"true\" class=\"wp-block-spacer\"><\/div>\n\n\n\n<p>Cada a\u00f1o, un Estado miembro de la OIV invita y acoge a cient\u00edficos e investigadores de todo el mundo para que presenten y compartan sus descubrimientos y resultados en diferentes \u00e1reas de la vitivinicultura.&nbsp;En 2023, eso ser\u00e1 del <strong>5 al 10 de junio en Espa\u00f1a<\/strong>, en las ciudades de <strong>C\u00e1diz y Jerez de la Frontera<\/strong>, durante el <strong>44\u00b0 Congreso Mundial de la Vi\u00f1a y el Vino, <\/strong>que se realizar\u00e1 junto con la<strong> 21 Asamblea General <\/strong>de la entidad.<\/p>\n\n\n\n<p>Las presentaciones realizadas durante el Congreso se basan en un trabajo cient\u00edfico o acad\u00e9mico y se seleccionan por su relevancia y excelencia. Luego, ser\u00e1n publicados con acceso abierto. En la actualidad, unos 600 art\u00edculos cient\u00edficos est\u00e1n disponibles a trav\u00e9s de este sistema.<\/p>\n\n\n\n<div style=\"height:40px\" aria-hidden=\"true\" class=\"wp-block-spacer\"><\/div>\n\n\n\n<figure class=\"wp-block-embed is-type-video is-provider-youtube wp-block-embed-youtube wp-embed-aspect-16-9 wp-has-aspect-ratio\"><div class=\"wp-block-embed__wrapper\">\n<iframe loading=\"lazy\" title=\"44 Congreso Mundial de la la vi\u00f1a y el vino. Jerez. Espa\u00f1a.\" width=\"1170\" height=\"658\" src=\"https:\/\/www.youtube.com\/embed\/khFAinLou_k?feature=oembed\" frameborder=\"0\" allow=\"accelerometer; autoplay; clipboard-write; encrypted-media; gyroscope; picture-in-picture; web-share\" allowfullscreen><\/iframe>\n<\/div><\/figure>\n\n\n\n<div style=\"height:41px\" aria-hidden=\"true\" class=\"wp-block-spacer\"><\/div>\n\n\n\n<p>Aquellos miembros de la comunidad cient\u00edfica vitivin\u00edcola que deseen partcipar deber\u00e1n presentar sus resumenes seg\u00fan los siguientes temas: <\/p>\n\n\n\n<p><strong>Secci\u00f3n I &#8211; Vitivinicultura:<\/strong> Big data e inteligencia artificial en la toma de decisiones en viticultura frente al cambio clim\u00e1tico<\/p>\n\n\n\n<p><strong>Secci\u00f3n II &#8211; Enolog\u00eda: <\/strong>Nuevas tecnolog\u00edas aplicadas a la enolog\u00eda<\/p>\n\n\n\n<p><strong>Secci\u00f3n III &#8211; Derecho e informaci\u00f3n al consumidor: <\/strong>Digitalizaci\u00f3n de informaci\u00f3n al servicio del consumidor y la trazabilidad.<\/p>\n\n\n\n<p><strong>Secci\u00f3n IV &#8211; Seguridad alimentaria, consumo nutrici\u00f3n y salud: <\/strong>Tecnolog\u00eda de la informaci\u00f3n para la sostenibilidad y seguridad alimentaria (blockchain, de la explotaci\u00f3n al consumidor).<\/p>\n\n\n\n<div style=\"height:30px\" aria-hidden=\"true\" class=\"wp-block-spacer\"><\/div>\n\n\n\n<p class=\"has-medium-font-size\"><strong>Modalidades de presentaci\u00f3n<\/strong><\/p>\n\n\n\n<ul class=\"wp-block-list\">\n<li><strong>Ponencia oral:<\/strong> 15 a 20 minutos de duraci\u00f3n<\/li>\n\n\n\n<li><strong>Ponencia breve:<\/strong> 5 a 10 minutos de duraic\u00f3n<\/li>\n\n\n\n<li><strong>P\u00f3ster<\/strong><\/li>\n<\/ul>\n\n\n\n<div style=\"height:31px\" aria-hidden=\"true\" class=\"wp-block-spacer\"><\/div>\n\n\n\n<p class=\"has-background\" style=\"background:linear-gradient(341deg,rgb(238,238,238) 49%,rgb(169,184,195) 100%)\">La presentaci\u00f3n de ponencias debe hacerse en l\u00ednea, a trav\u00e9s de la plataforma de env\u00edo del congreso: <a href=\"https:\/\/congress.oiv.int\/congres\/OIV2023ESP\/login?lang=es\" title=\"\"><strong>AQU\u00cd<\/strong><\/a><br><br>&#8211; Plazo para enviar los res\u00famenes:&nbsp;<strong>13 de febrero de 2023<\/strong>.<br>&#8211; Informaci\u00f3n sobre la decisi\u00f3n del comit\u00e9 de lectura y selecci\u00f3n:&nbsp;<strong>6 de marzo de 2023.<\/strong><br>&#8211; Plazo de entrega para el env\u00edo de la versi\u00f3n definitiva, destinada a publicaci\u00f3n en las actas del congreso:&nbsp;<strong>30 de abril de 2023.<\/strong><br><br><strong>Mas informaci\u00f3n: <a href=\"mailto:papers@oiv.int\" title=\"\">papers@oiv.int<\/a><\/strong><\/p>\n\n\n\n<div style=\"height:39px\" aria-hidden=\"true\" class=\"wp-block-spacer\"><\/div>\n\n\n\n<p class=\"has-medium-font-size\"><strong>C\u00f3mo participar<\/strong><\/p>\n\n\n\n<p><strong>Paso 1: <\/strong>Crear una cuenta de usuario en la p\u00e1gina web, completando los campos marcados con (*) que son los obligatorios. Luego se accede con el nombre de usuario (que ser\u00e1 la direcci\u00f3n de mail) y la contrase\u00f1a.<\/p>\n\n\n\n<p><strong>Paso 2:<\/strong> Carga de los resumenes, para \u00e9ste paso se debe tener en cuenta:<\/p>\n\n\n\n<ul class=\"wp-block-list\">\n<li>Determinar el tipo de presentaci\u00f3n (ponencia oral, breve o poster).<\/li>\n\n\n\n<li>Seleccionar secci\u00f3n y tema al cual corresponda la presentaci\u00f3n.<\/li>\n\n\n\n<li>Nombrar autores y organizaciones que intervienen, comenzando por el autor principal <\/li>\n\n\n\n<li>Si se selecciona una ponencia oral o breve, se interpreta que el autor principal realizar\u00e1 la exposici\u00f3n, en caso contrario se debe nombrar especificamente al presentador, cuya inscripci\u00f3n es obligatoria.<\/li>\n\n\n\n<li>Identificaci\u00f3n de los autores: incluir nombre, direcci\u00f3n postal, correo electr\u00f3nico y los datos de contacto del autor principal.<\/li>\n\n\n\n<li>Indicar un t\u00edtulo que describa el trabajo, preferentemente de entre 10 y 12 palabras.<\/li>\n\n\n\n<li>Presentar un resumen de hasta 4.000 caracteres (incluyendo los espacios en blanco) para cada propuesta de trabajo, que deber\u00e1 ofrecer una s\u00edntesis lo m\u00e1s expl\u00edcito posible. <\/li>\n\n\n\n<li>El resumen debe ser entregado en ingl\u00e9s y en otras dos lenguas oficiales de la OIV (alem\u00e1n, franc\u00e9s, italiano, ruso y espa\u00f1ol).<\/li>\n<\/ul>\n\n\n\n<p><strong>Paso 3:<\/strong> Los resumenes ser\u00e1n evaluados por el comit\u00e9 de lectura y selecci\u00f3n, los criterios ser\u00e1n: relevancia para los temas, los subtemas y las secciones del congreso; aporte cient\u00edfico y la relevancia para los participantes del congreso. Las decisiones tomadas por el comit\u00e9 ser\u00e1n comunicadas el d\u00eda 6\/3\/23.<\/p>\n\n\n\n<p><strong>Paso 4: <\/strong>La versi\u00f3n definitiva destinada a la publicaci\u00f3n como actas del congreso, deber\u00e1 ser enviada dentro del plazo establecido a trav\u00e9s de la plataforma de comunicaci\u00f3n del congreso utilizando su cuenta de usuario. El plazo de entrega de la versi\u00f3n definitiva es el 30\/4\/23.<\/p>\n\n\n\n<div style=\"height:27px\" aria-hidden=\"true\" class=\"wp-block-spacer\"><\/div>\n\n\n\n<p>Las actas del Congreso se publicar\u00e1n y difundir\u00e1n en la p\u00e1gina web especial para este prop\u00f3sito en la plataforma EDP Siencies BIO Web of Conferences <a href=\"https:\/\/oiv.edpsciencies.org\/tous-les-actes\" title=\"\"><strong>https:\/\/oiv.edpsciencies.org\/tous-les-actes<\/strong><\/a>, donde todos los art\u00edculos publicados tendr\u00e1n una identidad fija en internet (Identificador de Objeto Digital &#8211; IOD), que permitir\u00e1 una identificaci\u00f3n y una cita f\u00e1cil y estandarizada.<\/p>\n\n\n\n<div style=\"height:53px\" aria-hidden=\"true\" class=\"wp-block-spacer\"><\/div>\n","protected":false},"excerpt":{"rendered":"<p>La Organizaci\u00f3n Internacional de la Vid y el Vino (OIV) llam\u00f3 a profesionales de la&hellip;<\/p>\n","protected":false},"author":3,"featured_media":83983,"comment_status":"open","ping_status":"open","sticky":false,"template":"","format":"standard","meta":{"footnotes":""},"categories":[14],"tags":[],"class_list":["post-83951","post","type-post","status-publish","format-standard","has-post-thumbnail","hentry","category-news"],"_links":{"self":[{"href":"https:\/\/enolife.com.ar\/es\/wp-json\/wp\/v2\/posts\/83951","targetHints":{"allow":["GET"]}}],"collection":[{"href":"https:\/\/enolife.com.ar\/es\/wp-json\/wp\/v2\/posts"}],"about":[{"href":"https:\/\/enolife.com.ar\/es\/wp-json\/wp\/v2\/types\/post"}],"author":[{"embeddable":true,"href":"https:\/\/enolife.com.ar\/es\/wp-json\/wp\/v2\/users\/3"}],"replies":[{"embeddable":true,"href":"https:\/\/enolife.com.ar\/es\/wp-json\/wp\/v2\/comments?post=83951"}],"version-history":[{"count":0,"href":"https:\/\/enolife.com.ar\/es\/wp-json\/wp\/v2\/posts\/83951\/revisions"}],"wp:featuredmedia":[{"embeddable":true,"href":"https:\/\/enolife.com.ar\/es\/wp-json\/wp\/v2\/media\/83983"}],"wp:attachment":[{"href":"https:\/\/enolife.com.ar\/es\/wp-json\/wp\/v2\/media?parent=83951"}],"wp:term":[{"taxonomy":"category","embeddable":true,"href":"https:\/\/enolife.com.ar\/es\/wp-json\/wp\/v2\/categories?post=83951"},{"taxonomy":"post_tag","embeddable":true,"href":"https:\/\/enolife.com.ar\/es\/wp-json\/wp\/v2\/tags?post=83951"}],"curies":[{"name":"wp","href":"https:\/\/api.w.org\/{rel}","templated":true}]}}