{"id":8386,"date":"2020-02-24T16:39:45","date_gmt":"2020-02-24T16:39:45","guid":{"rendered":"http:\/\/enolife.com.ar\/es\/?p=8386"},"modified":"2020-02-28T22:30:55","modified_gmt":"2020-02-28T22:30:55","slug":"una-fiesta-para-celebrar-a-los-trabajadores-del-vino-el-28-2-en-el-bermejo","status":"publish","type":"post","link":"https:\/\/enolife.com.ar\/es\/una-fiesta-para-celebrar-a-los-trabajadores-del-vino-el-28-2-en-el-bermejo\/","title":{"rendered":"Hoy es la Vendimia del Trabajador en Bermejo, shows, gastronom\u00eda y cultura"},"content":{"rendered":"\n<h4 class=\"wp-block-heading\"><em><strong>Por tercer a\u00f1o consecutivo, se realiza en Mendoza la Vendimia del Trabajador, que honra al vino producido por sus propios hacedores organizados. Esta vez, la cita es hoy viernes 28\/2 a partir de las 19 en el frigor\u00edfico recuperado La Lagunita, en el coraz\u00f3n del pintoresco barrio El Bermejo, de Guaymall\u00e9n. Se trata de un encuentro cultural y gastron\u00f3mico donde se rescata la m\u00fasica cuyana, nacional y latinoamericana, con actuaci\u00f3n de talentosos bailarines mendocinos.<\/strong><\/em><\/h4>\n\n\n\n<div style=\"height:20px\" aria-hidden=\"true\" class=\"wp-block-spacer\"><\/div>\n\n\n\n<p>Adem\u00e1s de m\u00fasica, artesan\u00edas y danzas t\u00edpicas, en la Vendimia del Trabajador se podr\u00e1n disfrutar comidas tradicionales como el chivo \u201ckume matru\u201d, preparado seg\u00fan la receta mapuche por trabajadores del Sur mendocino. Tambi\u00e9n habr\u00e1 artesan\u00edas regional, con prendas confeccionadas al telar; pintores muralistas en vivo y talleres y cl\u00ednicas de m\u00fasica donde los artistas y el p\u00fablico en general podr\u00e1n aprender t\u00e9cnicas y compartir experiencias. <\/p>\n\n\n\n<div style=\"height:20px\" aria-hidden=\"true\" class=\"wp-block-spacer\"><\/div>\n\n\n\n<figure class=\"wp-block-gallery columns-2 is-cropped wp-block-gallery-1 is-layout-flex wp-block-gallery-is-layout-flex\"><ul class=\"blocks-gallery-grid\"><li class=\"blocks-gallery-item\"><figure><img loading=\"lazy\" decoding=\"async\" width=\"414\" height=\"414\" src=\"https:\/\/enolife.com.ar\/es\/wp-content\/uploads\/2020\/02\/vendimia-3.jpg\" alt=\"\" data-id=\"8397\" data-link=\"https:\/\/enolife.com.ar\/es\/?attachment_id=8397\" class=\"wp-image-8397\" srcset=\"https:\/\/enolife.com.ar\/es\/wp-content\/uploads\/2020\/02\/vendimia-3.jpg 414w, https:\/\/enolife.com.ar\/es\/wp-content\/uploads\/2020\/02\/vendimia-3-300x300.jpg 300w, https:\/\/enolife.com.ar\/es\/wp-content\/uploads\/2020\/02\/vendimia-3-150x150.jpg 150w\" sizes=\"auto, (max-width: 414px) 100vw, 414px\" \/><\/figure><\/li><li class=\"blocks-gallery-item\"><figure><img loading=\"lazy\" decoding=\"async\" width=\"414\" height=\"414\" src=\"https:\/\/enolife.com.ar\/es\/wp-content\/uploads\/2020\/02\/vendimia-4.jpg\" alt=\"\" data-id=\"8398\" data-full-url=\"https:\/\/enolife.com.ar\/es\/wp-content\/uploads\/2020\/02\/vendimia-4.jpg\" data-link=\"https:\/\/enolife.com.ar\/es\/?attachment_id=8398\" class=\"wp-image-8398\" srcset=\"https:\/\/enolife.com.ar\/es\/wp-content\/uploads\/2020\/02\/vendimia-4.jpg 414w, https:\/\/enolife.com.ar\/es\/wp-content\/uploads\/2020\/02\/vendimia-4-300x300.jpg 300w, https:\/\/enolife.com.ar\/es\/wp-content\/uploads\/2020\/02\/vendimia-4-150x150.jpg 150w\" sizes=\"auto, (max-width: 414px) 100vw, 414px\" \/><\/figure><\/li><\/ul><\/figure>\n\n\n\n<div style=\"height:20px\" aria-hidden=\"true\" class=\"wp-block-spacer\"><\/div>\n\n\n\n<p>Adem\u00e1s, como en las ediciones anteriores, se destacar\u00e1 el rol de las mujeres como protagonistas del proceso econ\u00f3mico provincial y al agua como promotora y generadora de vida. <\/p>\n\n\n\n<div style=\"height:20px\" aria-hidden=\"true\" class=\"wp-block-spacer\"><\/div>\n\n\n\n<figure class=\"wp-block-gallery columns-2 is-cropped wp-block-gallery-2 is-layout-flex wp-block-gallery-is-layout-flex\"><ul class=\"blocks-gallery-grid\"><li class=\"blocks-gallery-item\"><figure><img loading=\"lazy\" decoding=\"async\" width=\"960\" height=\"960\" src=\"https:\/\/enolife.com.ar\/es\/wp-content\/uploads\/2020\/02\/vendimia-1.jpg\" alt=\"\" data-id=\"8395\" class=\"wp-image-8395\" srcset=\"https:\/\/enolife.com.ar\/es\/wp-content\/uploads\/2020\/02\/vendimia-1.jpg 960w, https:\/\/enolife.com.ar\/es\/wp-content\/uploads\/2020\/02\/vendimia-1-300x300.jpg 300w, https:\/\/enolife.com.ar\/es\/wp-content\/uploads\/2020\/02\/vendimia-1-150x150.jpg 150w, https:\/\/enolife.com.ar\/es\/wp-content\/uploads\/2020\/02\/vendimia-1-768x768.jpg 768w, https:\/\/enolife.com.ar\/es\/wp-content\/uploads\/2020\/02\/vendimia-1-585x585.jpg 585w\" sizes=\"auto, (max-width: 960px) 100vw, 960px\" \/><\/figure><\/li><li class=\"blocks-gallery-item\"><figure><img loading=\"lazy\" decoding=\"async\" width=\"414\" height=\"414\" src=\"https:\/\/enolife.com.ar\/es\/wp-content\/uploads\/2020\/02\/vendimia-2.jpg\" alt=\"\" data-id=\"8396\" data-full-url=\"https:\/\/enolife.com.ar\/es\/wp-content\/uploads\/2020\/02\/vendimia-2.jpg\" data-link=\"https:\/\/enolife.com.ar\/es\/?attachment_id=8396\" class=\"wp-image-8396\" srcset=\"https:\/\/enolife.com.ar\/es\/wp-content\/uploads\/2020\/02\/vendimia-2.jpg 414w, https:\/\/enolife.com.ar\/es\/wp-content\/uploads\/2020\/02\/vendimia-2-300x300.jpg 300w, https:\/\/enolife.com.ar\/es\/wp-content\/uploads\/2020\/02\/vendimia-2-150x150.jpg 150w\" sizes=\"auto, (max-width: 414px) 100vw, 414px\" \/><\/figure><\/li><\/ul><\/figure>\n\n\n\n<div style=\"height:20px\" aria-hidden=\"true\" class=\"wp-block-spacer\"><\/div>\n\n\n\n<p>Actuar\u00e1n los m\u00fasicos&nbsp;Los Mellizos Vilches,&nbsp;Gustavo Maturano,&nbsp;Oye Primate,&nbsp;Anal\u00eda Garcetti,&nbsp;Sandra Amaya,&nbsp;Alejandra Bermejillo,&nbsp;Los Alfajores de la Pampa Seca,&nbsp;Andres Iacopini&nbsp;y&nbsp;Jessica Bergara. La fiesta contar\u00e1 con la participaci\u00f3n especial de la&nbsp;pareja de danza cordobesa&nbsp;conformada por Bel\u00e9n Zapiola y el Negro Valdivia. La conducci\u00f3n y animaci\u00f3n art\u00edstica estar\u00e1n a cargo de los periodistas y locutores Alejandro&nbsp; Rotta y M\u00f3nica Borre. En la producci\u00f3n general aparece Pat\u00e1n P\u00farpora, con gui\u00f3n de Va Poes\u00eda Argentina.<\/p>\n\n\n\n<div style=\"height:20px\" aria-hidden=\"true\" class=\"wp-block-spacer\"><\/div>\n\n\n\n<div class=\"wp-block-image\"><figure class=\"aligncenter size-large\"><img loading=\"lazy\" decoding=\"async\" width=\"552\" height=\"395\" src=\"https:\/\/enolife.com.ar\/es\/wp-content\/uploads\/2020\/02\/image-37.png\" alt=\"\" class=\"wp-image-8390\" srcset=\"https:\/\/enolife.com.ar\/es\/wp-content\/uploads\/2020\/02\/image-37.png 552w, https:\/\/enolife.com.ar\/es\/wp-content\/uploads\/2020\/02\/image-37-300x215.png 300w\" sizes=\"auto, (max-width: 552px) 100vw, 552px\" \/><\/figure><\/div>\n\n\n\n<div style=\"height:20px\" aria-hidden=\"true\" class=\"wp-block-spacer\"><\/div>\n\n\n\n<ul class=\"wp-block-list\"><li><strong>Fecha<\/strong>: viernes 28 de febrero.<\/li><li><strong>Horarios<\/strong>: Apertura a las 19 hs; espect\u00e1culos art\u00edsticos a partir de las 21 hs.<\/li><li><strong>Lugar<\/strong>: Predio del frigor\u00edfico cooperativo La Nueva Lagunita. Calle Avelino Maure 3692 esq. y Lisandro de la Torre, Bermejo, Guaymall\u00e9n.<\/li><li><strong>Valor de la entrada: <\/strong>Contribuci\u00f3n de $100.<\/li><\/ul>\n\n\n\n<div style=\"height:20px\" aria-hidden=\"true\" class=\"wp-block-spacer\"><\/div>\n\n\n\n<p><strong>Invitan<\/strong>: Organizaciones de la econom\u00eda social y popular, cooperativas y federaciones, sindicatos, movimientos de artistas y m\u00fasicos mendocinos, redes de trabajadores nacionales, entidades vecinalistas  e instituciones locales. <\/p>\n\n\n\n<p><strong>Organizan<\/strong>: Cooperativa Frigor\u00edfico Recuperado Lagunita, Malalweche, Atilra, Sindicato Luz y Fuerza,&nbsp;AFAI, Va Poes\u00eda, Cooperativa Las Vegas, Consejo Entidades El Bermejo, Cooperativa y Sindicato de&nbsp;Contratistas de Vi\u00f1as y Frutales.<\/p>\n\n\n\n<p><strong>Apoyan<\/strong>: Ministerio de Cultura de la Naci\u00f3n, Fecovita, ACER, CGT, CTA, INTA, Municipalidad&nbsp;de Guaymall\u00e9n, La Paz, Maip\u00fa y Tunuy\u00e1n, MIM, Radar, Satsaid, Corriente Federal de&nbsp;Trabajadores, Ossacra, Ruta de Artesanos y Emprendedores Mendocinos, Direcci\u00f3n de&nbsp;Econom\u00eda Social y Asociatividad y Foeva.<\/p>\n\n\n\n<div style=\"height:20px\" aria-hidden=\"true\" class=\"wp-block-spacer\"><\/div>\n\n\n\n<p class=\"has-background has-luminous-vivid-amber-background-color\"><strong>Para m\u00e1s informaci\u00f3n:  <a href=\"https:\/\/www.facebook.com\/events\/2487712584890893\/\">https:\/\/www.facebook.com\/events\/2487712584890893\/<\/a> <\/strong><\/p>\n\n\n\n<p><\/p>\n\n\n\n<p><\/p>\n\n\n\n<p><\/p>\n","protected":false},"excerpt":{"rendered":"<p>Por tercer a\u00f1o consecutivo, se realiza en Mendoza la Vendimia del Trabajador, que honra al&hellip;<\/p>\n","protected":false},"author":3,"featured_media":8401,"comment_status":"open","ping_status":"open","sticky":false,"template":"","format":"standard","meta":{"footnotes":""},"categories":[47],"tags":[],"class_list":["post-8386","post","type-post","status-publish","format-standard","has-post-thumbnail","hentry","category-agenda"],"_links":{"self":[{"href":"https:\/\/enolife.com.ar\/es\/wp-json\/wp\/v2\/posts\/8386","targetHints":{"allow":["GET"]}}],"collection":[{"href":"https:\/\/enolife.com.ar\/es\/wp-json\/wp\/v2\/posts"}],"about":[{"href":"https:\/\/enolife.com.ar\/es\/wp-json\/wp\/v2\/types\/post"}],"author":[{"embeddable":true,"href":"https:\/\/enolife.com.ar\/es\/wp-json\/wp\/v2\/users\/3"}],"replies":[{"embeddable":true,"href":"https:\/\/enolife.com.ar\/es\/wp-json\/wp\/v2\/comments?post=8386"}],"version-history":[{"count":0,"href":"https:\/\/enolife.com.ar\/es\/wp-json\/wp\/v2\/posts\/8386\/revisions"}],"wp:featuredmedia":[{"embeddable":true,"href":"https:\/\/enolife.com.ar\/es\/wp-json\/wp\/v2\/media\/8401"}],"wp:attachment":[{"href":"https:\/\/enolife.com.ar\/es\/wp-json\/wp\/v2\/media?parent=8386"}],"wp:term":[{"taxonomy":"category","embeddable":true,"href":"https:\/\/enolife.com.ar\/es\/wp-json\/wp\/v2\/categories?post=8386"},{"taxonomy":"post_tag","embeddable":true,"href":"https:\/\/enolife.com.ar\/es\/wp-json\/wp\/v2\/tags?post=8386"}],"curies":[{"name":"wp","href":"https:\/\/api.w.org\/{rel}","templated":true}]}}