{"id":8375,"date":"2020-02-23T21:32:49","date_gmt":"2020-02-23T21:32:49","guid":{"rendered":"http:\/\/enolife.com.ar\/es\/?p=8375"},"modified":"2020-02-25T14:38:01","modified_gmt":"2020-02-25T14:38:01","slug":"el-diputado-alejandro-bermejo-pj-propuso-que-el-congreso-nacional-medie-en-la-crisis-vitivinicola","status":"publish","type":"post","link":"https:\/\/enolife.com.ar\/es\/el-diputado-alejandro-bermejo-pj-propuso-que-el-congreso-nacional-medie-en-la-crisis-vitivinicola\/","title":{"rendered":"El diputado Alejandro Bermejo (PJ) propuso que el Congreso Nacional medie en la crisis vitivin\u00edcola"},"content":{"rendered":"\n<h4 class=\"wp-block-heading\"><em><strong>El legislador por Mendoza -ex intendente de Maip\u00fa-  presentar\u00e1 el mi\u00e9rcoles 26\/2 un proyecto de ley para la creaci\u00f3n de una mesa nacional que propicie el di\u00e1logo de todos los actores de la cadena vitivin\u00edcola. La propuesta surge tras la crisis provocada por la renuncia de Bodegas de Argentina y otras agrupaciones del sector a la Corporaci\u00f3n Vitivin\u00edcola Argentina. Acompa\u00f1a la iniciativa la diputada Marisa Uceda, tambi\u00e9n del Frente de Todos.  <\/strong><\/em><\/h4>\n\n\n\n<div style=\"height:27px\" aria-hidden=\"true\" class=\"wp-block-spacer\"><\/div>\n\n\n\n<p>Considerando la compleja situaci\u00f3n que atraviesa la industria vitivin\u00edcola no s\u00f3lo de Mendoza, sino de todo el pa\u00eds, el ex intendente de Maip\u00fa y actual diputado nacional Alejandro Bermejo propiciar\u00e1 la creaci\u00f3n de una \u00abMesa Nacional de Urgencia\u00bb que permita la participaci\u00f3n de todos los actores de la cadena vitivin\u00edcola de todas las provincias productoras, a fin de encontrar caminos de consenso para superar la actual situaci\u00f3n.<\/p>\n\n\n\n<p>\u201cA la problem\u00e1tica econ\u00f3mica de todos los segmentos de la cadena, siendo obviamente el m\u00e1s afectado el sector productivo y elaborador peque\u00f1o y mediano, se le ha sumado en las \u00faltimas semanas una crisis institucional muy profunda\u201d, expresa el legislador en su presentaci\u00f3n ante el Congreso de la Nacion.<\/p>\n\n\n\n<p>\u00abEs importante recordar que por Ley 25.849 en el a\u00f1o 2004, se crea la Corporaci\u00f3n Vitivin\u00edcola Argentina (Coviar) como persona jur\u00eddica de derecho p\u00fablico no estatal, destinada a gestionar y coordinar la implementaci\u00f3n del denominado Plan Estrat\u00e9gico Vitivin\u00edcola 2020 (PEVI 2020). Ley en la que se determinan la misi\u00f3n, objetivo y funciones para la Coviar con sus autoridades, recursos, sanciones, evaluaci\u00f3n y coordinaci\u00f3n\u00bb, prosigue el escrito. <\/p>\n\n\n\n<p>Y argumenta: \u00abTranscurriendo ya el a\u00f1o 2020, en un mundo que modific\u00f3 sus h\u00e1bitos de consumo, con importantes transformaciones en el mercado mundial, diversas pol\u00edticas macroecon\u00f3micas en nuestro pa\u00eds, se hace necesario realizar un replanteo profundo de esta econom\u00eda regional que adem\u00e1s se ha extendido a varias provincias productoras en la Argentina\u00bb. <\/p>\n\n\n\n<p>El legislador contin\u00faa: \u201cNecesitamos un nuevo gran acuerdo entre los actores de la cadena vitivin\u00edcola. Se hace necesario adem\u00e1s reconsiderar los factores que llevaron a la actual situaci\u00f3n cr\u00edtica de la industria, tales son, ca\u00edda del consumo interno per c\u00e1pita, retracci\u00f3n del mercado interno y externo, expulsi\u00f3n de productores de la cadena, por enumerar algunos de los m\u00e1s importantes\u201d. <\/p>\n\n\n\n<p>Luego expresa: \u201cDebido a que el PEVI 2020 fue delegado en su ejecuci\u00f3n a la Corporaci\u00f3n Vitivin\u00edcola Argentina (Coviar), y \u00e9sta como lo hemos mencionado anteriormente fue creada por Ley Nacional, es que consideramos que el \u00e1mbito adecuado para esta revisi\u00f3n con perspectivas de creaci\u00f3n de un nuevo acuerdo, es precisamente el Congreso Nacional\u00bb.<\/p>\n\n\n\n<p>Finalmente, redondea: \u00abEn este sentido, entonces, es que junto con la diputada Marisa Uceda propongo la creaci\u00f3n de una comisi\u00f3n legislativa de urgencia que, con la necesaria presencia de  legisladores de las provincias productoras, pueda convocar a los protagonistas y actores de la cadena vitivin\u00edcola a exponer sus realidades, y as\u00ed evaluar el camino adecuado para seguir promoviendo tanto la organizaci\u00f3n e integraci\u00f3n de los mismos, como tambi\u00e9n la innovaci\u00f3n de productos y procesos que acrecienten el valor agregado del sector, con la finalidad de ganar, mantener y consolidar el  mercado interno argentino, el externo y lograr el desarrollo sostenido del sector\u201d.  <\/p>\n\n\n\n<p><\/p>\n","protected":false},"excerpt":{"rendered":"<p>El legislador por Mendoza -ex intendente de Maip\u00fa- presentar\u00e1 el mi\u00e9rcoles 26\/2 un proyecto de&hellip;<\/p>\n","protected":false},"author":3,"featured_media":8377,"comment_status":"open","ping_status":"open","sticky":false,"template":"","format":"standard","meta":{"footnotes":""},"categories":[14],"tags":[],"class_list":["post-8375","post","type-post","status-publish","format-standard","has-post-thumbnail","hentry","category-news"],"_links":{"self":[{"href":"https:\/\/enolife.com.ar\/es\/wp-json\/wp\/v2\/posts\/8375","targetHints":{"allow":["GET"]}}],"collection":[{"href":"https:\/\/enolife.com.ar\/es\/wp-json\/wp\/v2\/posts"}],"about":[{"href":"https:\/\/enolife.com.ar\/es\/wp-json\/wp\/v2\/types\/post"}],"author":[{"embeddable":true,"href":"https:\/\/enolife.com.ar\/es\/wp-json\/wp\/v2\/users\/3"}],"replies":[{"embeddable":true,"href":"https:\/\/enolife.com.ar\/es\/wp-json\/wp\/v2\/comments?post=8375"}],"version-history":[{"count":0,"href":"https:\/\/enolife.com.ar\/es\/wp-json\/wp\/v2\/posts\/8375\/revisions"}],"wp:featuredmedia":[{"embeddable":true,"href":"https:\/\/enolife.com.ar\/es\/wp-json\/wp\/v2\/media\/8377"}],"wp:attachment":[{"href":"https:\/\/enolife.com.ar\/es\/wp-json\/wp\/v2\/media?parent=8375"}],"wp:term":[{"taxonomy":"category","embeddable":true,"href":"https:\/\/enolife.com.ar\/es\/wp-json\/wp\/v2\/categories?post=8375"},{"taxonomy":"post_tag","embeddable":true,"href":"https:\/\/enolife.com.ar\/es\/wp-json\/wp\/v2\/tags?post=8375"}],"curies":[{"name":"wp","href":"https:\/\/api.w.org\/{rel}","templated":true}]}}