{"id":83669,"date":"2023-01-05T15:38:07","date_gmt":"2023-01-05T15:38:07","guid":{"rendered":"https:\/\/enolife.com.ar\/es\/?p=83669"},"modified":"2023-01-10T13:59:27","modified_gmt":"2023-01-10T13:59:27","slug":"con-telemedicion-y-monitoreo-de-vinas-logran-predecir-el-riesgo-de-oidio-y-usar-menos-agroquimicos","status":"publish","type":"post","link":"https:\/\/enolife.com.ar\/es\/con-telemedicion-y-monitoreo-de-vinas-logran-predecir-el-riesgo-de-oidio-y-usar-menos-agroquimicos\/","title":{"rendered":"Con telemedici\u00f3n y monitoreo de vi\u00f1as, logran predecir el riesgo de o\u00eddio y usar menos agroqu\u00edmicos"},"content":{"rendered":"\n<h4 class=\"wp-block-heading\"><em><strong>El proyecto, promovido por la Uni\u00f3n Europea y el Gobierno de Navarra, Espa\u00f1a, logr\u00f3 desarrollar un modelo predictivo exitoso para disminuir el empleo de productos fitosanitarios en una lucha sostenible contra el o\u00eddio. La herramienta puede adaptarse a cada localizaci\u00f3n y realizar una detenci\u00f3n temprana de esta enfermedad, que provoca importantes p\u00e9rdidas en la cosecha y en la calidad de la uva, adem\u00e1s de tener un fuerte impacto econ\u00f3mico.&nbsp;<\/strong><\/em><\/h4>\n\n\n\n<div style=\"height:40px\" aria-hidden=\"true\" class=\"wp-block-spacer\"><\/div>\n\n\n<a href=\"https:\/\/www.instagram.com\/agroconciencia_\" aria-label=\"BANNER AGROCONCIENCIA 1700X500\"><img loading=\"lazy\" decoding=\"async\" src=\"https:\/\/enolife.com.ar\/es\/wp-content\/uploads\/2019\/07\/BANNER-AGROCONCIENCIA-1700X500-1.jpg\" alt=\"\"  srcset=\"https:\/\/enolife.com.ar\/es\/wp-content\/uploads\/2019\/07\/BANNER-AGROCONCIENCIA-1700X500-1.jpg 1700w, https:\/\/enolife.com.ar\/es\/wp-content\/uploads\/2019\/07\/BANNER-AGROCONCIENCIA-1700X500-1-300x88.jpg 300w, https:\/\/enolife.com.ar\/es\/wp-content\/uploads\/2019\/07\/BANNER-AGROCONCIENCIA-1700X500-1-1024x301.jpg 1024w, https:\/\/enolife.com.ar\/es\/wp-content\/uploads\/2019\/07\/BANNER-AGROCONCIENCIA-1700X500-1-768x226.jpg 768w, https:\/\/enolife.com.ar\/es\/wp-content\/uploads\/2019\/07\/BANNER-AGROCONCIENCIA-1700X500-1-1536x452.jpg 1536w, https:\/\/enolife.com.ar\/es\/wp-content\/uploads\/2019\/07\/BANNER-AGROCONCIENCIA-1700X500-1-1170x344.jpg 1170w, https:\/\/enolife.com.ar\/es\/wp-content\/uploads\/2019\/07\/BANNER-AGROCONCIENCIA-1700X500-1-585x172.jpg 585w\" sizes=\"auto, (max-width: 1700px) 100vw, 1700px\" width=\"1700\" height=\"500\"   \/><\/a>\n\n\n<div style=\"height:46px\" aria-hidden=\"true\" class=\"wp-block-spacer\"><\/div>\n\n\n\n<p>La bodega espa\u00f1ola <strong>Pagos de Araiz<\/strong>, perteneciente al grupo <strong>Masaveu Bodegas<\/strong>, con el apoyo de un programa de investigaci\u00f3n de la <strong>Uni\u00f3n Europea (UE)<\/strong>, desarroll\u00f3 varios proyectos de investigaci\u00f3n para respetar y mejorar el ecosistema que rodea las labores vitivin\u00edcolas. El objetivo general del desarrollo ha sido controlar el&nbsp;estado vegetativo e h\u00eddrico del vi\u00f1edo<strong>&nbsp;<\/strong>mediante la&nbsp;teledetecci\u00f3n<strong>,&nbsp;<\/strong>para luchar contra el cambio clim\u00e1tico. Y uno de ellos, cuyos resultados se presentaron a mediados de diciembre de 2022 en <strong>Navarra, Espa\u00f1a<\/strong>, se centr\u00f3 en las enfermedades biol\u00f3gicas en el vi\u00f1edo y su prevenci\u00f3n.<\/p>\n\n\n\n<div style=\"height:31px\" aria-hidden=\"true\" class=\"wp-block-spacer\"><\/div>\n\n\n\n<div class=\"wp-block-columns is-layout-flex wp-container-core-columns-is-layout-9d6595d7 wp-block-columns-is-layout-flex\">\n<div class=\"wp-block-column is-layout-flow wp-block-column-is-layout-flow\" style=\"flex-basis:50%\"><div class=\"wp-block-image\">\n<figure class=\"aligncenter size-full is-resized\"><a href=\"https:\/\/enolife.com.ar\/es\/wp-content\/uploads\/2023\/01\/map-1.jpg\" data-rel=\"penci-gallery-image-content\" ><img loading=\"lazy\" decoding=\"async\" src=\"https:\/\/enolife.com.ar\/es\/wp-content\/uploads\/2023\/01\/map-1.jpg\" alt=\"\" class=\"wp-image-83895\" width=\"446\" height=\"302\" srcset=\"https:\/\/enolife.com.ar\/es\/wp-content\/uploads\/2023\/01\/map-1.jpg 442w, https:\/\/enolife.com.ar\/es\/wp-content\/uploads\/2023\/01\/map-1-300x204.jpg 300w\" sizes=\"auto, (max-width: 446px) 100vw, 446px\" \/><\/a><figcaption class=\"wp-element-caption\"><em><strong>Digitalizaci\u00f3n de la caracterizaci\u00f3n agroclim\u00e1tica de Navarra<\/strong><\/em><\/figcaption><\/figure><\/div><\/div>\n\n\n\n<div class=\"wp-block-column is-layout-flow wp-block-column-is-layout-flow\" style=\"flex-basis:50%\"><div class=\"wp-block-image\">\n<figure class=\"aligncenter size-full is-resized\"><a href=\"https:\/\/enolife.com.ar\/es\/wp-content\/uploads\/2023\/01\/app-5.jpg\" data-rel=\"penci-gallery-image-content\" ><img loading=\"lazy\" decoding=\"async\" src=\"https:\/\/enolife.com.ar\/es\/wp-content\/uploads\/2023\/01\/app-5.jpg\" alt=\"\" class=\"wp-image-83900\" width=\"203\" height=\"263\" srcset=\"https:\/\/enolife.com.ar\/es\/wp-content\/uploads\/2023\/01\/app-5.jpg 405w, https:\/\/enolife.com.ar\/es\/wp-content\/uploads\/2023\/01\/app-5-231x300.jpg 231w\" sizes=\"auto, (max-width: 203px) 100vw, 203px\" \/><\/a><figcaption class=\"wp-element-caption\"><em><strong>Aplicaci\u00f3n web movil para toma de datos en campo<\/strong><\/em><\/figcaption><\/figure><\/div><\/div>\n<\/div>\n\n\n\n<div style=\"height:31px\" aria-hidden=\"true\" class=\"wp-block-spacer\"><\/div>\n\n\n\n<p>Se trata del <strong>Proyecto Oivina<\/strong>, que consigui\u00f3 desarrollar un modelo predictivo que, a su vez, permite disminuir el empleo de productos fitosanitarios en una lucha sostenible contra el o\u00eddio (causado por el hongo&nbsp;<em><strong>Uncinula necator<\/strong><\/em>&nbsp;y que es una de las enfermedades m\u00e1s graves que produce importantes p\u00e9rdidas de cosecha e impactos econ\u00f3micos).<\/p>\n\n\n\n<div style=\"height:21px\" aria-hidden=\"true\" class=\"wp-block-spacer\"><\/div>\n\n\n\n<h4 class=\"has-vivid-red-color has-text-color wp-block-heading\">Los fungicidas qu\u00edmicos se aplican generalmente de forma sistem\u00e1tica sin tener en cuenta el nivel de riesgo real cuando muchas de las aplicaciones de estos productos son prescindibles, generan un gasto econ\u00f3mico innecesario, se acumulan en suelos y filtran a acu\u00edferos, da\u00f1ando el medio ambiente e incluso la salud humana.<\/h4>\n\n\n\n<div style=\"height:31px\" aria-hidden=\"true\" class=\"wp-block-spacer\"><\/div>\n\n\n\n<p>La herramienta, en este caso, se adapt\u00f3 a las condiciones agroclim\u00e1ticas particulares de&nbsp;Navarra, pero que est\u00e1 prevista para utilizar, con los par\u00e1metros de geolocalizaci\u00f3n correspondientes, en otros lugares del mundo, previo convenios para compartir la tecnolog\u00eda. Para avanzar en la predicci\u00f3n, se han tenido en cuenta factores como los manejos de cultivo que se realizan en el vi\u00f1edo. En suma,&nbsp;se trata de una serie de acciones <strong>para hacer frente al cambio clim\u00e1tico<\/strong>&nbsp;como, por ejemplo, medidas enol\u00f3gicas para la correcci\u00f3n de la acidez, t\u00e9cnicas microbiol\u00f3gicas para reducir el grado alcoh\u00f3lico, medidas de adaptaci\u00f3n sobre vi\u00f1edos ya establecidos o medidas culturales para retrasar la maduraci\u00f3n de la pulpa.<\/p>\n\n\n\n<div style=\"height:31px\" aria-hidden=\"true\" class=\"wp-block-spacer\"><\/div>\n\n\n<div class=\"wp-block-image\">\n<figure class=\"aligncenter size-full is-resized\"><a href=\"https:\/\/enolife.com.ar\/es\/wp-content\/uploads\/2023\/01\/image-11.png\" data-rel=\"penci-gallery-image-content\" ><img loading=\"lazy\" decoding=\"async\" src=\"https:\/\/enolife.com.ar\/es\/wp-content\/uploads\/2023\/01\/image-11.png\" alt=\"\" class=\"wp-image-83888\" width=\"338\" height=\"454\" srcset=\"https:\/\/enolife.com.ar\/es\/wp-content\/uploads\/2023\/01\/image-11.png 400w, https:\/\/enolife.com.ar\/es\/wp-content\/uploads\/2023\/01\/image-11-223x300.png 223w\" sizes=\"auto, (max-width: 338px) 100vw, 338px\" \/><\/a><figcaption class=\"wp-element-caption\"><em><strong>Modelo de predicci\u00f3n de o\u00eddio, que incorpora nuevas variables y ajusta los par\u00e1metros internos para que las predicciones sean fiables y neutralicen los errores que pueden causar condiciones clim\u00e1ticas diferentes.&nbsp;<\/strong><\/em><\/figcaption><\/figure><\/div>\n\n\n<div style=\"height:31px\" aria-hidden=\"true\" class=\"wp-block-spacer\"><\/div>\n\n\n\n<p>En este sentido, el proyecto implementa y&nbsp;combina tecnolog\u00edas de agricultura de precisi\u00f3n como los sistemas de informaci\u00f3n agroclim\u00e1tica&nbsp;basadas en sensores y tecnolog\u00eda que facilitan la recolecci\u00f3n de datos de las parcelas a estudio para obtener informaci\u00f3n relevante. Adem\u00e1s, incorpora el modelo desarrollado a una&nbsp;<strong>herramienta integral de monitorizaci\u00f3n de cultivos&nbsp;(DSS),<\/strong> de manera que el usuario final pueda disponer no solo de informaci\u00f3n acerca del riesgo de o\u00eddio sino tambi\u00e9n de otras enfermedades potenciales.<\/p>\n\n\n\n<div style=\"height:30px\" aria-hidden=\"true\" class=\"wp-block-spacer\"><\/div>\n\n\n<div class=\"wp-block-image\">\n<figure class=\"aligncenter size-full is-resized\"><a href=\"https:\/\/enolife.com.ar\/es\/wp-content\/uploads\/2023\/01\/image-10.png\" data-rel=\"penci-gallery-image-content\" ><img loading=\"lazy\" decoding=\"async\" src=\"https:\/\/enolife.com.ar\/es\/wp-content\/uploads\/2023\/01\/image-10.png\" alt=\"\" class=\"wp-image-83886\" width=\"390\" height=\"220\" srcset=\"https:\/\/enolife.com.ar\/es\/wp-content\/uploads\/2023\/01\/image-10.png 400w, https:\/\/enolife.com.ar\/es\/wp-content\/uploads\/2023\/01\/image-10-300x169.png 300w\" sizes=\"auto, (max-width: 390px) 100vw, 390px\" \/><\/a><figcaption class=\"wp-element-caption\"><em><strong>El proyecto Oivina se desarrolla en el territorio de la Comunidad Foral de Navarra, abarcando zonas clim\u00e1ticas vit\u00edcolas diversas entre si.<\/strong><\/em><\/figcaption><\/figure><\/div>\n\n\n<div style=\"height:30px\" aria-hidden=\"true\" class=\"wp-block-spacer\"><\/div>\n\n\n\n<p>La nueva herramienta responde a los lineamientos de la estrategia Europa 2030. El proyecto est\u00e1 enmarcado en el Programa de Desarrollo Rural de Navarra 2014-2020, financiado por la Uni\u00f3n Europea y el Gobierno de Navarra. Ha sido desarrollado en colaboraci\u00f3n con la Uni\u00f3n de Agricultores y Ganaderos de Navarra, el Departamento de Desarrollo Rural y Medio Ambiente-Secci\u00f3n de Viticultura y Enolog\u00eda, Bodega Otazu Sau y Bodega Cirbonera Sociedad Cooperativa.<\/p>\n\n\n\n<div style=\"height:31px\" aria-hidden=\"true\" class=\"wp-block-spacer\"><\/div>\n\n\n<div class=\"wp-block-image\">\n<figure class=\"aligncenter size-full\"><a href=\"https:\/\/enolife.com.ar\/es\/wp-content\/uploads\/2023\/01\/52499080531_68cc0e6c88_c-1.jpg\" data-rel=\"penci-gallery-image-content\" ><img loading=\"lazy\" decoding=\"async\" width=\"557\" height=\"400\" src=\"https:\/\/enolife.com.ar\/es\/wp-content\/uploads\/2023\/01\/52499080531_68cc0e6c88_c-1.jpg\" alt=\"\" class=\"wp-image-83906\" srcset=\"https:\/\/enolife.com.ar\/es\/wp-content\/uploads\/2023\/01\/52499080531_68cc0e6c88_c-1.jpg 557w, https:\/\/enolife.com.ar\/es\/wp-content\/uploads\/2023\/01\/52499080531_68cc0e6c88_c-1-300x215.jpg 300w\" sizes=\"auto, (max-width: 557px) 100vw, 557px\" \/><\/a><figcaption class=\"wp-element-caption\"><em><strong>Jornada t\u00e9cnica del equipo en el vi\u00f1edo<\/strong><\/em><\/figcaption><\/figure><\/div>\n\n\n<div style=\"height:41px\" aria-hidden=\"true\" class=\"wp-block-spacer\"><\/div>\n\n\n\n<p class=\"has-medium-font-size\"><strong>Efectos del cambio clim\u00e1tico en el vi\u00f1edo<\/strong><\/p>\n\n\n\n<p>En la actualidad, Pagos de Araiz posee 32 hect\u00e1reas de vi\u00f1edo acorde a los criterios de Agricultura Ecol\u00f3gica y 210 siguiendo pautas de Producci\u00f3n Integrada con el objetivo de transformarlas en ecol\u00f3gico en un futuro a medio plazo.<\/p>\n\n\n\n<p>Una de las medidas adoptadas para la mejora de la sostenibilidad en la finca son la reforestaci\u00f3n para evitar la erosi\u00f3n del suelo, reducir la huella de carbono y facilitar la proliferaci\u00f3n de insectos polinizadores y depredadores reduciendo el uso de pesticidas y herbicidas. En lo que respecta al control y el uso del agua, la bodega prioriza la optimizaci\u00f3n del agua del riego realizando un seguimiento a trav\u00e9s de sondas de humedad.<\/p>\n\n\n\n<p>Esta bodega ha obtenido, adem\u00e1s, recientemente el sello <strong>Wineries For Climate Protection (WFCP)<\/strong> que acredita que es una bodega medioambientalmente sostenible, siendo una de las cincuenta bodegas de toda Espa\u00f1a que tienen esta certificaci\u00f3n.<\/p>\n\n\n\n<div style=\"height:40px\" aria-hidden=\"true\" class=\"wp-block-spacer\"><\/div>\n\n\n\n<p class=\"has-medium-font-size\"><strong>Sobre la bodega Pagos de Araiz<\/strong><\/p>\n\n\n\n<p>Con la adquisici\u00f3n de la Finca de Pagos de Araiz en <strong>Olite<\/strong>, por la familia Masaveu en el a\u00f1o 2000, germin\u00f3 un proyecto atrevido en la tradicional Denominaci\u00f3n de Origen (DO) Navarra. Esta apuesta comenz\u00f3 con la construcci\u00f3n de una bodega vanguardista de 14.000 m<sup>2<\/sup>&nbsp;y de estilo ch\u00e2teau, situada en las afueras de la villa medieval Olite.<\/p>\n\n\n\n<div style=\"height:29px\" aria-hidden=\"true\" class=\"wp-block-spacer\"><\/div>\n\n\n<div class=\"wp-block-image\">\n<figure class=\"aligncenter size-full is-resized\"><a href=\"https:\/\/enolife.com.ar\/es\/wp-content\/uploads\/2023\/01\/001_pagos-de-araiz-ruta-del-vino-enoturismo-navarra-espana-wine-turism-spian.jpg\" data-rel=\"penci-gallery-image-content\" ><img loading=\"lazy\" decoding=\"async\" src=\"https:\/\/enolife.com.ar\/es\/wp-content\/uploads\/2023\/01\/001_pagos-de-araiz-ruta-del-vino-enoturismo-navarra-espana-wine-turism-spian.jpg\" alt=\"\" class=\"wp-image-83909\" width=\"545\" height=\"367\" srcset=\"https:\/\/enolife.com.ar\/es\/wp-content\/uploads\/2023\/01\/001_pagos-de-araiz-ruta-del-vino-enoturismo-navarra-espana-wine-turism-spian.jpg 662w, https:\/\/enolife.com.ar\/es\/wp-content\/uploads\/2023\/01\/001_pagos-de-araiz-ruta-del-vino-enoturismo-navarra-espana-wine-turism-spian-300x202.jpg 300w, https:\/\/enolife.com.ar\/es\/wp-content\/uploads\/2023\/01\/001_pagos-de-araiz-ruta-del-vino-enoturismo-navarra-espana-wine-turism-spian-585x394.jpg 585w\" sizes=\"auto, (max-width: 545px) 100vw, 545px\" \/><\/a><figcaption class=\"wp-element-caption\"><em><strong>Bodega Pagos de Araiz<\/strong><\/em><\/figcaption><\/figure><\/div>\n\n\n<div style=\"height:31px\" aria-hidden=\"true\" class=\"wp-block-spacer\"><\/div>\n\n\n\n<p>En los tres a\u00f1os siguientes, se plantaron alrededor de las instalaciones, en esa finca de 300 hect\u00e1reas, 240 de vi\u00f1edos propios de distintas variedades de uvas (tempranillo, graciano, garnacha, merlot, cabernet sauvignon, chardonnay y syrah). Su innovadora forma de gesti\u00f3n y una amplia oferta enotur\u00edstica, conecta Pagos de Araiz al peso hist\u00f3rico, natural y vitivin\u00edcola del entorno con el arte y la gastronom\u00eda. Pagos de Araiz permite a los visitantes disfrutar del mundo del vino y del arte en un territorio vitivin\u00edcola cl\u00e1sico y emergente al mismo tiempo.<\/p>\n\n\n\n<div style=\"height:33px\" aria-hidden=\"true\" class=\"wp-block-spacer\"><\/div>\n\n\n\n<p class=\"has-small-font-size\"><em><strong>Fuentes: Tecnovino y Proyecto Oivina (Gobierno de Navarra, Espa\u00f1a, y Uni\u00f3n Europea)<\/strong><\/em><\/p>\n\n\n\n<div style=\"height:35px\" aria-hidden=\"true\" class=\"wp-block-spacer\"><\/div>\n","protected":false},"excerpt":{"rendered":"<p>El proyecto, promovido por la Uni\u00f3n Europea y el Gobierno de Navarra, Espa\u00f1a, logr\u00f3 desarrollar&hellip;<\/p>\n","protected":false},"author":3,"featured_media":83911,"comment_status":"open","ping_status":"open","sticky":false,"template":"","format":"standard","meta":{"footnotes":""},"categories":[5],"tags":[],"class_list":["post-83669","post","type-post","status-publish","format-standard","has-post-thumbnail","hentry","category-fincas"],"_links":{"self":[{"href":"https:\/\/enolife.com.ar\/es\/wp-json\/wp\/v2\/posts\/83669","targetHints":{"allow":["GET"]}}],"collection":[{"href":"https:\/\/enolife.com.ar\/es\/wp-json\/wp\/v2\/posts"}],"about":[{"href":"https:\/\/enolife.com.ar\/es\/wp-json\/wp\/v2\/types\/post"}],"author":[{"embeddable":true,"href":"https:\/\/enolife.com.ar\/es\/wp-json\/wp\/v2\/users\/3"}],"replies":[{"embeddable":true,"href":"https:\/\/enolife.com.ar\/es\/wp-json\/wp\/v2\/comments?post=83669"}],"version-history":[{"count":0,"href":"https:\/\/enolife.com.ar\/es\/wp-json\/wp\/v2\/posts\/83669\/revisions"}],"wp:featuredmedia":[{"embeddable":true,"href":"https:\/\/enolife.com.ar\/es\/wp-json\/wp\/v2\/media\/83911"}],"wp:attachment":[{"href":"https:\/\/enolife.com.ar\/es\/wp-json\/wp\/v2\/media?parent=83669"}],"wp:term":[{"taxonomy":"category","embeddable":true,"href":"https:\/\/enolife.com.ar\/es\/wp-json\/wp\/v2\/categories?post=83669"},{"taxonomy":"post_tag","embeddable":true,"href":"https:\/\/enolife.com.ar\/es\/wp-json\/wp\/v2\/tags?post=83669"}],"curies":[{"name":"wp","href":"https:\/\/api.w.org\/{rel}","templated":true}]}}