{"id":83425,"date":"2022-12-27T21:49:05","date_gmt":"2022-12-27T21:49:05","guid":{"rendered":"https:\/\/enolife.com.ar\/es\/?p=83425"},"modified":"2022-12-29T16:19:26","modified_gmt":"2022-12-29T16:19:26","slug":"inv-y-procrear-construiran-526-departamentos-en-edificios-de-5-pisos-en-calle-tirasso-de-guaymallen","status":"publish","type":"post","link":"https:\/\/enolife.com.ar\/es\/inv-y-procrear-construiran-526-departamentos-en-edificios-de-5-pisos-en-calle-tirasso-de-guaymallen\/","title":{"rendered":"INV y Procrear construir\u00e1n 526 departamentos en edificios de 5 pisos en calle Tirasso de Guaymall\u00e9n"},"content":{"rendered":"\n<h4 class=\"wp-block-heading\"><em><strong>Hoy 27\/12, el presidente del Instituto Nacional de Vitivinicultura, Mart\u00edn Hinojosa, junto al secretario de Desarrollo Territorial de la Naci\u00f3n, Luciano Scatolini, y el intendente de Guaymall\u00e9n, Marcelino Iglesias, anunciaron que se har\u00e1 el barrio Procrear-INV en un terreno de 95.000 m2 sobre esa importante arteria del departamento m\u00e1s poblado de Mendoza. All\u00ed funcion\u00f3 un club del personal del INV, pero hac\u00eda 15 a\u00f1os que estaba abandonado, hasta que entre el organismo regulador de la vitivinicultura argentina, la comuna de Guaymall\u00e9n y el Ministerio de Desarrollo Territorial de la Naci\u00f3n acordaron destinarlo a viviendas, las que en primera instancia beneficiar\u00e1n a empleados del INV que no tengan casa propia pero estar\u00e1n abiertas al resto de los postulantes. Las obras, ya adjudicadas, estar\u00e1n a cargo de tres empresas mendocinas: Laugero Construcciones SA, RIEC SA-Corporaci\u00f3n del Sur SA y OHA Construcciones SRL.<\/strong><\/em><\/h4>\n\n\n\n<div style=\"height:54px\" aria-hidden=\"true\" class=\"wp-block-spacer\"><\/div>\n\n\n\n\n\n<div style=\"height:79px\" aria-hidden=\"true\" class=\"wp-block-spacer\"><\/div>\n\n\n\n<p>En la firma del convenio, los funcionarios involucrados, cada uno a su turno, cont\u00f3 particularidades de c\u00f3mo surgi\u00f3 la idea del barrio <strong>INV-Procrear en Guaymall\u00e9n<\/strong>. <\/p>\n\n\n\n<div style=\"height:38px\" aria-hidden=\"true\" class=\"wp-block-spacer\"><\/div>\n\n\n\n<h4 class=\"has-vivid-red-color has-text-color wp-block-heading\">Las 526 viviendas, entre unifamiliares y multifamiliares, se construir\u00e1n en un terreno de 95.000 m2 ubicado en calle Tirasso 2131 de Guaymall\u00e9n, Mendoza.<\/h4>\n\n\n\n<div style=\"height:43px\" aria-hidden=\"true\" class=\"wp-block-spacer\"><\/div>\n\n\n\n<p><strong>Mart\u00edn Hinojosa<\/strong>, titular del <strong>Instituto Nacional de Vitivinicultura<\/strong> (INV), coment\u00f3 que tiempo atr\u00e1s, revisando documentaci\u00f3n financiera para racionalizar el gasto de su organismo, advirti\u00f3 que un terreno del INV ten\u00eda un fuerte gasto de mantenimiento y seguridad. Tras cerciorarse que se trababa de un antiguo club creado en su momento para el personal de la instituci\u00f3n, pero que desde hace 15 a\u00f1os no se utilizaba y estaba pr\u00e1cticamente abandonado, decidi\u00f3 avanzar con una idea pr\u00e1ctica en beneficio de los mendocinos sin casa propia. <\/p>\n\n\n\n<p><em>\u201cLo primero que hicimos fue ir a verlo<\/em> -relat\u00f3 Hinojosa-<em>, y<strong>&nbsp;<\/strong>decidimos que hab\u00eda que hacer algo con ese terreno que estaba abandonado&nbsp;desde hace unos 15 a\u00f1os, y as\u00ed se gener\u00f3 el compromiso de hacer algo para favorecer a los mendocinos. Como el tema habitacional es uno de nuestros grandes problemas se lo coment\u00e9 al ex ministro Jorge Ferraresi, quien inmediatamente me dijo que s\u00ed y a la semana ya estaba Luciano Scatolini con un primer dise\u00f1o para comenzar a trabajar\u201d.<\/em><\/p>\n\n\n\n<div style=\"height:34px\" aria-hidden=\"true\" class=\"wp-block-spacer\"><\/div>\n\n\n\n<blockquote class=\"wp-block-quote is-layout-flow wp-block-quote-is-layout-flow\">\n<p>Cada parcela del barrio llevar\u00e1 el nombre de una variedad de uva: chardonnay, malbec, cabernet, torront\u00e9s. Y entre cada parcela, en lugar de hacer cierres perimetrales tradicionales, se har\u00e1 un cierre plantando una vi\u00f1a con la variedad correspondiente a esa parcela. El barrio tendr\u00e1 un sello bien mendocino, ligado a la vitivinicultura\u00bb.<\/p>\n<cite>Mart\u00edn Hinojosa, presidente del INV<\/cite><\/blockquote>\n\n\n\n<div style=\"height:36px\" aria-hidden=\"true\" class=\"wp-block-spacer\"><\/div>\n\n\n\n<p>Por su parte, el funcionario nacional <strong>Luciano Scatolini,<\/strong> a cargo de Desarrollo Territorial del Ministerio de H\u00e1bitat, se\u00f1al\u00f3: <em>\u00abEs de gran valor poder contar con tierra bien localizada con un valor inmobiliario muy importante porque, generalmente, es tierra especulativa, porque lamentablemente, en la historia de nuestro pa\u00eds, la tierra la tuvieron pocos y la tuvieron para especular. Por eso, poder lograr que estos<strong>&nbsp;<\/strong>terrenos tan bien ubicados&nbsp;se pongan al servicio de una pol\u00edtica p\u00fablica, estatal, de acceso universal y transparente como es el Procrear habla muy bien de la gesti\u00f3n de Mart\u00edn Hinojosa\u201d<\/em>.<\/p>\n\n\n\n<div style=\"height:52px\" aria-hidden=\"true\" class=\"wp-block-spacer\"><\/div>\n\n\n<div class=\"wp-block-image\">\n<figure class=\"aligncenter size-full is-resized\"><a href=\"https:\/\/enolife.com.ar\/es\/wp-content\/uploads\/2022\/12\/inv_1.jpg\" data-rel=\"penci-gallery-image-content\" ><img loading=\"lazy\" decoding=\"async\" src=\"https:\/\/enolife.com.ar\/es\/wp-content\/uploads\/2022\/12\/inv_1.jpg\" alt=\"\" class=\"wp-image-83436\" width=\"351\" height=\"476\" srcset=\"https:\/\/enolife.com.ar\/es\/wp-content\/uploads\/2022\/12\/inv_1.jpg 333w, https:\/\/enolife.com.ar\/es\/wp-content\/uploads\/2022\/12\/inv_1-221x300.jpg 221w\" sizes=\"auto, (max-width: 351px) 100vw, 351px\" \/><\/a><figcaption class=\"wp-element-caption\"><em><strong>Luciano Scatolini y Mart\u00edn Hinojosa<\/strong><\/em><\/figcaption><\/figure><\/div>\n\n\n<div style=\"height:46px\" aria-hidden=\"true\" class=\"wp-block-spacer\"><\/div>\n\n\n\n<p>Otros de los personajes claves de este proyecto y del acuerdo firmado hoy, el intendente de Guaymall\u00e9n, <strong>Marcelino Iglesias<\/strong>, destac\u00f3 el trabajo<strong> <\/strong>en conjunto entre el INV, la Secretar\u00eda de Desarrollo Territorial y la Municipalidad de Guaymall\u00e9n para concretar esta idea, y asegur\u00f3 que desde su municipio <em>\u201cvamos a realizar todos los aportes, no solo t\u00e9cnicos, sino tambi\u00e9n vamos a realizar obras de infraestructura complementaria que van tener un gran impacto social y ambiental en la zona, que requiere de fuertes inversiones&#8230; Es bueno aunar esfuerzos&nbsp;y agradezco a Mart\u00edn Hinojosa por hacernos participar siempre de este proceso que nos permiti\u00f3 llegar a este trascendente d\u00eda\u201d.<\/em><\/p>\n\n\n\n<div style=\"height:35px\" aria-hidden=\"true\" class=\"wp-block-spacer\"><\/div>\n\n\n<div class=\"wp-block-image\">\n<figure class=\"aligncenter size-full is-resized\"><a href=\"https:\/\/enolife.com.ar\/es\/wp-content\/uploads\/2022\/12\/inv_12-1.jpg\" data-rel=\"penci-gallery-image-content\" ><img loading=\"lazy\" decoding=\"async\" src=\"https:\/\/enolife.com.ar\/es\/wp-content\/uploads\/2022\/12\/inv_12-1.jpg\" alt=\"\" class=\"wp-image-83441\" width=\"607\" height=\"425\" srcset=\"https:\/\/enolife.com.ar\/es\/wp-content\/uploads\/2022\/12\/inv_12-1.jpg 857w, https:\/\/enolife.com.ar\/es\/wp-content\/uploads\/2022\/12\/inv_12-1-300x210.jpg 300w, https:\/\/enolife.com.ar\/es\/wp-content\/uploads\/2022\/12\/inv_12-1-768x538.jpg 768w, https:\/\/enolife.com.ar\/es\/wp-content\/uploads\/2022\/12\/inv_12-1-585x410.jpg 585w\" sizes=\"auto, (max-width: 607px) 100vw, 607px\" \/><\/a><figcaption class=\"wp-element-caption\"><em><strong>Marisa Uceda, Luciano Scatolini, Mart\u00edn Hinojosa y Marcelino Iglesias<\/strong><\/em><\/figcaption><\/figure><\/div>\n\n\n<div style=\"height:39px\" aria-hidden=\"true\" class=\"wp-block-spacer\"><\/div>\n\n\n\n<p class=\"has-medium-font-size\"><strong>Un barrio entre vi\u00f1as y varietales<\/strong><\/p>\n\n\n\n<p>El titular del INV precis\u00f3 detalles de c\u00f3mo ser\u00e1 el aspecto urban\u00edstico del barrio: <em>\u00abSon siete etapas, vamos a empezar dividiendo el barrio en parcelas, y ya hemos definido que las parcelas llevar\u00e1n el nombre de las distintas uvas, como chardonnay, malbec, cabernet&#8230; Vamos a empezar por las primeras que se cosechan, las chardonnay, y a partir de ah\u00ed vamos a ir avanzando con otros bloques &#8216;varietales&#8217; y esperemos que el a\u00f1o que viene se avance fuerte y que podamos llegar con las viviendas a todos los mendocinos lo m\u00e1s r\u00e1pido posible&#8230; Estamos hablando de un barrio que va a tener un sello ligado al vino, en vez de hacer cierres perimetrales vamos a hacer cierres internos con vi\u00f1edos, y en cada parcela se plantar\u00e1 la variedad del mismo nombre que la parcela&#8230;\u00bb<\/em><\/p>\n\n\n\n<p>Finalmente, el secretario Scatolini dio algunas cifras de la inversi\u00f3n estatal y destac\u00f3 la integraci\u00f3n lograda para avanzar con el proyecto: <em>\u00abDurante este plan Procrear II ya hay 6.000 familias que accedieron a las l\u00edneas individuales, es decir aquellos que ya ten\u00edan un terreno y pudieron construir en ese terreno&#8230; Adem\u00e1s, hemos llegado a entregar las 1.200 viviendas que ya estaban construidas del Procrear I, y hoy estamos tambi\u00e9n haciendo viviendas en Maip\u00fa, Capital, Santa Rosa, con una inversi\u00f3n del estado nacional de m\u00e1s de 20.000 millones de pesos&#8230; Ojal\u00e1 que este proyecto con el INV que cerramos hoy pueda traspasar las barreras de la pol\u00edtica, de lo que llamamos grieta, porque lo que logramos hoy ha sido fruto de sentarnos a la misma mesa un intendente de un partido opositor, funcionarios de este gobierno nacional, legisladores, todos trabajando por un objetivo com\u00fan en pos de satisfacer las necesidades concretas de un pueblo que demanda soluciones y que los funcionarios p\u00fablicos cumplamos con nuestro deber\u00bb.<\/em><\/p>\n\n\n\n<div style=\"height:45px\" aria-hidden=\"true\" class=\"wp-block-spacer\"><\/div>\n","protected":false},"excerpt":{"rendered":"<p>Hoy 27\/12, el presidente del Instituto Nacional de Vitivinicultura, Mart\u00edn Hinojosa, junto al secretario de&hellip;<\/p>\n","protected":false},"author":3,"featured_media":83435,"comment_status":"open","ping_status":"open","sticky":false,"template":"","format":"standard","meta":{"footnotes":""},"categories":[14],"tags":[],"class_list":["post-83425","post","type-post","status-publish","format-standard","has-post-thumbnail","hentry","category-news"],"_links":{"self":[{"href":"https:\/\/enolife.com.ar\/es\/wp-json\/wp\/v2\/posts\/83425","targetHints":{"allow":["GET"]}}],"collection":[{"href":"https:\/\/enolife.com.ar\/es\/wp-json\/wp\/v2\/posts"}],"about":[{"href":"https:\/\/enolife.com.ar\/es\/wp-json\/wp\/v2\/types\/post"}],"author":[{"embeddable":true,"href":"https:\/\/enolife.com.ar\/es\/wp-json\/wp\/v2\/users\/3"}],"replies":[{"embeddable":true,"href":"https:\/\/enolife.com.ar\/es\/wp-json\/wp\/v2\/comments?post=83425"}],"version-history":[{"count":0,"href":"https:\/\/enolife.com.ar\/es\/wp-json\/wp\/v2\/posts\/83425\/revisions"}],"wp:featuredmedia":[{"embeddable":true,"href":"https:\/\/enolife.com.ar\/es\/wp-json\/wp\/v2\/media\/83435"}],"wp:attachment":[{"href":"https:\/\/enolife.com.ar\/es\/wp-json\/wp\/v2\/media?parent=83425"}],"wp:term":[{"taxonomy":"category","embeddable":true,"href":"https:\/\/enolife.com.ar\/es\/wp-json\/wp\/v2\/categories?post=83425"},{"taxonomy":"post_tag","embeddable":true,"href":"https:\/\/enolife.com.ar\/es\/wp-json\/wp\/v2\/tags?post=83425"}],"curies":[{"name":"wp","href":"https:\/\/api.w.org\/{rel}","templated":true}]}}