{"id":83373,"date":"2022-12-24T16:57:08","date_gmt":"2022-12-24T16:57:08","guid":{"rendered":"https:\/\/enolife.com.ar\/es\/?p=83373"},"modified":"2022-12-26T19:01:38","modified_gmt":"2022-12-26T19:01:38","slug":"llevale-a-verallia-las-botellas-y-frascos-que-te-sobren-en-las-fiestas-y-ganate-6-canastas-navidenas","status":"publish","type":"post","link":"https:\/\/enolife.com.ar\/es\/llevale-a-verallia-las-botellas-y-frascos-que-te-sobren-en-las-fiestas-y-ganate-6-canastas-navidenas\/","title":{"rendered":"Llevale a Verallia las botellas y frascos que te sobren en las Fiestas y ganate 6 canastas navide\u00f1as"},"content":{"rendered":"\n<h4 class=\"wp-block-heading\"><em><strong>El pr\u00f3ximo viernes 30\/12, la f\u00e1brica de envases para la industria del vino recibe todas las botellas que los mendocinos le lleven a Jumbo Chacras y Vea de La Barraca, para reciclar y donar el valor del vidrio a la Fundaci\u00f3n del Hospital Materno Infantil Humberto Notti. Adem\u00e1s, canjea las donaciones por cupones para el sorteo de 6 canastas de mercader\u00eda. La campa\u00f1a \u00abBrindar es dar\u00bb forma parte del programa solidario \u00abVidrio, una acci\u00f3n transparente\u00bb, que se realiza desde hace 11 a\u00f1os en Mendoza.<\/strong><\/em><\/h4>\n\n\n\n<div style=\"height:49px\" aria-hidden=\"true\" class=\"wp-block-spacer\"><\/div>\n\n\n<a href=\"https:\/\/ar.verallia.com\/\" aria-label=\"VERALLIA 1700 x 500\"><img loading=\"lazy\" decoding=\"async\" src=\"https:\/\/enolife.com.ar\/es\/wp-content\/uploads\/2021\/04\/VERALLIA-1700-x-500.jpg\" alt=\"\"  srcset=\"https:\/\/enolife.com.ar\/es\/wp-content\/uploads\/2021\/04\/VERALLIA-1700-x-500.jpg 1700w, https:\/\/enolife.com.ar\/es\/wp-content\/uploads\/2021\/04\/VERALLIA-1700-x-500-300x88.jpg 300w, https:\/\/enolife.com.ar\/es\/wp-content\/uploads\/2021\/04\/VERALLIA-1700-x-500-1024x301.jpg 1024w, https:\/\/enolife.com.ar\/es\/wp-content\/uploads\/2021\/04\/VERALLIA-1700-x-500-768x226.jpg 768w, https:\/\/enolife.com.ar\/es\/wp-content\/uploads\/2021\/04\/VERALLIA-1700-x-500-1536x452.jpg 1536w, https:\/\/enolife.com.ar\/es\/wp-content\/uploads\/2021\/04\/VERALLIA-1700-x-500-1170x344.jpg 1170w, https:\/\/enolife.com.ar\/es\/wp-content\/uploads\/2021\/04\/VERALLIA-1700-x-500-585x172.jpg 585w\" sizes=\"auto, (max-width: 1700px) 100vw, 1700px\" width=\"1700\" height=\"500\"   \/><\/a>\n\n\n<div style=\"height:70px\" aria-hidden=\"true\" class=\"wp-block-spacer\"><\/div>\n\n\n\n<p><strong>Verallia Argentina<\/strong>, proveedora de envases de vidrio para la industria vitivin\u00edcola y oliv\u00edcola de <strong>Argentina<\/strong>, realiza en diciembre, por d\u00e9cimo a\u00f1o consecutivo, su campa\u00f1a <strong>\u201cBrindar es dar\u201d<\/strong>, acci\u00f3n enmarcada dentro del programa <strong>\u201cVidrio, una acci\u00f3n transparente\u201d<\/strong>, que promueve el reciclado de envases de vidrio a beneficio de la Fundaci\u00f3n Notti y que este a\u00f1o fue premiado por <strong>Ecovadis<\/strong> y por la <strong>C\u00e1mara de Comercio Franco Argentina.<\/strong><\/p>\n\n\n\n<p>\u201cBrindar es Dar\u201d apuesta a que las botellas y frascos que se utilicen durante los festejos de fin de a\u00f1o encuentren un destino solidario, ya que el vidrio reciclado se pesa y su equivalente en dinero se destina a la <strong>Fundaci\u00f3n Notti<\/strong>, que est\u00e1 realizando una obra de Hidroterapia para la Rehabilitaci\u00f3n Infantil.<\/p>\n\n\n\n<p>La mec\u00e1nica es que quienes lleven sus botellas o frascos de vidrio para reciclar en los contenedores verdes de Verallia, reciban cupones para participar por el sorteo de seis canastas navide\u00f1as (tres en cada uno de los puntos).<\/p>\n\n\n\n<p>No hay un l\u00edmite de vidrio que se pueda llevar, de hecho cada a\u00f1o familias enteras cargan camionetas completas con envases destinados a este fin solidario.&nbsp; S\u00ed se debe tener en cuenta no llevar focos, espejos, u otros tipos de vidrio no factibles de reciclar: s\u00f3lo se aceptan botellas y frascos de cualquier tama\u00f1o y color.<\/p>\n\n\n\n<p>Este a\u00f1o el canje se har\u00e1 el 30 de diciembre de 18.30 a 21.30 en Jumbo Chacras y en Vea de La Barraca Mall. Por cada cinco envases de vidrio la empresa entrega un cup\u00f3n y la persona, dando sus datos, participa de los sorteos que se realizar\u00e1n el d\u00eda 30 de diciembre a la hora 21.30 en ambos puntos de reciclado.<\/p>\n\n\n\n<div style=\"height:48px\" aria-hidden=\"true\" class=\"wp-block-spacer\"><\/div>\n\n\n\n<p class=\"has-medium-font-size\"><a><strong>Acerca del Programa \u201cVidrio, una acci\u00f3n transparente\u201d<\/strong><\/a><\/p>\n\n\n\n<p>El programa <strong>\u201cVidrio, una acci\u00f3n transparente\u201d<\/strong> lleva 11 a\u00f1os de trabajo ininterrumpidos. El mismo consiste en la recolecci\u00f3n de vidrio en distintos puntos del Gran Mendoza en contenedores con forma de campana con el logo de Verallia. En ellos se pueden depositar frascos y botellas, que luego se convertir\u00e1n en botellas nuevas en los hornos de la empresa.<\/p>\n\n\n\n<p>El vidrio se recolecta durante todo el a\u00f1o; Verallia Argentina pesa este vidrio reciclado y a su equivalente en dinero lo destina a la Fundaci\u00f3n Notti. Con esta ayuda, la Fundaci\u00f3n est\u00e1 realizando la construcci\u00f3n de un Centro de Hidroterapia para Rehabilitaci\u00f3n Infantil.<\/p>\n\n\n\n<p>Para conocer m\u00e1s sobre el programa de reciclado ingresar a <strong>http\/\/:puntosdereciclado.ar.verallia.com<\/strong><\/p>\n\n\n\n<div style=\"height:46px\" aria-hidden=\"true\" class=\"wp-block-spacer\"><\/div>\n","protected":false},"excerpt":{"rendered":"<p>El pr\u00f3ximo viernes 30\/12, la f\u00e1brica de envases para la industria del vino recibe todas&hellip;<\/p>\n","protected":false},"author":3,"featured_media":83379,"comment_status":"open","ping_status":"open","sticky":false,"template":"","format":"standard","meta":{"footnotes":""},"categories":[14],"tags":[],"class_list":["post-83373","post","type-post","status-publish","format-standard","has-post-thumbnail","hentry","category-news"],"_links":{"self":[{"href":"https:\/\/enolife.com.ar\/es\/wp-json\/wp\/v2\/posts\/83373","targetHints":{"allow":["GET"]}}],"collection":[{"href":"https:\/\/enolife.com.ar\/es\/wp-json\/wp\/v2\/posts"}],"about":[{"href":"https:\/\/enolife.com.ar\/es\/wp-json\/wp\/v2\/types\/post"}],"author":[{"embeddable":true,"href":"https:\/\/enolife.com.ar\/es\/wp-json\/wp\/v2\/users\/3"}],"replies":[{"embeddable":true,"href":"https:\/\/enolife.com.ar\/es\/wp-json\/wp\/v2\/comments?post=83373"}],"version-history":[{"count":0,"href":"https:\/\/enolife.com.ar\/es\/wp-json\/wp\/v2\/posts\/83373\/revisions"}],"wp:featuredmedia":[{"embeddable":true,"href":"https:\/\/enolife.com.ar\/es\/wp-json\/wp\/v2\/media\/83379"}],"wp:attachment":[{"href":"https:\/\/enolife.com.ar\/es\/wp-json\/wp\/v2\/media?parent=83373"}],"wp:term":[{"taxonomy":"category","embeddable":true,"href":"https:\/\/enolife.com.ar\/es\/wp-json\/wp\/v2\/categories?post=83373"},{"taxonomy":"post_tag","embeddable":true,"href":"https:\/\/enolife.com.ar\/es\/wp-json\/wp\/v2\/tags?post=83373"}],"curies":[{"name":"wp","href":"https:\/\/api.w.org\/{rel}","templated":true}]}}