{"id":83318,"date":"2022-12-24T00:39:20","date_gmt":"2022-12-24T00:39:20","guid":{"rendered":"https:\/\/enolife.com.ar\/es\/?p=83318"},"modified":"2022-12-27T21:49:44","modified_gmt":"2022-12-27T21:49:44","slug":"construyen-el-km-0-del-enoturismo-la-plaza-del-vino-entre-la-enoteca-y-el-centro-de-congresos","status":"publish","type":"post","link":"https:\/\/enolife.com.ar\/es\/construyen-el-km-0-del-enoturismo-la-plaza-del-vino-entre-la-enoteca-y-el-centro-de-congresos\/","title":{"rendered":"Construyen el Km 0 del enoturismo: la Plaza del Vino, entre la Enoteca y el Centro de Congresos"},"content":{"rendered":"\n<h4 class=\"wp-block-heading\"><em><strong>Por iniciativa del Fondo Vitivin\u00edcola y el Ministerio de Cultura y Turismo de Mendoza, con fondos del gobierno de Mendoza y de Turismo de la Naci\u00f3n, ya comenzaron las obras del nuevo espacio tur\u00edstico-cultural en el Parque C\u00edvico de la Capital provincial. Tendr\u00e1 1.700 m2, mobiliario urbano, esculturas aleg\u00f3ricas y un moderno sistema de iluminaci\u00f3n. Se utilizar\u00e1 como centro de las actividades del vino, la cultura y el turismo, como ferias, degustaciones, exposiciones y recitales. Intentar\u00e1n terminarlo antes de la Vendimia en marzo de 2023.<\/strong><\/em><\/h4>\n\n\n\n<div style=\"height:38px\" aria-hidden=\"true\" class=\"wp-block-spacer\"><\/div>\n\n\n\n\n\n<div style=\"height:42px\" aria-hidden=\"true\" class=\"wp-block-spacer\"><\/div>\n\n\n\n<p>Ya comenzaron los trabajos en lo que ser\u00e1 la nueva <strong>Plaza del Vino<\/strong>, un espacio de relevancia tur\u00edstica, cultural e hist\u00f3rica, emplazado en el play\u00f3n que comunica los edificios del <strong>Ministerio de Cultura y Turismo, el Centro de Congresos y Exposiciones y La Enoteca de Mendoza.<\/strong> La obra es financiada con fondos provinciales y nacionales y est\u00e1 incluido en el programa \u00ab50 Destinos\u00bb del <strong>Ministerio de Turismo y Deportes de la Naci\u00f3n.<\/strong><\/p>\n\n\n\n<p>La nueva plaza tendr\u00e1 como eje conceptual el valor cultural y tur\u00edstico de la vitivinicultura. Incluir\u00e1 un vi\u00f1edo mayor a las peque\u00f1as hileras actualmente plantadas y un panel escult\u00f3rico aleg\u00f3rico. Su objetivo ser\u00e1 ampliar la oferta y el desarrollo enotur\u00edstico, sectores en los que Mendoza se destaca nacional e internacionalmente.<\/p>\n\n\n\n<p>Al respecto, la ministra de Cultura y Turismo de la provincia, <strong>Nora Vicario<\/strong>, coment\u00f3: <em>\u00abComo <strong>Capital Mundial del Vino<\/strong> y <strong>Capital Iberoamericana de Gastronom\u00eda y Vino<\/strong>, resulta muy importante que <strong>Mendoza<\/strong> siga fortaleciendo el valor hist\u00f3rico, patrimonial y cultural de La Enoteca. Con esta remodelaci\u00f3n del atrio frontal, pondremos en valor este punto de acercamiento al mundo del vino desde la ciudad, que conecta la historia fundacional de la vitivinicultura de Mendoza con la proyecci\u00f3n estrat\u00e9gica del enoturismo y que potenciar\u00e1 sus condiciones para la realizaci\u00f3n diversas actividades\u00bb.<\/em><\/p>\n\n\n\n<div style=\"height:55px\" aria-hidden=\"true\" class=\"wp-block-spacer\"><\/div>\n\n\n\n<figure class=\"wp-block-embed aligncenter is-type-video is-provider-youtube wp-block-embed-youtube wp-embed-aspect-16-9 wp-has-aspect-ratio\"><div class=\"wp-block-embed__wrapper\">\n<iframe loading=\"lazy\" title=\"Plaza del Vino - Ciudad de Mendoza\" width=\"1170\" height=\"658\" src=\"https:\/\/www.youtube.com\/embed\/WraIu8WDIoU?feature=oembed\" frameborder=\"0\" allow=\"accelerometer; autoplay; clipboard-write; encrypted-media; gyroscope; picture-in-picture\" allowfullscreen><\/iframe>\n<\/div><\/figure>\n\n\n\n<div style=\"height:75px\" aria-hidden=\"true\" class=\"wp-block-spacer\"><\/div>\n\n\n\n<p>Por su parte, <strong>Bernardo Lanzilotta<\/strong>, presidente del <strong>Fondo Vitivin\u00edcola<\/strong>-la instituci\u00f3n de promoci\u00f3n que gestiona las actividades de la Enoteca-, agreg\u00f3: <em>\u00abPara quienes vivimos en Mendoza y para todo visitante que llega a nuestra provincia encontrarse con espacios que hablan del vino es confirmar el orgullo que sentimos por ser una gran regi\u00f3n vitivin\u00edcola. Y esta Plaza del Vino, junto al edificio patrimonial de La Enoteca, es un paso m\u00e1s en la consolidaci\u00f3n de una oferta enotur\u00edstica que crece, mejora constantemente sus propuestas y afianza a Mendoza en el mapa del turismo local, nacional e internacional\u00bb<\/em>.<\/p>\n\n\n\n<p>La Plaza del Vino apunta a convertirse en un hito tur\u00edstico de la provincia y brindar\u00e1 adem\u00e1s espacio para m\u00faltiples manifestaciones art\u00edsticas, culturales y tur\u00edsticas vinculadas a la vitivinicultura. La superficie de intervenci\u00f3n es de aproximadamente 1.700m2, e incluye la incorporaci\u00f3n de un nuevo sistema de &nbsp;iluminaci\u00f3n, mobiliario urbano y la construcci\u00f3n de una rampa que conectar\u00e1 la plaza con el edificio del Ministerio de Turismo y Cultura.<\/p>\n\n\n\n<p>El proyecto se sustenta en tres ejes: en materia&nbsp;tur\u00edstica, la idea es que este espacio se posicione como el <strong>Kil\u00f3metro Cero del enoturismo<\/strong>. Como tal, la Plaza articular\u00e1 actividades de prestadores de servicios enotur\u00edsticos. El segundo eje que fundamenta esta obra se relaciona con el aspecto cultural, pues se busca jerarquizar y poner en valor un edificio patrimonial fundamental en la historia de la vitivinicultura argentina: La Enoteca, primera bodega modelo en la que se formaron, a principios del siglo XX, los primeros profesionales vitivin\u00edcolas de Am\u00e9rica Latina. En este sentido, se busca generar un espacio capaz de contener, articular y potenciar diferentes expresiones culturales y art\u00edsticas relacionadas con la vitivinicultura.<\/p>\n\n\n\n<p>Finalmente, desde el punto de vista&nbsp;urban\u00edstico, el objetivo es generar una referencia a la cultura vitivin\u00edcola en un espacio p\u00fablico, de manera que prontamente sea apropiado por quienes lo visitan, lo habitan y lo usan. Asimismo, poner en valor el conjunto arquitect\u00f3nico en el que se encuentra La Enoteca, el \u00fanico testimonio en pie de la Quinta Agron\u00f3mica, proyecto acad\u00e9mico y de desarrollo visionario que impuls\u00f3 Sarmiento hacia fines del siglo XIX.<\/p>\n\n\n\n<div style=\"height:55px\" aria-hidden=\"true\" class=\"wp-block-spacer\"><\/div>\n","protected":false},"excerpt":{"rendered":"<p>Por iniciativa del Fondo Vitivin\u00edcola y el Ministerio de Cultura y Turismo de Mendoza, con&hellip;<\/p>\n","protected":false},"author":3,"featured_media":83361,"comment_status":"open","ping_status":"open","sticky":false,"template":"","format":"standard","meta":{"footnotes":""},"categories":[11,14],"tags":[],"class_list":["post-83318","post","type-post","status-publish","format-standard","has-post-thumbnail","hentry","category-enoturismo","category-news"],"_links":{"self":[{"href":"https:\/\/enolife.com.ar\/es\/wp-json\/wp\/v2\/posts\/83318","targetHints":{"allow":["GET"]}}],"collection":[{"href":"https:\/\/enolife.com.ar\/es\/wp-json\/wp\/v2\/posts"}],"about":[{"href":"https:\/\/enolife.com.ar\/es\/wp-json\/wp\/v2\/types\/post"}],"author":[{"embeddable":true,"href":"https:\/\/enolife.com.ar\/es\/wp-json\/wp\/v2\/users\/3"}],"replies":[{"embeddable":true,"href":"https:\/\/enolife.com.ar\/es\/wp-json\/wp\/v2\/comments?post=83318"}],"version-history":[{"count":0,"href":"https:\/\/enolife.com.ar\/es\/wp-json\/wp\/v2\/posts\/83318\/revisions"}],"wp:featuredmedia":[{"embeddable":true,"href":"https:\/\/enolife.com.ar\/es\/wp-json\/wp\/v2\/media\/83361"}],"wp:attachment":[{"href":"https:\/\/enolife.com.ar\/es\/wp-json\/wp\/v2\/media?parent=83318"}],"wp:term":[{"taxonomy":"category","embeddable":true,"href":"https:\/\/enolife.com.ar\/es\/wp-json\/wp\/v2\/categories?post=83318"},{"taxonomy":"post_tag","embeddable":true,"href":"https:\/\/enolife.com.ar\/es\/wp-json\/wp\/v2\/tags?post=83318"}],"curies":[{"name":"wp","href":"https:\/\/api.w.org\/{rel}","templated":true}]}}