{"id":8324,"date":"2020-02-23T17:14:49","date_gmt":"2020-02-23T17:14:49","guid":{"rendered":"http:\/\/enolife.com.ar\/es\/?p=8324"},"modified":"2020-02-25T13:49:34","modified_gmt":"2020-02-25T13:49:34","slug":"eduardo-sancho-bodegas-de-argentina-no-estaba-cuando-se-voto-la-presidencia-de-la-coviar","status":"publish","type":"post","link":"https:\/\/enolife.com.ar\/es\/eduardo-sancho-bodegas-de-argentina-no-estaba-cuando-se-voto-la-presidencia-de-la-coviar\/","title":{"rendered":"Eduardo Sancho: \u00abBodegas de Argentina no estaba cuando se vot\u00f3 la presidencia de la Coviar\u00bb"},"content":{"rendered":"\n<h4 class=\"wp-block-heading\"><em><strong>El presidente de la Asociaci\u00f3n de Cooperativas Vitivin\u00edcolas de Argentina (Acovi) y miembro de la Corporaci\u00f3n Vitivin\u00edcola Argentina (Coviar) se expres\u00f3 en defensa de esta \u00faltima instituci\u00f3n ante las cr\u00edticas realizadas por Bodegas de Argentina y otras entidades que anunciaron su renuncia a la Coviar. Fue el jueves 20\/2 durante una entrevista realizada por la Radio Jornada.<\/strong><\/em><\/h4>\n\n\n\n<div style=\"height:20px\" aria-hidden=\"true\" class=\"wp-block-spacer\"><\/div>\n\n\n\n<p>Eduardo Sancho, en respuesta al comunicado publicado por Bodegas de Argentina manifest\u00f3 en Radio Jornada: \u201cTuvimos una reuni\u00f3n todos los integrantes de la Coviar, donde tambi\u00e9n estuvo Patricia Ortiz, presidenta de Bodegas de Argentina. La \u00fanica instituci\u00f3n que no particip\u00f3 fue el Centro de Vi\u00f1ateros y Bodegueros del Este, que hace ya siete a\u00f1os que no participan\u00bb.<\/p>\n\n\n\n<p>Y continu\u00f3: \u00abEn el caso de Bodegas de Argentina, la presidencia ha tomado un carisma totalmente distinto ideol\u00f3gicamente. Hay una diferencia m\u00e1s profunda\u00bb.<\/p>\n\n\n\n<p>\u00abLa idea de la presidencia de Bodegas de Argentina es que la Coviar sea una caja y distribuya, y eso no es lo que dice la ley, la cual nos exige trabajar en lo estructural, y no en lo coyuntural, por lo tanto no es un capricho, es simplemente cumplir con al ley\u00bb, agreg\u00f3 Sancho, refiri\u00e9ndose a la ley 25.849 que cre\u00f3 la Coviar a fines de 2003.<\/p>\n\n\n\n<p>\u00abLe hemos dicho varias veces a la presidencia de Bodegas de Argentina, que Coviar no es una entidad de segundo grado porque no le corresponde\u00bb, cont\u00f3.<\/p>\n\n\n\n<p>Por otra parte, el titular de Acovi asegur\u00f3: \u201cOtra cosa que expresa claramente la nota publicada por Bodegas de Argentina, es que la presidenta de dicha instituci\u00f3n no acepta que la misma tenga un solo voto, considera que la entidad representa m\u00e1s, por lo que deber\u00eda tener m\u00e1s votos que otras entidades, y eso es relativo. Hemos explicado que la Coviar no es una sociedad an\u00f3nima, sino que todas las entidades tienen la misma fuerza. La ley establece que es un voto por cada entidad. Y se aplica lo que dice la mayor\u00eda\u201d.<\/p>\n\n\n\n<div style=\"height:20px\" aria-hidden=\"true\" class=\"wp-block-spacer\"><\/div>\n\n\n\n<blockquote class=\"wp-block-quote is-layout-flow wp-block-quote-is-layout-flow\"><p><em>\u201cEn el caso de (Jos\u00e9) Zuccardi, todas las entidades presentes aprobaron su presidencia. Bodegas de Argentina fue el martes anterior, pero no fue a la siguiente reuni\u00f3n cuando se hizo la  elecci\u00f3n. Otras entidades hicieron planteos que se consideraron. Hicimos un acuerdo, que en general se cumple; cuando la opini\u00f3n de la Coviar acordada por sus miembros se da a conocer, es porque hubo consenso y unidad en todas las actividades\u00bb.<\/em><br><\/p><cite>Eduardo Sancho, refiri\u00e9ndose a la designaci\u00f3n de Jos\u00e9 \u00abPepe\u00bb Zuccardi como presidente de la Coviar.<\/cite><\/blockquote>\n\n\n\n<div style=\"height:20px\" aria-hidden=\"true\" class=\"wp-block-spacer\"><\/div>\n\n\n\n<p>\u201cPrimero que nada, no hay diferencias partidarias, para nada. Es m\u00e1s, en la \u00faltima reuni\u00f3n de la Coviar estuvieron los representantes del directorio, con los representantes de los gobiernos de Mendoza y San Juan, que tienen signos pol\u00edticos diferentes. Tambi\u00e9n estuvo el director del INTA. Y no hubo ning\u00fan inconveniente. Las diferencias son de c\u00f3mo se piensa la vitivinicultura, no la pol\u00edtica partidaria. En mi opini\u00f3n los integrantes de la Coviar creemos que la vitivinicultura la tenemos que pensar entre todos, en conjunto&#8230; Y Bodegas de Argentina piensa que no, que ellos son la vitivinicultura y que los dem\u00e1s tenemos que seguir lo que determinen\u201d, remarc\u00f3 Sancho.<br><\/p>\n\n\n\n<p>Continu\u00f3: \u201cDesde Acovi hemos criticado algunas situaciones concretas, otras entidades tambi\u00e9n, pero Bodegas de Argentina nunca tom\u00f3 esta actitud en toda la vida de la Coviar. Nosotros no podemos hacer nada, son independientes y ellos sabr\u00e1n su posici\u00f3n. Coviar siempre tendr\u00e1 las puertas abiertas. Este conflicto para nosotros es una l\u00e1stima, creo que tienen que reflexionar, ver su posici\u00f3n y no calumniar. Decir que la Coviar se dedica a otras cosas, eso no&#8230;\u00bb.<br><\/p>\n\n\n\n<p>Para terminar, Sancho indic\u00f3: \u00abTenemos s\u00edndicos en Mendoza y en San Juan que controlan las decisiones, inversiones y acciones, est\u00e1 todo integrado en distintos partidos, nunca ha salido el tema partidario, las reuniones son formales. La cr\u00edtica est\u00e1 en que \u2018si no est\u00e1n de acuerdo conmigo me voy\u2019, pero esa no es la esencia de  Coviar\u201d.<br><\/p>\n\n\n\n<p class=\"has-small-font-size\"><em><strong>Fuentes: Radio Jornada y Acovi<\/strong><\/em><\/p>\n","protected":false},"excerpt":{"rendered":"<p>El presidente de la Asociaci\u00f3n de Cooperativas Vitivin\u00edcolas de Argentina (Acovi) y miembro de la&hellip;<\/p>\n","protected":false},"author":3,"featured_media":8337,"comment_status":"open","ping_status":"open","sticky":false,"template":"","format":"standard","meta":{"footnotes":""},"categories":[14],"tags":[],"class_list":["post-8324","post","type-post","status-publish","format-standard","has-post-thumbnail","hentry","category-news"],"_links":{"self":[{"href":"https:\/\/enolife.com.ar\/es\/wp-json\/wp\/v2\/posts\/8324","targetHints":{"allow":["GET"]}}],"collection":[{"href":"https:\/\/enolife.com.ar\/es\/wp-json\/wp\/v2\/posts"}],"about":[{"href":"https:\/\/enolife.com.ar\/es\/wp-json\/wp\/v2\/types\/post"}],"author":[{"embeddable":true,"href":"https:\/\/enolife.com.ar\/es\/wp-json\/wp\/v2\/users\/3"}],"replies":[{"embeddable":true,"href":"https:\/\/enolife.com.ar\/es\/wp-json\/wp\/v2\/comments?post=8324"}],"version-history":[{"count":0,"href":"https:\/\/enolife.com.ar\/es\/wp-json\/wp\/v2\/posts\/8324\/revisions"}],"wp:featuredmedia":[{"embeddable":true,"href":"https:\/\/enolife.com.ar\/es\/wp-json\/wp\/v2\/media\/8337"}],"wp:attachment":[{"href":"https:\/\/enolife.com.ar\/es\/wp-json\/wp\/v2\/media?parent=8324"}],"wp:term":[{"taxonomy":"category","embeddable":true,"href":"https:\/\/enolife.com.ar\/es\/wp-json\/wp\/v2\/categories?post=8324"},{"taxonomy":"post_tag","embeddable":true,"href":"https:\/\/enolife.com.ar\/es\/wp-json\/wp\/v2\/tags?post=8324"}],"curies":[{"name":"wp","href":"https:\/\/api.w.org\/{rel}","templated":true}]}}