{"id":83229,"date":"2022-12-22T17:10:10","date_gmt":"2022-12-22T17:10:10","guid":{"rendered":"http:\/\/enolife.com.ar\/es\/?p=83229"},"modified":"2022-12-24T00:40:16","modified_gmt":"2022-12-24T00:40:16","slug":"vendimia-2023-musica-vino-y-naturaleza-simbolos-del-afiche-que-gano-el-concurso-y-1-000-000","status":"publish","type":"post","link":"https:\/\/enolife.com.ar\/es\/vendimia-2023-musica-vino-y-naturaleza-simbolos-del-afiche-que-gano-el-concurso-y-1-000-000\/","title":{"rendered":"Vendimia 2023: m\u00fasica, vino y naturaleza, s\u00edmbolos del afiche que gan\u00f3 el concurso y $1.000.000"},"content":{"rendered":"\n<h4 class=\"wp-block-heading\"><em><strong>Los creadores del conjunto de im\u00e1genes que identificar\u00e1n la Fiesta Nacional de la Vendimia 2023 son Ana Carolina Chiconi y Fabricio Oscar de la Vega, pareja -en el dise\u00f1o y en la vida real- que tambi\u00e9n cosech\u00f3 el mismo premio el a\u00f1o pasado. De los 11 jurados que design\u00f3 el gobierno de Mendoza, 7 votaron a favor del trabajo vencedor. De fuerte impacto visual por sus l\u00edneas contundentes y n\u00edtidos colores, el afiche principal repite una f\u00f3rmula exitosa y de probada aceptaci\u00f3n por el p\u00fablico: representaci\u00f3n de hojas de vid, cuerdas de guitarra, las monta\u00f1as de nuestra geograf\u00eda y, por supuesto, el vino convocante.<\/strong><\/em><\/h4>\n\n\n\n<div style=\"height:45px\" aria-hidden=\"true\" class=\"wp-block-spacer\"><\/div>\n\n\n<a href=\"https:\/\/www.linkedin.com\/company\/agrinet-sa\/?originalSubdomain=ar\" aria-label=\"1700X500\"><img loading=\"lazy\" decoding=\"async\" src=\"https:\/\/enolife.com.ar\/es\/wp-content\/uploads\/2021\/11\/1700X500.gif\" alt=\"\"  width=\"1700\" height=\"500\"   \/><\/a>\n\n\n<div style=\"height:81px\" aria-hidden=\"true\" class=\"wp-block-spacer\"><\/div>\n\n\n\n<p>El 20\/12 se llev\u00f3 a cabo la votaci\u00f3n del jurado para elegir la propuesta ganadora del dise\u00f1o del sistema de identidad y comunicaci\u00f3n visual de la Fiesta Nacional de la Vendimia 2023 \u00abJuglares de Vendimia\u00bb. Los proyectos que concursaron fueron los que ten\u00edan los nombre Canto desde adentro, Francisco, Aedo, Gusgus, Vibra, Lluvia, La\u00fad, Comienzos, Te fitti, G\u00e9minis y Constelaciones. <\/p>\n\n\n\n<p><strong>El equipo ganador fue Constelaciones<\/strong>, con 7 votos a favor. Est\u00e1 conformado por  <strong>Fabricio Oscar de la Vega Atencio y Ana Carolina Chiconi,<\/strong> quienes recibir\u00e1n un premio de $1.000.000.<\/p>\n\n\n\n<div style=\"height:20px\" aria-hidden=\"true\" class=\"wp-block-spacer\"><\/div>\n\n\n<div class=\"wp-block-image\">\n<figure class=\"aligncenter size-large is-resized\"><img loading=\"lazy\" decoding=\"async\" src=\"https:\/\/enolife.com.ar\/es\/wp-content\/uploads\/2022\/12\/IMG_5925-700x467-2.jpg\" alt=\"\" class=\"wp-image-83239\" width=\"386\" height=\"498\" srcset=\"https:\/\/enolife.com.ar\/es\/wp-content\/uploads\/2022\/12\/IMG_5925-700x467-2.jpg 249w, https:\/\/enolife.com.ar\/es\/wp-content\/uploads\/2022\/12\/IMG_5925-700x467-2-233x300.jpg 233w\" sizes=\"auto, (max-width: 386px) 100vw, 386px\" \/><figcaption class=\"wp-element-caption\"><strong><em>Los ganadores: Ana Carolina Chiconi y Fabricio Oscar de la Vega Atencio<\/em><\/strong><\/figcaption><\/figure><\/div>\n\n\n<div style=\"height:20px\" aria-hidden=\"true\" class=\"wp-block-spacer\"><\/div>\n\n\n\n<p>La <strong>ministra de Cultura y Turismo, Nora Vicario,<\/strong> coment\u00f3 al respecto: <em>\u201cLa imagen y sistema gr\u00e1fico que representar\u00e1 a nuestra fiesta mayor es un apoyo muy importante para la Vendimia, porque identifica nuestra cultura y la esencia tanto de la fiesta como de todas las actividades que se realizan alrededor de la misma\u201d<\/em>.<\/p>\n\n\n\n<div style=\"height:20px\" aria-hidden=\"true\" class=\"wp-block-spacer\"><\/div>\n\n\n<div class=\"wp-block-image\">\n<figure class=\"aligncenter is-resized\"><img loading=\"lazy\" decoding=\"async\" src=\"https:\/\/www.mendoza.gov.ar\/wp-content\/uploads\/sites\/5\/2022\/12\/afi-700x980.jpeg\" alt=\"\" width=\"465\" height=\"650\"\/><figcaption class=\"wp-element-caption\"><strong><em>La imagen ganadora<\/em><\/strong><\/figcaption><\/figure><\/div>\n\n\n<div style=\"height:20px\" aria-hidden=\"true\" class=\"wp-block-spacer\"><\/div>\n\n\n\n<p>El jurado estuvo integrado por Ver\u00f3nica Carbone, de la Facultad de Arte y Dise\u00f1o de la Universidad Nacional de Cuyo; Andr\u00e9s Marziani, por la Universidad del Aconcagua; Mat\u00edas Badino, de la Universidad Champagnat; Josefina Foti, de la Universidad de Mendoza; Mario Zamorano, por la Universidad Juan Agust\u00edn Maza; Renato Di Fabio, por la Universidad de Congreso; Julieta Nad\u00edn, de la Universidad Cat\u00f3lica Argentina y Ramiro Candia de Asociaci\u00f3n de Dise\u00f1adores de Mendoza (Adimza).<\/p>\n\n\n\n<div style=\"height:20px\" aria-hidden=\"true\" class=\"wp-block-spacer\"><\/div>\n\n\n<div class=\"wp-block-image\">\n<figure class=\"aligncenter size-large is-resized\"><img loading=\"lazy\" decoding=\"async\" src=\"https:\/\/enolife.com.ar\/es\/wp-content\/uploads\/2022\/12\/IMG_5785-700x361-1.jpg\" alt=\"\" class=\"wp-image-83240\" width=\"605\" height=\"312\" srcset=\"https:\/\/enolife.com.ar\/es\/wp-content\/uploads\/2022\/12\/IMG_5785-700x361-1.jpg 700w, https:\/\/enolife.com.ar\/es\/wp-content\/uploads\/2022\/12\/IMG_5785-700x361-1-300x155.jpg 300w, https:\/\/enolife.com.ar\/es\/wp-content\/uploads\/2022\/12\/IMG_5785-700x361-1-561x289.jpg 561w, https:\/\/enolife.com.ar\/es\/wp-content\/uploads\/2022\/12\/IMG_5785-700x361-1-364x188.jpg 364w, https:\/\/enolife.com.ar\/es\/wp-content\/uploads\/2022\/12\/IMG_5785-700x361-1-608x314.jpg 608w\" sizes=\"auto, (max-width: 605px) 100vw, 605px\" \/><figcaption class=\"wp-element-caption\"><strong><em>El jurado<\/em><\/strong><\/figcaption><\/figure><\/div>\n\n\n<div style=\"height:20px\" aria-hidden=\"true\" class=\"wp-block-spacer\"><\/div>\n\n\n\n<p>Los representantes del Ministerio de Cultura y Turismo designados fueron Diego Gabriel C\u00e9sar, Claudio Enrique Cicchinelli y Javier Zarzavilla. Tambi\u00e9n estuvo como veedora con voz, pero sin voto, Mar\u00eda Fernanda Rivarola, directora de Comunicaci\u00f3n y Marketing de la cartera. Asimismo, para dar claridad y formalidad al concurso, particip\u00f3 la escribana auxiliar de Gobierno de la provincia de Mendoza, Mar\u00eda Viviana Bruno.<\/p>\n\n\n\n<div style=\"height:20px\" aria-hidden=\"true\" class=\"wp-block-spacer\"><\/div>\n\n\n\n<p class=\"has-medium-font-size\"><strong>Menciones especiales<\/strong><\/p>\n\n\n\n<p>Los miembros del jurado determinaron un orden de m\u00e9rito. La propuesta&nbsp;<strong>Cantos desde adentro, de Mariana Gabriela Gudell Pecorini y Mar\u00eda Jos\u00e9 Marino<\/strong>, recibi\u00f3 una primera menci\u00f3n, y&nbsp;<strong>Vibra<\/strong>, <strong>de Luc\u00eda Mar\u00eda Jaime<\/strong>, fue reconocida con una segunda menci\u00f3n.<\/p>\n\n\n\n<div style=\"height:36px\" aria-hidden=\"true\" class=\"wp-block-spacer\"><\/div>\n","protected":false},"excerpt":{"rendered":"<p>Los creadores del conjunto de im\u00e1genes que identificar\u00e1n la Fiesta Nacional de la Vendimia 2023&hellip;<\/p>\n","protected":false},"author":3,"featured_media":83301,"comment_status":"open","ping_status":"open","sticky":false,"template":"","format":"standard","meta":{"footnotes":""},"categories":[14],"tags":[],"class_list":["post-83229","post","type-post","status-publish","format-standard","has-post-thumbnail","hentry","category-news"],"_links":{"self":[{"href":"https:\/\/enolife.com.ar\/es\/wp-json\/wp\/v2\/posts\/83229","targetHints":{"allow":["GET"]}}],"collection":[{"href":"https:\/\/enolife.com.ar\/es\/wp-json\/wp\/v2\/posts"}],"about":[{"href":"https:\/\/enolife.com.ar\/es\/wp-json\/wp\/v2\/types\/post"}],"author":[{"embeddable":true,"href":"https:\/\/enolife.com.ar\/es\/wp-json\/wp\/v2\/users\/3"}],"replies":[{"embeddable":true,"href":"https:\/\/enolife.com.ar\/es\/wp-json\/wp\/v2\/comments?post=83229"}],"version-history":[{"count":0,"href":"https:\/\/enolife.com.ar\/es\/wp-json\/wp\/v2\/posts\/83229\/revisions"}],"wp:featuredmedia":[{"embeddable":true,"href":"https:\/\/enolife.com.ar\/es\/wp-json\/wp\/v2\/media\/83301"}],"wp:attachment":[{"href":"https:\/\/enolife.com.ar\/es\/wp-json\/wp\/v2\/media?parent=83229"}],"wp:term":[{"taxonomy":"category","embeddable":true,"href":"https:\/\/enolife.com.ar\/es\/wp-json\/wp\/v2\/categories?post=83229"},{"taxonomy":"post_tag","embeddable":true,"href":"https:\/\/enolife.com.ar\/es\/wp-json\/wp\/v2\/tags?post=83229"}],"curies":[{"name":"wp","href":"https:\/\/api.w.org\/{rel}","templated":true}]}}