{"id":83105,"date":"2022-12-19T16:05:26","date_gmt":"2022-12-19T16:05:26","guid":{"rendered":"http:\/\/enolife.com.ar\/es\/?p=83105"},"modified":"2022-12-23T14:46:38","modified_gmt":"2022-12-23T14:46:38","slug":"el-fondo-vitivinicola-presenta-datos-del-mercado-interno-de-vinos-2022-y-tendencias-para-2023","status":"publish","type":"post","link":"https:\/\/enolife.com.ar\/es\/el-fondo-vitivinicola-presenta-datos-del-mercado-interno-de-vinos-2022-y-tendencias-para-2023\/","title":{"rendered":"El Fondo Vitivin\u00edcola presenta el 20\/12 los n\u00fameros del mercado interno 2022 y tendencias para 2023"},"content":{"rendered":"\n<h4 class=\"wp-block-heading\"><em><strong>Ma\u00f1ana martes 20\/12, a las 15 horas, en un encuentro presencial y virtual, el Fondo Vitivin\u00edcola Argentino invita al \u00abForo estrat\u00e9gico de mercado interno\u00bb a realizarse en La Enoteca de Mendoza (Peltier 611, Capital). En el mismo se analizar\u00e1 la evoluci\u00f3n de la comercializaci\u00f3n del vino en Argentina en 2022 y se presentar\u00e1n las tendencias que se visualizan para el 2023. La participaci\u00f3n es libre y gratuita, pero hay que inscribirse previamente en la plataforma Eventbrite, tanto para la asistencia personal como para obtener un acceso por Zoom. <\/strong><\/em><\/h4>\n\n\n\n<div style=\"height:20px\" aria-hidden=\"true\" class=\"wp-block-spacer\"><\/div>\n\n\n\n\n\n<div style=\"height:57px\" aria-hidden=\"true\" class=\"wp-block-spacer\"><\/div>\n\n\n\n<p>Para cerrar el a\u00f1o, el Fondo Vitivin\u00edcola, la entidad encargada de promover el vino en el mercado interno argentino, invita a una charla a la que se puede asistir tanto de forma presencial como on line. En la oportunidad se analizar\u00e1n los resultados de la comercializaci\u00f3n durante el a\u00f1o 2022, y se presentar\u00e1n las tendencias para el 2023. <\/p>\n\n\n\n<div style=\"height:20px\" aria-hidden=\"true\" class=\"wp-block-spacer\"><\/div>\n\n\n\n<p><strong>Fecha<\/strong>: martes 20\/12 a las 15 hs<br><strong>Lugar<\/strong>: La Enoteca, Peltier 611 &#8211; Ciudad, Mendoza o virtual a trav\u00e9s de Zoom (el link ser\u00e1 enviado a los inscriptos el d\u00eda 20\/12 por la ma\u00f1ana).<\/p>\n\n\n\n<p class=\"has-background has-very-light-gray-background-color\"><strong>Inscripciones: <a href=\"https:\/\/elvinonosune.us15.list-manage.com\/track\/click?u=893404577f149ca331e36a99b&amp;id=b9fd28f237&amp;e=c8feb6be5f\" target=\"_blank\" rel=\"noreferrer noopener\">Eventbrite<\/a> <\/strong><br><strong>Informes: <a href=\"mailto:comunicacion@fondovitivinicola.com.ar\">comunicacion@fondovitivinicola.com.ar<\/a><\/strong><\/p>\n\n\n\n<div style=\"height:20px\" aria-hidden=\"true\" class=\"wp-block-spacer\"><\/div>\n\n\n\n<p class=\"has-medium-font-size\"><strong>Tem\u00e1ticas del foro<\/strong><\/p>\n\n\n\n<ul class=\"wp-block-list\"><li>Consumo masivo y foco en vinos &#8211; Consultora Scentia<\/li><li>An\u00e1lisis de evoluci\u00f3n y variaciones de la categor\u00eda &#8211; Observatorio Vitivin\u00edcola<\/li><li>Vectores de innovaci\u00f3n &#8211; Consultora Desde lo Concreto.<\/li><\/ul>\n\n\n\n<div style=\"height:35px\" aria-hidden=\"true\" class=\"wp-block-spacer\"><\/div>\n","protected":false},"excerpt":{"rendered":"<p>Ma\u00f1ana martes 20\/12, a las 15 horas, en un encuentro presencial y virtual, el Fondo&hellip;<\/p>\n","protected":false},"author":3,"featured_media":83116,"comment_status":"open","ping_status":"open","sticky":false,"template":"","format":"standard","meta":{"footnotes":""},"categories":[47],"tags":[],"class_list":["post-83105","post","type-post","status-publish","format-standard","has-post-thumbnail","hentry","category-agenda"],"_links":{"self":[{"href":"https:\/\/enolife.com.ar\/es\/wp-json\/wp\/v2\/posts\/83105","targetHints":{"allow":["GET"]}}],"collection":[{"href":"https:\/\/enolife.com.ar\/es\/wp-json\/wp\/v2\/posts"}],"about":[{"href":"https:\/\/enolife.com.ar\/es\/wp-json\/wp\/v2\/types\/post"}],"author":[{"embeddable":true,"href":"https:\/\/enolife.com.ar\/es\/wp-json\/wp\/v2\/users\/3"}],"replies":[{"embeddable":true,"href":"https:\/\/enolife.com.ar\/es\/wp-json\/wp\/v2\/comments?post=83105"}],"version-history":[{"count":0,"href":"https:\/\/enolife.com.ar\/es\/wp-json\/wp\/v2\/posts\/83105\/revisions"}],"wp:featuredmedia":[{"embeddable":true,"href":"https:\/\/enolife.com.ar\/es\/wp-json\/wp\/v2\/media\/83116"}],"wp:attachment":[{"href":"https:\/\/enolife.com.ar\/es\/wp-json\/wp\/v2\/media?parent=83105"}],"wp:term":[{"taxonomy":"category","embeddable":true,"href":"https:\/\/enolife.com.ar\/es\/wp-json\/wp\/v2\/categories?post=83105"},{"taxonomy":"post_tag","embeddable":true,"href":"https:\/\/enolife.com.ar\/es\/wp-json\/wp\/v2\/tags?post=83105"}],"curies":[{"name":"wp","href":"https:\/\/api.w.org\/{rel}","templated":true}]}}