{"id":82999,"date":"2022-12-18T12:55:15","date_gmt":"2022-12-18T12:55:15","guid":{"rendered":"http:\/\/enolife.com.ar\/es\/?p=82999"},"modified":"2022-12-23T18:22:02","modified_gmt":"2022-12-23T18:22:02","slug":"con-vina-en-su-jardin-y-1-800-etiquetas-la-vinoteca-borbore-cumple-25-anos-en-el-distrito-del-vino","status":"publish","type":"post","link":"https:\/\/enolife.com.ar\/es\/con-vina-en-su-jardin-y-1-800-etiquetas-la-vinoteca-borbore-cumple-25-anos-en-el-distrito-del-vino\/","title":{"rendered":"Con vi\u00f1a en su jard\u00edn y 1.800 etiquetas, la Vinoteca B\u00f3rbore cumple 25 a\u00f1os en el Distrito del Vino"},"content":{"rendered":"\n<h4 class=\"wp-block-heading\"><em><strong>El\u00a0Distrito del Vino es una iniciativa p\u00fablica privada, impulsada desde 2021 por el Ministerio de Desarrollo Econ\u00f3mico y Producci\u00f3n\u00a0de la Ciudad de Buenos Aires y apoyada por el gobierno de Mendoza, que busca potenciar el desarrollo de la industria vitivin\u00edcola argentina\u00a0a trav\u00e9s de beneficios impositivos para las empresas que all\u00ed se instalen. Est\u00e1 conformado por los barrios porte\u00f1os de\u00a0Villa del Parque,\u00a0La Paternal y Villa Devoto. En este \u00faltimo se emplaza, desde hace 25 a\u00f1os\u00a0la Vinoteca \u00abLa Bodega de B\u00f3rbore\u00bb, con m\u00e1s de 1.800 marcas de vino argentino y una vi\u00f1a propia en su jard\u00edn. Su propietario, Carlos B\u00f3rbore, es sanjuanino, de familia vi\u00f1atera, y organiza all\u00ed charlas, conferencias, catas, degustaciones y hasta tiene su propia Fiesta de la Poda.<\/strong><\/em><\/h4>\n\n\n\n<div style=\"height:43px\" aria-hidden=\"true\" class=\"wp-block-spacer\"><\/div>\n\n\n<a href=\"https:\/\/instagram.com\/labelsolutions?igshid=YmMyMTA2M2Y=\" aria-label=\"Banner Palero 1700&#215;500\"><img loading=\"lazy\" decoding=\"async\" src=\"https:\/\/enolife.com.ar\/es\/wp-content\/uploads\/2021\/09\/Banner-Palero-1700x500-1.gif\" alt=\"\"  width=\"1700\" height=\"500\"   \/><\/a>\n\n\n<div style=\"height:63px\" aria-hidden=\"true\" class=\"wp-block-spacer\"><\/div>\n\n\n\n<p>El 2\/9\/21, la Legislatura de la <strong>Ciudad de Buenos Aires (CABA)<\/strong> aprob\u00f3 el proyecto impulsado por Ministerio de Desarrollo Econ\u00f3mico y Producci\u00f3n&nbsp;local para crear el <strong>Distrito del Vino<\/strong> en los barrios de <strong>Villa Devoto, Villa del Parque y La Paternal<\/strong>. Se trata de un circuito tem\u00e1tico para promover el consumo de la bebida nacional y el desarrollo econ\u00f3mico de la zona. <\/p>\n\n\n\n<p>El objetivo del proyecto ha sido desarrollar un polo gastron\u00f3mico donde se realizan diferentes eventos en torno al vino. La zona ya cuenta con 8 vinotecas, 3 <em>wine bars<\/em> y numerosos restaurantes en sus anchas veredas, donde desde hace varios a\u00f1os se organizan regularmente eventos como la <strong>\u00abNoche de los vinos\u00bb<\/strong>. Tambi\u00e9n se estudia la posibilidad de crear un <strong>Museo del Vino<\/strong>. Para llevar a cabo este proyecto, la CABA otorga exenciones impositivas, reducci\u00f3n de contribuciones y l\u00edneas de cr\u00e9dito preferenciales para los locales comerciales que quieran instalarse all\u00ed. <\/p>\n\n\n\n<p>Entre las vinotecas existentes, al 3.600 de la Av. Mosconi del barrio de Villa Devoto, se puede visitar la vinoteca <strong>\u00abLa Bodega de B\u00f3rbore\u00bb<\/strong>, del sanjuanino <strong>Carlos B\u00f3rbore<\/strong>, un espacio de casi 400 m2 dedicado al vino argentino, emplazada en una casa tipo \u00abchorizo\u00bb, original de 1915, que fue reciclada respetando su fisonom\u00eda original y su tradicional galer\u00eda. Tiene unas 1.800 etiquetas de vinos argentinos que se venden en el mercado interno, pero tambi\u00e9n se pueden encontrar algunos vinos de exportaci\u00f3n. Est\u00e1 dividida por sectores donde se organizan los vinos por provincias y regiones.<\/p>\n\n\n\n<div style=\"height:20px\" aria-hidden=\"true\" class=\"wp-block-spacer\"><\/div>\n\n\n\n<div class=\"wp-block-image\"><figure class=\"aligncenter size-large is-resized\"><img loading=\"lazy\" decoding=\"async\" src=\"https:\/\/enolife.com.ar\/es\/wp-content\/uploads\/2022\/12\/viniatero_-_foto_portada_3.jpg\" alt=\"\" class=\"wp-image-83037\" width=\"541\" height=\"360\" srcset=\"https:\/\/enolife.com.ar\/es\/wp-content\/uploads\/2022\/12\/viniatero_-_foto_portada_3.jpg 700w, https:\/\/enolife.com.ar\/es\/wp-content\/uploads\/2022\/12\/viniatero_-_foto_portada_3-300x200.jpg 300w, https:\/\/enolife.com.ar\/es\/wp-content\/uploads\/2022\/12\/viniatero_-_foto_portada_3-585x390.jpg 585w\" sizes=\"auto, (max-width: 541px) 100vw, 541px\" \/><figcaption><em><strong>El lema de la vinoteca B\u00f3rbore en el Distrito del Vino<\/strong><\/em>.<\/figcaption><\/figure><\/div>\n\n\n\n<div style=\"height:20px\" aria-hidden=\"true\" class=\"wp-block-spacer\"><\/div>\n\n\n\n<p><em>\u00abLa Ciudad de Buenos Aires es el&nbsp;faro del pa\u00eds, es el mejor lugar para que cualquier actor de&nbsp;la industria vitivin\u00edcola&nbsp;proyecte su luz\u00bb<\/em>, destaca B\u00f3rbore. El vinotequero aclara, adem\u00e1s, que para estar en su local&nbsp;no se necesitan requisitos ni condiciones: la bodega que desee estar all\u00ed, s\u00f3lo debe visitarlo y mostrarle sus productos. Y agrega que <em>\u00ablos productos m\u00e1s accesibles&nbsp;que vendemos son las damajuanas y el m\u00e1s sofisticado, un&nbsp;Don Perignon 2004 vintage&nbsp;de $153.000&#8230; Cualquier persona que tenga vinos en el rango&nbsp;entre esos dos productos, puede ser proveedor y cliente nuestro\u00bb<\/em>.<\/p>\n\n\n\n<div style=\"height:20px\" aria-hidden=\"true\" class=\"wp-block-spacer\"><\/div>\n\n\n\n<div class=\"wp-block-image\"><figure class=\"aligncenter size-large is-resized\"><img loading=\"lazy\" decoding=\"async\" src=\"https:\/\/enolife.com.ar\/es\/wp-content\/uploads\/2022\/12\/viniatero_-_foto_in_line_2.jpg\" alt=\"\" class=\"wp-image-83023\" width=\"524\" height=\"349\" srcset=\"https:\/\/enolife.com.ar\/es\/wp-content\/uploads\/2022\/12\/viniatero_-_foto_in_line_2.jpg 600w, https:\/\/enolife.com.ar\/es\/wp-content\/uploads\/2022\/12\/viniatero_-_foto_in_line_2-300x200.jpg 300w, https:\/\/enolife.com.ar\/es\/wp-content\/uploads\/2022\/12\/viniatero_-_foto_in_line_2-585x390.jpg 585w\" sizes=\"auto, (max-width: 524px) 100vw, 524px\" \/><figcaption><em><strong>La vinoteca atendida por su due\u00f1o, Carlos B\u00f3rbore.<\/strong><\/em><\/figcaption><\/figure><\/div>\n\n\n\n<div style=\"height:20px\" aria-hidden=\"true\" class=\"wp-block-spacer\"><\/div>\n\n\n\n<p>Si bien la vinoteca como se la conoce hoy inaugur\u00f3 en 2002, su origen es de 1997, en un peque\u00f1o local con un gran dep\u00f3sito que est\u00e1 al lado delactual local. <em>\u00abEn aquel momento ten\u00edamos s\u00f3lo los vinos de La Quebrada, elaborados por la bodega de San Juan que fue nuestra, fundad en 1936 por Jos\u00e9 B\u00f3rbore, el Nono B\u00f3rbore, viticultor \u00e9l como sus antepasados, un joven inmigrante piamont\u00e9s\u00bb<\/em>, cuenta la vinoteca su p\u00e1gina web.<\/p>\n\n\n\n<div style=\"height:20px\" aria-hidden=\"true\" class=\"wp-block-spacer\"><\/div>\n\n\n\n<figure class=\"wp-block-gallery aligncenter columns-2 is-cropped wp-block-gallery-1 is-layout-flex wp-block-gallery-is-layout-flex\"><ul class=\"blocks-gallery-grid\"><li class=\"blocks-gallery-item\"><figure><img loading=\"lazy\" decoding=\"async\" width=\"400\" height=\"300\" src=\"https:\/\/enolife.com.ar\/es\/wp-content\/uploads\/2022\/12\/historia2.jpg\" alt=\"\" data-id=\"83024\" class=\"wp-image-83024\" srcset=\"https:\/\/enolife.com.ar\/es\/wp-content\/uploads\/2022\/12\/historia2.jpg 400w, https:\/\/enolife.com.ar\/es\/wp-content\/uploads\/2022\/12\/historia2-300x225.jpg 300w\" sizes=\"auto, (max-width: 400px) 100vw, 400px\" \/><\/figure><\/li><li class=\"blocks-gallery-item\"><figure><img loading=\"lazy\" decoding=\"async\" width=\"400\" height=\"300\" src=\"https:\/\/enolife.com.ar\/es\/wp-content\/uploads\/2022\/12\/historia4.jpg\" alt=\"\" data-id=\"83026\" class=\"wp-image-83026\" srcset=\"https:\/\/enolife.com.ar\/es\/wp-content\/uploads\/2022\/12\/historia4.jpg 400w, https:\/\/enolife.com.ar\/es\/wp-content\/uploads\/2022\/12\/historia4-300x225.jpg 300w\" sizes=\"auto, (max-width: 400px) 100vw, 400px\" \/><\/figure><\/li><\/ul><\/figure>\n\n\n\n<figure class=\"wp-block-gallery aligncenter columns-2 is-cropped wp-block-gallery-2 is-layout-flex wp-block-gallery-is-layout-flex\"><ul class=\"blocks-gallery-grid\"><li class=\"blocks-gallery-item\"><figure><img loading=\"lazy\" decoding=\"async\" width=\"400\" height=\"300\" src=\"https:\/\/enolife.com.ar\/es\/wp-content\/uploads\/2022\/12\/historia3.jpg\" alt=\"\" data-id=\"83025\" class=\"wp-image-83025\" srcset=\"https:\/\/enolife.com.ar\/es\/wp-content\/uploads\/2022\/12\/historia3.jpg 400w, https:\/\/enolife.com.ar\/es\/wp-content\/uploads\/2022\/12\/historia3-300x225.jpg 300w\" sizes=\"auto, (max-width: 400px) 100vw, 400px\" \/><\/figure><\/li><li class=\"blocks-gallery-item\"><figure><img loading=\"lazy\" decoding=\"async\" width=\"400\" height=\"300\" src=\"https:\/\/enolife.com.ar\/es\/wp-content\/uploads\/2022\/12\/historia5.jpg\" alt=\"\" data-id=\"83027\" class=\"wp-image-83027\" srcset=\"https:\/\/enolife.com.ar\/es\/wp-content\/uploads\/2022\/12\/historia5.jpg 400w, https:\/\/enolife.com.ar\/es\/wp-content\/uploads\/2022\/12\/historia5-300x225.jpg 300w\" sizes=\"auto, (max-width: 400px) 100vw, 400px\" \/><\/figure><\/li><\/ul><\/figure>\n\n\n\n<div style=\"height:20px\" aria-hidden=\"true\" class=\"wp-block-spacer\"><\/div>\n\n\n\n<p>En el fondo del negocio hay un jard\u00edn con&nbsp;150 especies distintas de plantas&nbsp;que, adem\u00e1s de diversas especies frutales y arom\u00e1ticas, incluye&nbsp;vides y un espaldero, y hasta un \u00e1rbol Boj Hebe,&nbsp;originario de Nueva Zelanda, con cuya madera se&nbsp;hacen las clavijas&nbsp;de los violines y los violonchelos.<\/p>\n\n\n\n<div style=\"height:20px\" aria-hidden=\"true\" class=\"wp-block-spacer\"><\/div>\n\n\n\n<div class=\"wp-block-image\"><figure class=\"aligncenter size-large is-resized\"><img loading=\"lazy\" decoding=\"async\" src=\"https:\/\/enolife.com.ar\/es\/wp-content\/uploads\/2022\/12\/viniatero_-_foto_portada_4.jpg\" alt=\"\" class=\"wp-image-83031\" width=\"536\" height=\"357\" srcset=\"https:\/\/enolife.com.ar\/es\/wp-content\/uploads\/2022\/12\/viniatero_-_foto_portada_4.jpg 700w, https:\/\/enolife.com.ar\/es\/wp-content\/uploads\/2022\/12\/viniatero_-_foto_portada_4-300x200.jpg 300w, https:\/\/enolife.com.ar\/es\/wp-content\/uploads\/2022\/12\/viniatero_-_foto_portada_4-585x390.jpg 585w\" sizes=\"auto, (max-width: 536px) 100vw, 536px\" \/><figcaption><em><strong>Los espalderos del jard\u00edn de la vinoteca<\/strong><\/em>.<\/figcaption><\/figure><\/div>\n\n\n\n<div style=\"height:20px\" aria-hidden=\"true\" class=\"wp-block-spacer\"><\/div>\n\n\n\n<p><em>\u00abLa primera vid&nbsp;se plant\u00f3 aqu\u00ed hace 20 a\u00f1os. Hay otras dos que nos regal\u00f3 la bodega&nbsp;Lurton&nbsp;-cepa pinot gris-, que se plantaron hace 19 a\u00f1os.&nbsp;El espaldero&nbsp;se comenz\u00f3 hace 16 a\u00f1os, con cepas de&nbsp;cabernet&nbsp;y de&nbsp;uva criolla\u00bb<\/em>, recuerda B\u00f3rbore, qui\u00e9n agrega, adem\u00e1s, que las cepas de&nbsp;malbec&nbsp;se las regal\u00f3&nbsp;Patricia Ortiz, la actual presidenta de&nbsp;Bodegas de Argentina; y las de&nbsp;torront\u00e9s se las dio el due\u00f1o de&nbsp;Bodega La Puerta. <em>\u00abHace unos meses vino&nbsp;Mart\u00edn Lousteau&nbsp;a conocer el local y qued\u00f3 fascinado con&nbsp;el espaldero&nbsp;y con&nbsp;las vides\u00bb, <\/em>cuenta B\u00f3rbore.<\/p>\n\n\n\n<div style=\"height:20px\" aria-hidden=\"true\" class=\"wp-block-spacer\"><\/div>\n\n\n\n<div class=\"wp-block-image\"><figure class=\"aligncenter size-large is-resized\"><img loading=\"lazy\" decoding=\"async\" src=\"https:\/\/enolife.com.ar\/es\/wp-content\/uploads\/2022\/12\/viniatero_-_foto_portada_1.jpg\" alt=\"\" class=\"wp-image-83030\" width=\"522\" height=\"347\" srcset=\"https:\/\/enolife.com.ar\/es\/wp-content\/uploads\/2022\/12\/viniatero_-_foto_portada_1.jpg 700w, https:\/\/enolife.com.ar\/es\/wp-content\/uploads\/2022\/12\/viniatero_-_foto_portada_1-300x200.jpg 300w, https:\/\/enolife.com.ar\/es\/wp-content\/uploads\/2022\/12\/viniatero_-_foto_portada_1-585x390.jpg 585w\" sizes=\"auto, (max-width: 522px) 100vw, 522px\" \/><figcaption><em><strong>Carlos B\u00f3rbore en su vi\u00f1edito en la capital argentina.<\/strong><\/em><\/figcaption><\/figure><\/div>\n\n\n\n<div style=\"height:20px\" aria-hidden=\"true\" class=\"wp-block-spacer\"><\/div>\n\n\n\n<p><b>A<\/b> pesar de tener su propio vi\u00f1edo, el vinotequero a\u00fan no produce su propio vino, pero existe un proyecto para elaborarlo con la&nbsp;Facultad de Agronom\u00eda&nbsp;de la&nbsp;Universidad Nacional de Buenos Aires, que tiene su propia bodega de&nbsp;m\u00e1s de 100 a\u00f1os&nbsp;de antig\u00fcedad.<\/p>\n\n\n\n<p>El vi\u00f1edo es protagonista tambi\u00e9n, todos los inviernos, de la\u00a0Fiesta de la Poda, cuando los clientes de la vinoteca son invitados a un locro. En esta original actividad suelen participar\u00a0jardineros\u00a0y personajes de\u00a0la industria vitivin\u00edcola, quienes explican c\u00f3mo debe realizarse a la poda, al mismo tiempo que realizan esta tarea cultural anual en las vides y el espaldero. Luego, con los restos, se arman\u00a0estacas con 5 yemas de uvas para regalarles a los vecinos del barrio. <\/p>\n\n\n\n<div style=\"height:20px\" aria-hidden=\"true\" class=\"wp-block-spacer\"><\/div>\n\n\n\n<div class=\"wp-block-image\"><figure class=\"aligncenter size-large is-resized\"><img loading=\"lazy\" decoding=\"async\" src=\"https:\/\/enolife.com.ar\/es\/wp-content\/uploads\/2022\/12\/38423215_1846829955382800_7336118133742108672_n.jpg\" alt=\"\" class=\"wp-image-83048\" width=\"496\" height=\"391\" srcset=\"https:\/\/enolife.com.ar\/es\/wp-content\/uploads\/2022\/12\/38423215_1846829955382800_7336118133742108672_n.jpg 508w, https:\/\/enolife.com.ar\/es\/wp-content\/uploads\/2022\/12\/38423215_1846829955382800_7336118133742108672_n-300x236.jpg 300w\" sizes=\"auto, (max-width: 496px) 100vw, 496px\" \/><figcaption><em><strong>Festejando la poda<\/strong><\/em><\/figcaption><\/figure><\/div>\n\n\n\n<div class=\"wp-block-image\"><figure class=\"aligncenter size-large is-resized\"><img loading=\"lazy\" decoding=\"async\" src=\"https:\/\/enolife.com.ar\/es\/wp-content\/uploads\/2022\/12\/38284549_1846830028716126_3788018089711370240_n.jpg\" alt=\"\" class=\"wp-image-83049\" width=\"346\" height=\"358\" srcset=\"https:\/\/enolife.com.ar\/es\/wp-content\/uploads\/2022\/12\/38284549_1846830028716126_3788018089711370240_n.jpg 319w, https:\/\/enolife.com.ar\/es\/wp-content\/uploads\/2022\/12\/38284549_1846830028716126_3788018089711370240_n-290x300.jpg 290w\" sizes=\"auto, (max-width: 346px) 100vw, 346px\" \/><figcaption><em><strong>Las estacas para los vecinos<\/strong><\/em><\/figcaption><\/figure><\/div>\n\n\n\n<div style=\"height:20px\" aria-hidden=\"true\" class=\"wp-block-spacer\"><\/div>\n\n\n\n<p>B\u00f3rbore recuerda que <em>\u00aben el a\u00f1o 2013 vino el bodeguero Ernesto Catena a&nbsp;realizar las podas y enterramos en el jard\u00edn una&nbsp;botella de vino Siesta, con la idea de desenterrarlo y&nbsp;degustarlo en 2023. Este vino se&nbsp;estabiliza en el tiempo, porque tiene la&nbsp;humedad necesaria&nbsp;y no recibe sonidos, olores ni vibraciones\u00bb<\/em>.<\/p>\n\n\n\n<p>La vinoteca es sede tambi\u00e9n de muchas actividades como catas que suelen incluir comida, maridajes dirigidos por sommeliers, ferias, charlas y degustaciones. En total, lleva realizadas 797 catas en sus 20 a\u00f1os de vida. Al respecto, B\u00f3rbore explica que <em>\u00abcada vez que se incorpora una nueva bodega, organizamos un evento con sus productos\u00bb.<\/em><\/p>\n\n\n\n<div style=\"height:20px\" aria-hidden=\"true\" class=\"wp-block-spacer\"><\/div>\n\n\n\n<div class=\"wp-block-image\"><figure class=\"aligncenter size-large is-resized\"><img loading=\"lazy\" decoding=\"async\" src=\"https:\/\/enolife.com.ar\/es\/wp-content\/uploads\/2022\/12\/Imagen1-8.jpg\" alt=\"\" class=\"wp-image-83034\" width=\"501\" height=\"501\" srcset=\"https:\/\/enolife.com.ar\/es\/wp-content\/uploads\/2022\/12\/Imagen1-8.jpg 540w, https:\/\/enolife.com.ar\/es\/wp-content\/uploads\/2022\/12\/Imagen1-8-300x300.jpg 300w, https:\/\/enolife.com.ar\/es\/wp-content\/uploads\/2022\/12\/Imagen1-8-150x150.jpg 150w\" sizes=\"auto, (max-width: 501px) 100vw, 501px\" \/><figcaption><em><strong>Una de las ferias realizadas en la vinoteca B\u00f3rbore.<\/strong><\/em><\/figcaption><\/figure><\/div>\n\n\n\n<div style=\"height:20px\" aria-hidden=\"true\" class=\"wp-block-spacer\"><\/div>\n\n\n\n<p><em>\u00abSomos un vi\u00f1edo de altura: estamos 17 metros y medio sobre el nivel del r\u00edo;&nbsp;\u00a1el m\u00e1s alto de la Ciudad!\u00bb, <\/em>se permite bromear B\u00f3rbore, mientras sonr\u00ede y su mirada so\u00f1adora se pierde en el horizonte.<\/p>\n\n\n\n<div style=\"height:20px\" aria-hidden=\"true\" class=\"wp-block-spacer\"><\/div>\n\n\n\n<p class=\"has-small-font-size\"><em><strong>Fuentes: Ministerio de Desarrollo Econ\u00f3mico y Producci\u00f3n&nbsp;de la Ciudad de Buenos Aires y labodegadeborbore.com.ar<\/strong><\/em><\/p>\n\n\n\n<div style=\"height:56px\" aria-hidden=\"true\" class=\"wp-block-spacer\"><\/div>\n","protected":false},"excerpt":{"rendered":"<p>El\u00a0Distrito del Vino es una iniciativa p\u00fablica privada, impulsada desde 2021 por el Ministerio de&hellip;<\/p>\n","protected":false},"author":3,"featured_media":83036,"comment_status":"open","ping_status":"open","sticky":false,"template":"","format":"standard","meta":{"footnotes":""},"categories":[36],"tags":[],"class_list":["post-82999","post","type-post","status-publish","format-standard","has-post-thumbnail","hentry","category-el-pinguino"],"_links":{"self":[{"href":"https:\/\/enolife.com.ar\/es\/wp-json\/wp\/v2\/posts\/82999","targetHints":{"allow":["GET"]}}],"collection":[{"href":"https:\/\/enolife.com.ar\/es\/wp-json\/wp\/v2\/posts"}],"about":[{"href":"https:\/\/enolife.com.ar\/es\/wp-json\/wp\/v2\/types\/post"}],"author":[{"embeddable":true,"href":"https:\/\/enolife.com.ar\/es\/wp-json\/wp\/v2\/users\/3"}],"replies":[{"embeddable":true,"href":"https:\/\/enolife.com.ar\/es\/wp-json\/wp\/v2\/comments?post=82999"}],"version-history":[{"count":0,"href":"https:\/\/enolife.com.ar\/es\/wp-json\/wp\/v2\/posts\/82999\/revisions"}],"wp:featuredmedia":[{"embeddable":true,"href":"https:\/\/enolife.com.ar\/es\/wp-json\/wp\/v2\/media\/83036"}],"wp:attachment":[{"href":"https:\/\/enolife.com.ar\/es\/wp-json\/wp\/v2\/media?parent=82999"}],"wp:term":[{"taxonomy":"category","embeddable":true,"href":"https:\/\/enolife.com.ar\/es\/wp-json\/wp\/v2\/categories?post=82999"},{"taxonomy":"post_tag","embeddable":true,"href":"https:\/\/enolife.com.ar\/es\/wp-json\/wp\/v2\/tags?post=82999"}],"curies":[{"name":"wp","href":"https:\/\/api.w.org\/{rel}","templated":true}]}}