{"id":82856,"date":"2022-12-12T18:07:11","date_gmt":"2022-12-12T18:07:11","guid":{"rendered":"http:\/\/enolife.com.ar\/es\/?p=82856"},"modified":"2022-12-16T03:13:32","modified_gmt":"2022-12-16T03:13:32","slug":"quienes-son-los-jurados-que-el-20-12-premiaran-con-1-000-000-a-la-mejor-imagen-de-vendimia","status":"publish","type":"post","link":"https:\/\/enolife.com.ar\/es\/quienes-son-los-jurados-que-el-20-12-premiaran-con-1-000-000-a-la-mejor-imagen-de-vendimia\/","title":{"rendered":"Qui\u00e9nes son los jurados que el 20\/12 premiar\u00e1n con $1.000.000 a la mejor imagen de Vendimia"},"content":{"rendered":"\n<h4 class=\"wp-block-heading\"><em><strong>El pr\u00f3ximo lunes 19\/12\/22 vence el plazo para la presentaci\u00f3n de propuestas para el denominado \u00abConcurso P\u00fablico de Dise\u00f1o de Sistema de Identidad y Comunicaci\u00f3n Visual para la Fiesta Nacional de la Vendimia 2023\u00bb, que promocionar\u00e1 la fiesta mayor de los mendocinos en medios y eventos oficiales. Al d\u00eda siguiente, un jurado de 11 notables del dise\u00f1o y la cultura local se reunir\u00e1 y decidir\u00e1 el ganador, que cosechar\u00e1 la nada despreciable suma de 1 mill\u00f3n de pesos. Y como est\u00e1 muy bueno que el Gobierno haya difundido los nombres, m\u00e9ritos y carreras de los jueces, entr\u00e1 en esta nota y conocelos.<\/strong><\/em><\/h4>\n\n\n\n<div style=\"height:33px\" aria-hidden=\"true\" class=\"wp-block-spacer\"><\/div>\n\n\n<a href=\"https:\/\/instagram.com\/labelsolutions?igshid=YmMyMTA2M2Y=\" aria-label=\"Banner Palero 1700&#215;500\"><img loading=\"lazy\" decoding=\"async\" src=\"https:\/\/enolife.com.ar\/es\/wp-content\/uploads\/2021\/09\/Banner-Palero-1700x500-1.gif\" alt=\"\"  width=\"1700\" height=\"500\"   \/><\/a>\n\n\n<div style=\"height:67px\" aria-hidden=\"true\" class=\"wp-block-spacer\"><\/div>\n\n\n\n<p>El tribunal evaluador estar\u00e1 conformado por tres representantes del <strong>Ministerio de Cultura y Turismo del Gobierno de Mendoz<\/strong>a, un representante por cada una de la siguientes universidades: <strong>Universidad Nacional de Cuyo, Universidad del Aconcagua, Universidad Champagnat, Universidad de Mendoza, Universidad Juan Agust\u00edn Maza, Universidad de Congreso y Universidad Cat\u00f3lica Argentina<\/strong> y un representante de la <strong>Asociaci\u00f3n de Dise\u00f1adores de Mendoza<\/strong> (Adimza).<\/p>\n\n\n\n<p>Tambi\u00e9n se designar\u00e1 a un veedor con voz, pero sin voto, designado por el Ministerio de Cultura y Turismo y el proceso estar\u00e1 certificado por un escribano p\u00fablico.<\/p>\n\n\n\n<p>Estos son los jurados resonsable de la decisi\u00f3n:<\/p>\n\n\n\n<div style=\"height:20px\" aria-hidden=\"true\" class=\"wp-block-spacer\"><\/div>\n\n\n\n<p class=\"has-medium-font-size\"><strong>Javier Zarzavilla<\/strong><\/p>\n\n\n\n<div class=\"wp-block-image\"><figure class=\"alignleft is-resized\"><img loading=\"lazy\" decoding=\"async\" src=\"https:\/\/pbs.twimg.com\/profile_images\/1082312712129036293\/OtYyQ6TW_400x400.jpg\" alt=\"Javier Zarzavilla (@imagendemarca) \/ Twitter\" width=\"147\" height=\"147\"\/><\/figure><\/div>\n\n\n\n<p>Dise\u00f1ador Gr\u00e1fico egresado de la Facultad de Artes y Dise\u00f1o (FAD\/UNCuyo). Director de Estudio Zarzavilla Imagen, abordando proyectos de branding, coordinando y gestionando la Comunicaci\u00f3n Organizacional y la Consultor\u00eda en Identidad y Posicionamiento de Imagen de Marca, Comunicaci\u00f3n e Identidad. Docente titular del Seminario sobre Imagen Corporativa en la Carrera de Comunicaci\u00f3n Social, UNCUyo. Docente del M\u00f3dulo Imagen de Marca en la Maestr\u00eda en Gerenciamiento de Negocios Agroindustriales para la Facultad de Ciencias Econ\u00f3micas y Facultad de Ciencias Agrarias (UNCuyo). Docente del M\u00f3dulo Identidad Visual en la Maestr\u00eda en Comunicaci\u00f3n Institucional y Corporativa de la UMAZA y Docente del M\u00f3dulo Identidad e Imagen de Marca para la Facultad de Arquitectura y Ciencias del H\u00e1bitat de la Universidad Mayor de San Sim\u00f3n, Cochabamba (Bolivia).<\/p>\n\n\n\n<div style=\"height:20px\" aria-hidden=\"true\" class=\"wp-block-spacer\"><\/div>\n\n\n\n<p class=\"has-medium-font-size\"><strong>Diego C\u00e9sar<\/strong><\/p>\n\n\n\n<div class=\"wp-block-image\"><figure class=\"alignleft is-resized\"><img loading=\"lazy\" decoding=\"async\" src=\"https:\/\/pbs.twimg.com\/profile_images\/473508087576281088\/EFdN5dLT_400x400.jpeg\" alt=\"Diego Gabriel C\u00e9sar (@diegogcesar) \/ Twitter\" width=\"150\" height=\"150\"\/><\/figure><\/div>\n\n\n\n<p>Licenciado en Comercializaci\u00f3n, egresado de la Universidad del Aconcagua. Realiz\u00f3 estudios de Postgrado en Comunicaci\u00f3n e Imagen Corporativa, en la Universidad Nacional de Cuyo; Postgrado en Marketing, Marketing en la IAE Business School<\/p>\n\n\n\n<p>Direcci\u00f3n Cinematogr\u00e1fica en la Universidad del Cine. Es Director Creativo en MDA Consultora S.A. \/ Co-Founder &amp; CFO en Yecas+Kinderbyte. Su orientaci\u00f3n, tanto de estudios como profesional se ha desarrollado en el plano comunicacional y publicitario, pero tambi\u00e9n ha abordado espec\u00edficamente la industria frut\u00edcola y vitivin\u00edcola. Con amplia trayectoria en la estructura empresarial, el \u00e1rea de marketing y comunicaci\u00f3n.<\/p>\n\n\n\n<div style=\"height:20px\" aria-hidden=\"true\" class=\"wp-block-spacer\"><\/div>\n\n\n\n<p class=\"has-medium-font-size\"><strong>Claudio Cicchinelli<\/strong><\/p>\n\n\n\n<div class=\"wp-block-image\"><figure class=\"alignleft is-resized\"><img loading=\"lazy\" decoding=\"async\" src=\"https:\/\/media-exp1.licdn.com\/dms\/image\/C4D03AQHlcSWWwR0f7Q\/profile-displayphoto-shrink_800_800\/0\/1516764289512?e=2147483647&amp;v=beta&amp;t=iPX5ZZtZOBFTiOxuFMyTouo-_WE5Hupi_THEIY8jDAE\" alt=\"Claudio Cicchinelli - Director - Cicchinelli - Aleman Estudio de  Comunicaci\u00f3n Visual | LinkedIn\" width=\"154\" height=\"154\"\/><\/figure><\/div>\n\n\n\n<p>Dise\u00f1ador Industrial especializado en Gr\u00e1fica, egresado de la UNCuyo.&nbsp;Profesor adscripto&nbsp;y&nbsp;Jefe de Trabajos Pr\u00e1cticos Interino con dedicaci\u00f3n semiexclusiva en la c\u00e1tedra Dise\u00f1o Gr\u00e1fico I, de la Facultad de Artes y Dise\u00f1o, UNCuyo. Jefe de Trabajo Pr\u00e1cticos en la c\u00e1tedra Publicidad I de la Licenciatura en Publicidad de la Facultad de Ciencias Sociales y Administrativas de la Universidad del Aconcagua. Cuenta con amplia trayectoria en la participaci\u00f3n de actividades en el sector empresarial o entidades de car\u00e1cter p\u00fablico y privado. En la actualidad, es Director de Arte de MDA Consultora en comunicaci\u00f3n, a cargo de las cuentas de Administraci\u00f3n Tributaria Mendoza, Ente Provincial de Turismo y Ministerio de Cultura y Turismo del Gobierno de Mendoza para las que realiz\u00f3 proyectos y asesor\u00eda en identidad y comunicaci\u00f3n, campa\u00f1as promocionales, eventos, ferias, congresos y exposiciones, entre otras.<\/p>\n\n\n\n<div style=\"height:20px\" aria-hidden=\"true\" class=\"wp-block-spacer\"><\/div>\n\n\n\n<p class=\"has-medium-font-size\"><strong>Ver\u00f3nica Carbone<\/strong><\/p>\n\n\n\n<div class=\"wp-block-image\"><figure class=\"alignleft size-large is-resized\"><img loading=\"lazy\" decoding=\"async\" src=\"https:\/\/enolife.com.ar\/es\/wp-content\/uploads\/2022\/12\/160242813_2893571390927992_1745979128091630950_n.jpg\" alt=\"\" class=\"wp-image-82872\" width=\"152\" height=\"165\"\/><\/figure><\/div>\n\n\n\n<p>Dise\u00f1adora Gr\u00e1fica, egresada de la UNCuyo. Actualmente es la vicedirectora de las Carreras de Dise\u00f1o de la Facultad de Artes y Dise\u00f1o de la UNCuyo. Owner en Estudio de dise\u00f1o \u201cContemplo\u201d. <\/p>\n\n\n\n<p>Tiene un posgrado en Marketing Digital. Artista en teatro y comedia musical. Tallerista en Cultura de Las Heras<\/p>\n\n\n\n<div style=\"height:20px\" aria-hidden=\"true\" class=\"wp-block-spacer\"><\/div>\n\n\n\n<p class=\"has-medium-font-size\"><strong>Andr\u00e9s Marziani<\/strong><\/p>\n\n\n\n<div class=\"wp-block-image\"><figure class=\"alignleft size-large is-resized\"><img loading=\"lazy\" decoding=\"async\" src=\"https:\/\/enolife.com.ar\/es\/wp-content\/uploads\/2022\/12\/Marziani.jpg\" alt=\"\" class=\"wp-image-82874\" width=\"155\" height=\"137\" srcset=\"https:\/\/enolife.com.ar\/es\/wp-content\/uploads\/2022\/12\/Marziani.jpg 451w, https:\/\/enolife.com.ar\/es\/wp-content\/uploads\/2022\/12\/Marziani-300x266.jpg 300w\" sizes=\"auto, (max-width: 155px) 100vw, 155px\" \/><\/figure><\/div>\n\n\n\n<p>Licenciado en Publicidad, egresado de la Universidad del Aconcagua. Es docente y coordinador de Carreras Creativas, Licenciatura en Publicidad, Licenciatura en Dise\u00f1o, Ciclo de Complementaci\u00f3n Curricular en Dise\u00f1o Gr\u00e1fico, Tecnicatura Universitaria en Dise\u00f1o Gr\u00e1fico y Publicidad. Desde 2021 a la actualidad. Es co-creador de la Tecnicatura en Dise\u00f1o Gr\u00e1fico y Publicidad y Licenciatura en Direcci\u00f3n Creativa de Dise\u00f1o y Publicidad y forma parte del Consejo Superior en F.C.S.A<\/p>\n\n\n\n<p>Es miembro de la comisi\u00f3n directiva de AMAP, Asociaci\u00f3n Mendocina de Actividades Publicitarias, desde 2019 hasta la actualidad.<\/p>\n\n\n\n<div style=\"height:20px\" aria-hidden=\"true\" class=\"wp-block-spacer\"><\/div>\n\n\n\n<p class=\"has-medium-font-size\"><strong>Mat\u00edas Badino<\/strong><\/p>\n\n\n\n<div class=\"wp-block-image\"><figure class=\"alignleft is-resized\"><img loading=\"lazy\" decoding=\"async\" src=\"https:\/\/mir-s3-cdn-cf.behance.net\/user\/276\/21c84c26250097.56a256d6e08d5.jpg\" alt=\"Mat\u00edas Badino on Behance\" width=\"153\" height=\"153\"\/><\/figure><\/div>\n\n\n\n<p>Dise\u00f1ador Industrial con especialidad en Gr\u00e1fica egresado de la Universidad Nacional de Cuyo. +<\/p>\n\n\n\n<p>Es profesor titular de las c\u00e1tedras de Dise\u00f1o de Identidad y Proyecto de Dise\u00f1o, de la especialidad en Identidad de la Carrera de Dise\u00f1o Gr\u00e1fico de la Universidad Champagnat, en donde se desempe\u00f1a como director y tutor de Tesis. <\/p>\n\n\n\n<p>Tambi\u00e9n es profesor titular de las c\u00e1tedras Dise\u00f1o 3 e Inform\u00e1tica 3, de la Carrera de Dise\u00f1o del Instituto Avellaneda.<\/p>\n\n\n\n<div style=\"height:20px\" aria-hidden=\"true\" class=\"wp-block-spacer\"><\/div>\n\n\n\n<p class=\"has-medium-font-size\"><strong>Josefina Foti<\/strong><\/p>\n\n\n\n<div class=\"wp-block-image\"><figure class=\"alignleft is-resized\"><img loading=\"lazy\" decoding=\"async\" src=\"https:\/\/media-exp1.licdn.com\/dms\/image\/C4D03AQGy2uhMgJ50Zw\/profile-displayphoto-shrink_800_800\/0\/1517502865579?e=2147483647&amp;v=beta&amp;t=hH3z4_rGdO1D7-m_GDSiz5uyDkV-sfX3RwFFu6Nf9pQ\" alt=\"Foti Josefina - DIRECTORA CARRERAS DE DISE\u00d1O - UNIVERSIDAD DE MENDOZA |  LinkedIn\" width=\"152\" height=\"152\"\/><\/figure><\/div>\n\n\n\n<p>Dise\u00f1adora de Interiores. Desarroll\u00f3 su formaci\u00f3n en la Universidad de Mendoza y Tesista en gesti\u00f3n para el dise\u00f1o regional, en la UNCuyo. Directora de las Carreras de Dise\u00f1o, adjunta en la C\u00e1tedra Taller Integral 1 y 2; Semiolog\u00eda, de la Carrera de Dise\u00f1o de la Universidad de Mendoza e integrante del proyecto editorial Huella, FAUD.<\/p>\n\n\n\n<div style=\"height:22px\" aria-hidden=\"true\" class=\"wp-block-spacer\"><\/div>\n\n\n\n<p class=\"has-medium-font-size\"><strong>Mario Zamorano<\/strong><\/p>\n\n\n\n<div class=\"wp-block-image\"><figure class=\"alignleft size-large is-resized\"><img loading=\"lazy\" decoding=\"async\" src=\"https:\/\/enolife.com.ar\/es\/wp-content\/uploads\/2022\/12\/Imagen1-5.jpg\" alt=\"\" class=\"wp-image-82878\" width=\"150\" height=\"155\"\/><\/figure><\/div>\n\n\n\n<p>Licenciado en Comunicaci\u00f3n Social, maestrando en Comunicaci\u00f3n Corporativa e Institucional por la Universidad Maza, especializando en Gesti\u00f3n de la Vinculaci\u00f3n Tecnol\u00f3gica GTEC \u2013 UNCuyo. Es Director de Comunicaci\u00f3n Institucional de la Universidad Maza, donde lidera equipos multidisciplinarios de comunicaci\u00f3n corporativa. Es docente universitario en la Carrera de Comunicaci\u00f3n Social de la Universidad Maza, en la C\u00e1tedra Comunicaci\u00f3n Organizativa e Institucional. Fue Director Ejecutivo de la Fundaci\u00f3n Auge durante 15 a\u00f1os y Director de Extensi\u00f3n y Vinculaci\u00f3n de la Universidad Maza durante 5 a\u00f1os.<\/p>\n\n\n\n<div style=\"height:26px\" aria-hidden=\"true\" class=\"wp-block-spacer\"><\/div>\n\n\n\n<p class=\"has-medium-font-size\"><strong>Renato Di Fabio<\/strong><\/p>\n\n\n\n<div class=\"wp-block-image\"><figure class=\"alignleft size-large is-resized\"><img loading=\"lazy\" decoding=\"async\" src=\"https:\/\/enolife.com.ar\/es\/wp-content\/uploads\/2022\/12\/5807967a6b0b2_1083_599.jpg\" alt=\"\" class=\"wp-image-82880\" width=\"153\" height=\"164\"\/><\/figure><\/div>\n\n\n\n<p>Licenciado en Comunicaci\u00f3n y T\u00e9cnico Superior en Publicidad y Propaganda, egresado de la Universidad Juan Agust\u00edn Maza. Periodista y redactor de los diarios Los Andes, Clar\u00edn y El Sol; de las revistas Mercado Cuyo, Enogesti\u00f3n, Estrategias &amp; Mercados. Consultor en imagen corporativa y comunicaci\u00f3n institucional. Redactor publicitario y responsable de contenidos editoriales de la Agencia 10 Media. En su experiencia como docente, fue&nbsp;Director de la Carrera de Comunicaci\u00f3n en la Universidad Congreso, Titular de la C\u00e1tedra de Dise\u00f1o y Redacci\u00f3n Editorial de la Universidad Champagnat, Jefe de Trabajos Pr\u00e1cticos de Redacci\u00f3n Period\u00edstica III y de Periodismo y Medios de la Universidad Maza.<\/p>\n\n\n\n<div style=\"height:30px\" aria-hidden=\"true\" class=\"wp-block-spacer\"><\/div>\n\n\n\n<p class=\"has-medium-font-size\"><strong>Julieta Nadin<\/strong><\/p>\n\n\n\n<div class=\"wp-block-image\"><figure class=\"alignleft is-resized\"><img loading=\"lazy\" decoding=\"async\" src=\"https:\/\/pbs.twimg.com\/profile_images\/1467196524161486853\/xfJFzHP6_400x400.jpg\" alt=\"Julieta Nadin (@julinadin) \/ Twitter\" width=\"154\" height=\"154\"\/><\/figure><\/div>\n\n\n\n<p>Coordinadora de la carrera de Comunicaci\u00f3n Digital e Interactiva de la Facultad de Humanidades y Ciencias Econ\u00f3micas, Universidad Cat\u00f3lica Argentina. Es Subgerente de Marketing Comercial, Coordinaci\u00f3n de las \u00e1reas de Marketing, Los Andes Pass, Monetizaci\u00f3n de Audiencias y Planeamiento e inteligencia comercial. Innovaci\u00f3n en nuevos modelos de comercializaci\u00f3n y consolidaci\u00f3n de la relaci\u00f3n entre audiencias y anunciantes, en Diario Los Andes. En su trayectoria docente se desempe\u00f1\u00f3 como Coordinadora de la Carrera de Licenciatura en Comunicaci\u00f3n Digital e Interactiva en la Universidad Cat\u00f3lica Argentina y JTP de la material An\u00e1lisis Organizacional en la Facultad de Ciencias Econ\u00f3micas UNCuyo.<\/p>\n\n\n\n<div style=\"height:30px\" aria-hidden=\"true\" class=\"wp-block-spacer\"><\/div>\n\n\n\n<p class=\"has-medium-font-size\"><strong>Ramiro Cand\u00eda Far\u00edas<\/strong><\/p>\n\n\n\n<div class=\"wp-block-image\"><figure class=\"alignleft is-resized\"><img loading=\"lazy\" decoding=\"async\" src=\"https:\/\/interdisen.files.wordpress.com\/2016\/04\/11406907_10207075092979526_7130970077187925637_n.jpg\" alt=\"Quienes somos \u2013 E S T R A T E G I A + D I S E \u00d1 O + G E S T I \u00d3 N\" width=\"149\" height=\"152\"\/><\/figure><\/div>\n\n\n\n<p>Dise\u00f1ador Industrial, especializado en Productos de la UNCuyo. Posee estudios de posgrado en Direcci\u00f3n de Proyectos, Direcci\u00f3n de C\u00e1maras Empresariales y Gesti\u00f3n de Dise\u00f1o para los Desarrollos Regionales. Es Presidente Ad Honorem de ADIMZA \u2013 Asociaci\u00f3n de Estudios y Profesionales del Dise\u00f1o de Mendoza desde el a\u00f1o 2010.<\/p>\n\n\n\n<div style=\"height:26px\" aria-hidden=\"true\" class=\"wp-block-spacer\"><\/div>\n\n\n\n<p class=\"has-medium-font-size\"><strong>Fernanda Rivarola\u00a0\u00a0\u00a0\u00a0\u00a0\u00a0\u00a0\u00a0\u00a0\u00a0<\/strong><\/p>\n\n\n\n<div class=\"wp-block-image\"><figure class=\"alignleft is-resized\"><img loading=\"lazy\" decoding=\"async\" src=\"https:\/\/i1.sndcdn.com\/artworks-skjFlSePzOeFmWgC-4HTbHw-t500x500.jpg\" alt=\"Stream ENTREVISTA DIRCOM - Mg. Fernanda Rivarola by Luciana Liranche |  Listen online for free on SoundCloud\" width=\"152\" height=\"152\"\/><\/figure><\/div>\n\n\n\n<p>Directora de Comunicaci\u00f3n y Marketing del Ministerio de Cultura y Turismo del Gobierno de Mendoza. Licenciada en Comunicaci\u00f3n Social. Magister en Comunicaci\u00f3n Corporativa e Institucional. Cuenta con 27 a\u00f1os de docencia universitaria de grado y posgrado en carreras vinculadas a la Comunicaci\u00f3n. Fue decana de la Facultad de Periodismo de la Universidad Juan Agust\u00edn Maza. Fue Directora de Carreras de grado y posgrado de la Facultad de Ciencias Sociales y Comunicaci\u00f3n de la Universidad Juan Agust\u00edn Maza. En la actividad profesional, se ha desempe\u00f1ado en el \u00e1mbito laboral privado como publicista, periodista y consultora en comunicaci\u00f3n.<\/p>\n\n\n\n<div style=\"height:42px\" aria-hidden=\"true\" class=\"wp-block-spacer\"><\/div>\n\n\n\n<p class=\"has-medium-font-size\"><strong>La identidad y comunicaci\u00f3n visual de la Vendimia 2023<\/strong><\/p>\n\n\n\n<p>Los trabajos deber\u00e1n tener coherencia conceptual con la Fiesta Nacional de la Vendimia y eventos oficiales del Calendario de Vendimia 2023, bas\u00e1ndose en lo que representa la Fiesta Grande de los mendocinos, para el p\u00fablico local y los visitantes del pa\u00eds y del mundo; con versatilidad para sus aplicaciones y reproducibilidad en diversos soportes y tecnolog\u00edas.<\/p>\n\n\n\n<p>La propuesta debe reflejar el significado que tiene la Fiesta Nacional de la Vendimia en su contexto social, tur\u00edstico y cultural, para esta presente edici\u00f3n 2023.<\/p>\n\n\n\n<p>El concepto de&nbsp;<strong>sistema<\/strong>&nbsp;es para dar una imagen integrada y fuerte a todas las piezas comunicacionales de la&nbsp;<strong>Fiesta Nacional de la Vendimia y eventos oficiales del calendario de Vendimia 2023<\/strong>.&nbsp;<strong>Aqu\u00ed radica la importancia de que cada pieza cumpla su&nbsp;funci\u00f3n espec\u00edfica&nbsp;y que se&nbsp;articule&nbsp;con las restantes. Las propuestas deber\u00e1n ser&nbsp;pensadas para soportes f\u00edsicos y digitales.<\/strong><\/p>\n\n\n\n<p>La obra contenida en la propuesta deber\u00e1 ser in\u00e9dita, lo que supone que nunca haya sido exhibida o reproducida p\u00fablicamente.<\/p>\n\n\n\n<p class=\"has-background has-very-light-gray-background-color\"><strong>Los interesados en participar podr\u00e1n consultar las bases en\u00a0<a rel=\"noreferrer noopener\" href=\"http:\/\/www.mendoza.gov.ar\/cultura\/\" target=\"_blank\">www.mendoza.gov.ar\/cultura\/<\/a>.<\/strong><\/p>\n\n\n\n<div style=\"height:41px\" aria-hidden=\"true\" class=\"wp-block-spacer\"><\/div>\n\n\n\n<p class=\"has-small-font-size\"><em><strong>Fuente: Gobierno de Mendoza<\/strong><\/em><\/p>\n\n\n\n<div style=\"height:25px\" aria-hidden=\"true\" class=\"wp-block-spacer\"><\/div>\n","protected":false},"excerpt":{"rendered":"<p>El pr\u00f3ximo lunes 19\/12\/22 vence el plazo para la presentaci\u00f3n de propuestas para el denominado&hellip;<\/p>\n","protected":false},"author":5,"featured_media":82886,"comment_status":"open","ping_status":"open","sticky":false,"template":"","format":"standard","meta":{"footnotes":""},"categories":[14],"tags":[],"class_list":["post-82856","post","type-post","status-publish","format-standard","has-post-thumbnail","hentry","category-news"],"_links":{"self":[{"href":"https:\/\/enolife.com.ar\/es\/wp-json\/wp\/v2\/posts\/82856","targetHints":{"allow":["GET"]}}],"collection":[{"href":"https:\/\/enolife.com.ar\/es\/wp-json\/wp\/v2\/posts"}],"about":[{"href":"https:\/\/enolife.com.ar\/es\/wp-json\/wp\/v2\/types\/post"}],"author":[{"embeddable":true,"href":"https:\/\/enolife.com.ar\/es\/wp-json\/wp\/v2\/users\/5"}],"replies":[{"embeddable":true,"href":"https:\/\/enolife.com.ar\/es\/wp-json\/wp\/v2\/comments?post=82856"}],"version-history":[{"count":0,"href":"https:\/\/enolife.com.ar\/es\/wp-json\/wp\/v2\/posts\/82856\/revisions"}],"wp:featuredmedia":[{"embeddable":true,"href":"https:\/\/enolife.com.ar\/es\/wp-json\/wp\/v2\/media\/82886"}],"wp:attachment":[{"href":"https:\/\/enolife.com.ar\/es\/wp-json\/wp\/v2\/media?parent=82856"}],"wp:term":[{"taxonomy":"category","embeddable":true,"href":"https:\/\/enolife.com.ar\/es\/wp-json\/wp\/v2\/categories?post=82856"},{"taxonomy":"post_tag","embeddable":true,"href":"https:\/\/enolife.com.ar\/es\/wp-json\/wp\/v2\/tags?post=82856"}],"curies":[{"name":"wp","href":"https:\/\/api.w.org\/{rel}","templated":true}]}}