{"id":825,"date":"2019-08-29T14:19:39","date_gmt":"2019-08-29T14:19:39","guid":{"rendered":"http:\/\/enolife.com.ar\/es\/?p=825"},"modified":"2019-10-09T01:12:12","modified_gmt":"2019-10-09T01:12:12","slug":"ferias-expos-2019-2020","status":"publish","type":"post","link":"https:\/\/enolife.com.ar\/es\/ferias-expos-2019-2020\/","title":{"rendered":"Ferias &#8211; Expos 2019 \/ 2020"},"content":{"rendered":"\n<p><\/p>\n\n\n\n<div class=\"wp-block-image\"><figure class=\"aligncenter is-resized\"><img loading=\"lazy\" decoding=\"async\" src=\"https:\/\/enolife.com.ar\/es\/wp-content\/uploads\/2019\/06\/image-94.png\" alt=\"\" class=\"wp-image-1230\" width=\"189\" height=\"121\" srcset=\"https:\/\/enolife.com.ar\/es\/wp-content\/uploads\/2019\/06\/image-94.png 302w, https:\/\/enolife.com.ar\/es\/wp-content\/uploads\/2019\/06\/image-94-300x192.png 300w\" sizes=\"auto, (max-width: 189px) 100vw, 189px\" \/><\/figure><\/div>\n\n\n\n<div style=\"height:20px\" aria-hidden=\"true\" class=\"wp-block-spacer\"><\/div>\n\n\n\n<p class=\"has-background has-medium-font-size has-pale-pink-background-color\"><strong>Ferias recomendadas por WoFA:<\/strong><br><strong> <\/strong><a rel=\"noreferrer noopener\" href=\"https:\/\/www.tradefairdates.com\/Wine-Trade-Shows-Y363-S2.html\" target=\"_blank\">https:\/\/www.tradefairdates.com\/Wine-Trade-Shows-Y363-S2.html<\/a><\/p>\n\n\n\n<div style=\"height:72px\" aria-hidden=\"true\" class=\"wp-block-spacer\"><\/div>\n\n\n\n<p class=\"has-large-font-size\"><strong>Otras ferias<\/strong><\/p>\n\n\n\n<div style=\"height:50px\" aria-hidden=\"true\" class=\"wp-block-spacer\"><\/div>\n\n\n\n<figure class=\"wp-block-image is-resized\"><img loading=\"lazy\" decoding=\"async\" src=\"https:\/\/enolife.com.ar\/es\/wp-content\/uploads\/2019\/06\/image-27.png\" alt=\"\" class=\"wp-image-836\" width=\"463\" height=\"194\" srcset=\"https:\/\/enolife.com.ar\/es\/wp-content\/uploads\/2019\/06\/image-27.png 507w, https:\/\/enolife.com.ar\/es\/wp-content\/uploads\/2019\/06\/image-27-300x125.png 300w\" sizes=\"auto, (max-width: 463px) 100vw, 463px\" \/><\/figure>\n\n\n\n<p><strong>Anuga 2019, Alemania:<\/strong>\n05\/10\/2019 al 09\/10\/2019<br>\n<em>Feria internacional de la Alimentaci\u00f3n<br>\nKoelnmesse &#8211; Colonia (Alemania)<\/em><br>\n<a href=\"http:\/\/www.anuga.com\">www.anuga.com<\/a><br>\n<em>Por <strong>Promendoza<\/strong>, se suma Misi\u00f3n Comercial \u2013 Alemania y B\u00e9lgica\nhasta el 15\/10\/2019<br>\nM\u00e1s informaci\u00f3n: <\/em><a href=\"mailto:gprisco@promendoza.com\"><em>gprisco@promendoza.com<\/em><\/a><em><\/em><\/p>\n\n\n\n<div style=\"height:49px\" aria-hidden=\"true\" class=\"wp-block-spacer\"><\/div>\n\n\n\n<figure class=\"wp-block-image is-resized\"><img loading=\"lazy\" decoding=\"async\" src=\"https:\/\/enolife.com.ar\/es\/wp-content\/uploads\/2019\/06\/image-28.png\" alt=\"\" class=\"wp-image-837\" width=\"405\" height=\"143\" srcset=\"https:\/\/enolife.com.ar\/es\/wp-content\/uploads\/2019\/06\/image-28.png 335w, https:\/\/enolife.com.ar\/es\/wp-content\/uploads\/2019\/06\/image-28-300x106.png 300w\" sizes=\"auto, (max-width: 405px) 100vw, 405px\" \/><\/figure>\n\n\n\n<p><a><strong>Autotochtona 2019, Italia<\/strong><\/a>: 14\/10\/2019 al 15\/10\/2019<br>\n<em>Viticultura y enolog\u00eda: forum de los vinos aut\u00f3ctonos<br>\nFiera Bolzano &#8211; Bolzano (Italia)<\/em><br>\n<a href=\"http:\/\/www.fierabolzano.it\/autochtona\/\">www.fierabolzano.it\/autochtona\/<\/a><strong><\/strong><\/p>\n\n\n\n<div style=\"height:49px\" aria-hidden=\"true\" class=\"wp-block-spacer\"><\/div>\n\n\n\n<figure class=\"wp-block-image is-resized\"><img loading=\"lazy\" decoding=\"async\" src=\"https:\/\/enolife.com.ar\/es\/wp-content\/uploads\/2019\/06\/image-29.png\" alt=\"\" class=\"wp-image-838\" width=\"558\" height=\"136\" srcset=\"https:\/\/enolife.com.ar\/es\/wp-content\/uploads\/2019\/06\/image-29.png 653w, https:\/\/enolife.com.ar\/es\/wp-content\/uploads\/2019\/06\/image-29-300x73.png 300w, https:\/\/enolife.com.ar\/es\/wp-content\/uploads\/2019\/06\/image-29-585x142.png 585w\" sizes=\"auto, (max-width: 558px) 100vw, 558px\" \/><\/figure>\n\n\n\n<p><strong>Fruit\nAttraction \u2013 Espa\u00f1a: <\/strong>23\/10\/2019 al 24\/10\/2019<br>\n<em>Frutas deshidratadas, frutos secos<br>\nIFEMA es la Instituci\u00f3n Ferial de Madrid.<br>\n<\/em><a href=\"http:\/\/fruitattraction.com\/es\/inicio\/\">http:\/\/fruitattraction.com\/es\/inicio\/<\/a><em><br>\nPor <strong>Promendoza<\/strong> m\u00e1s informaci\u00f3n: <\/em><a href=\"mailto:garribas@promendoza.com\"><em>garribas@promendoza.com<\/em><\/a><em><\/em><\/p>\n\n\n\n<div style=\"height:52px\" aria-hidden=\"true\" class=\"wp-block-spacer\"><\/div>\n\n\n\n<figure class=\"wp-block-image is-resized\"><img loading=\"lazy\" decoding=\"async\" src=\"https:\/\/enolife.com.ar\/es\/wp-content\/uploads\/2019\/06\/image-30.png\" alt=\"\" class=\"wp-image-839\" width=\"296\" height=\"204\"\/><\/figure>\n\n\n\n<p><strong>Vinexpo 2019, China<\/strong>: 23\/10\/2019 al 25\/10\/2019<br> <em>Feria comercial china dedicada a la industria de vinos y licores.<br> Centro de Exposiciones y Convenciones de la Expo Mundial de Shanghai (SWEECC).<br> <\/em><a href=\"https:\/\/www.vinexposhanghai.com\">https:\/\/www.vinexposhanghai.com<\/a><\/p>\n\n\n\n<div style=\"height:50px\" aria-hidden=\"true\" class=\"wp-block-spacer\"><\/div>\n\n\n\n<figure class=\"wp-block-image\"><img loading=\"lazy\" decoding=\"async\" width=\"494\" height=\"212\" src=\"https:\/\/enolife.com.ar\/es\/wp-content\/uploads\/2019\/06\/image-31.png\" alt=\"\" class=\"wp-image-840\" srcset=\"https:\/\/enolife.com.ar\/es\/wp-content\/uploads\/2019\/06\/image-31.png 494w, https:\/\/enolife.com.ar\/es\/wp-content\/uploads\/2019\/06\/image-31-300x129.png 300w\" sizes=\"auto, (max-width: 494px) 100vw, 494px\" \/><\/figure>\n\n\n\n<p><strong>Annual General Meeting of Great Wine Capitals: <\/strong>02\/11\/2019 al 07\/11\/2019<br> <em>Turismo Vitivin\u00edcola<br> Por <strong>Promendoza<\/strong>. M\u00e1s Informaci\u00f3n: furdaniz@promendoza.com<br> <\/em><a href=\"http:\/\/www.greatwinecapitals.com\/\">http:\/\/www.greatwinecapitals.com\/<\/a><\/p>\n\n\n\n<div style=\"height:50px\" aria-hidden=\"true\" class=\"wp-block-spacer\"><\/div>\n\n\n\n<figure class=\"wp-block-image is-resized\"><img loading=\"lazy\" decoding=\"async\" src=\"https:\/\/enolife.com.ar\/es\/wp-content\/uploads\/2019\/06\/image-32.png\" alt=\"\" class=\"wp-image-841\" width=\"407\" height=\"264\" srcset=\"https:\/\/enolife.com.ar\/es\/wp-content\/uploads\/2019\/06\/image-32.png 449w, https:\/\/enolife.com.ar\/es\/wp-content\/uploads\/2019\/06\/image-32-300x194.png 300w\" sizes=\"auto, (max-width: 407px) 100vw, 407px\" \/><\/figure>\n\n\n\n<p><strong>International Import &amp; Export Exhibition, China: <\/strong>05\/11\/2019 al 10\/11\/2019 A<em>limentos y Vinos<br> Shanghai, China<br> Por Promendoza. M\u00e1s informaci\u00f3n: <\/em><a href=\"mailto:frebudero@promendoza.com\"><em>frebudero@promendoza.com<\/em><\/a><em><br> <\/em><a href=\"https:\/\/www.ciie.org\/zbh\/en\/\">https:\/\/www.ciie.org\/zbh\/en\/<\/a><\/p>\n\n\n\n<div style=\"height:52px\" aria-hidden=\"true\" class=\"wp-block-spacer\"><\/div>\n\n\n\n<figure class=\"wp-block-image is-resized\"><img loading=\"lazy\" decoding=\"async\" src=\"https:\/\/enolife.com.ar\/es\/wp-content\/uploads\/2019\/06\/image-33.png\" alt=\"\" class=\"wp-image-842\" width=\"414\" height=\"185\" srcset=\"https:\/\/enolife.com.ar\/es\/wp-content\/uploads\/2019\/06\/image-33.png 518w, https:\/\/enolife.com.ar\/es\/wp-content\/uploads\/2019\/06\/image-33-300x134.png 300w\" sizes=\"auto, (max-width: 414px) 100vw, 414px\" \/><\/figure>\n\n\n\n<p><strong>International\nBulk Wine &amp; Spirits Show (IBWSS), China: <\/strong>5\/11\/2019\nal 6\/11\/2019<br>\n<em>Vinos a Granel<br>\nShangai, China<br>\n<a>Por <strong>Promendoza<\/strong>, m\u00e1s informaci\u00f3n: <\/a><\/em><a href=\"mailto:frebudero@promendoza.com\"><em>frebudero@promendoza.com<\/em><\/a><em><br>\n<\/em><a href=\"https:\/\/ibwsshowchina.com\/\">https:\/\/ibwsshowchina.com\/<\/a><\/p>\n\n\n\n<div style=\"height:52px\" aria-hidden=\"true\" class=\"wp-block-spacer\"><\/div>\n\n\n\n<figure class=\"wp-block-image\"><img loading=\"lazy\" decoding=\"async\" width=\"436\" height=\"111\" src=\"https:\/\/enolife.com.ar\/es\/wp-content\/uploads\/2019\/06\/image-34.png\" alt=\"\" class=\"wp-image-843\" srcset=\"https:\/\/enolife.com.ar\/es\/wp-content\/uploads\/2019\/06\/image-34.png 436w, https:\/\/enolife.com.ar\/es\/wp-content\/uploads\/2019\/06\/image-34-300x76.png 300w\" sizes=\"auto, (max-width: 436px) 100vw, 436px\" \/><\/figure>\n\n\n\n<p><strong>ForumVini 2019, Alemania<\/strong>: 8\/11\/2019 al 10\/11\/2019<br>\n<em>Feria internacional del vino organizada por Meininnger Verlag (editorial de\nvinos)<br>\nCentro de eventos MOC&nbsp; Munich \u2013 Freimann\n(Alemania)<\/em><\/p>\n\n\n\n<div style=\"height:53px\" aria-hidden=\"true\" class=\"wp-block-spacer\"><\/div>\n\n\n\n<figure class=\"wp-block-image is-resized\"><img loading=\"lazy\" decoding=\"async\" src=\"https:\/\/enolife.com.ar\/es\/wp-content\/uploads\/2019\/06\/image-36.png\" alt=\"\" class=\"wp-image-845\" width=\"477\" height=\"150\" srcset=\"https:\/\/enolife.com.ar\/es\/wp-content\/uploads\/2019\/06\/image-36.png 590w, https:\/\/enolife.com.ar\/es\/wp-content\/uploads\/2019\/06\/image-36-300x95.png 300w, https:\/\/enolife.com.ar\/es\/wp-content\/uploads\/2019\/06\/image-36-585x184.png 585w\" sizes=\"auto, (max-width: 477px) 100vw, 477px\" \/><\/figure>\n\n\n\n<p><strong>Interwine Guangzhou:<\/strong> 9\/11\/2019 al 11\/11\/2019<br> <em>Vinos<br> China Import &amp; Export Fair Pazhou Complex, Guangzhou, China<br> Por <strong>Promendoza<\/strong>. M\u00e1s informaci\u00f3n: <\/em><a href=\"mailto:frebudero@promendoza.com\"><em>frebudero@promendoza.com<\/em><\/a><em><br> <\/em><a href=\"http:\/\/www.interwine.org\/\">http:\/\/www.interwine.org\/<\/a><\/p>\n\n\n\n<div style=\"height:51px\" aria-hidden=\"true\" class=\"wp-block-spacer\"><\/div>\n\n\n\n<figure class=\"wp-block-image is-resized\"><img loading=\"lazy\" decoding=\"async\" src=\"https:\/\/enolife.com.ar\/es\/wp-content\/uploads\/2019\/06\/image-37.png\" alt=\"\" class=\"wp-image-846\" width=\"430\" height=\"145\" srcset=\"https:\/\/enolife.com.ar\/es\/wp-content\/uploads\/2019\/06\/image-37.png 550w, https:\/\/enolife.com.ar\/es\/wp-content\/uploads\/2019\/06\/image-37-300x101.png 300w\" sizes=\"auto, (max-width: 430px) 100vw, 430px\" \/><\/figure>\n\n\n\n<p><strong>Food\nExpo, Vietnam<\/strong>: 13\/11\/2019 al 16\/11\/2019<br>\n<em>Alimentos y Vinos<br>\nVietnam, Ho Chi Minh<br>\nPor <strong>Promendoza<\/strong>, m\u00e1s informaci\u00f3n: <\/em><a href=\"mailto:promocioncomercial@promendoza.com\"><em>promocioncomercial@promendoza.com<\/em><\/a><em><br>\n<\/em><a href=\"https:\/\/foodexpo.vn\/\">https:\/\/foodexpo.vn\/<\/a><\/p>\n\n\n\n<div style=\"height:57px\" aria-hidden=\"true\" class=\"wp-block-spacer\"><\/div>\n\n\n\n<figure class=\"wp-block-image is-resized\"><img loading=\"lazy\" decoding=\"async\" src=\"https:\/\/enolife.com.ar\/es\/wp-content\/uploads\/2019\/06\/image-38.png\" alt=\"\" class=\"wp-image-847\" width=\"332\" height=\"199\"\/><\/figure>\n\n\n\n<p><strong>F\u00f2rum\ngastron\u00f2mic Barcelona<\/strong><strong> 2019, Espa\u00f1a:<\/strong>\n18\/11\/2019 al 20\/11\/2019<br>\n<em>Evento imprescindible para los profesionales del mundo de la gastronom\u00eda<br>\nFira Barcelona &#8211; Montju\u00efc &#8211; Barcelona (Espa\u00f1a)<\/em><br>\n<a href=\"http:\/\/www.forumgastronomic.com\/\">www.forumgastronomic.com\/<\/a><\/p>\n\n\n\n<div style=\"height:55px\" aria-hidden=\"true\" class=\"wp-block-spacer\"><\/div>\n\n\n\n<figure class=\"wp-block-image\"><img loading=\"lazy\" decoding=\"async\" width=\"330\" height=\"182\" src=\"https:\/\/enolife.com.ar\/es\/wp-content\/uploads\/2019\/06\/image-39.png\" alt=\"\" class=\"wp-image-848\" srcset=\"https:\/\/enolife.com.ar\/es\/wp-content\/uploads\/2019\/06\/image-39.png 330w, https:\/\/enolife.com.ar\/es\/wp-content\/uploads\/2019\/06\/image-39-300x165.png 300w\" sizes=\"auto, (max-width: 330px) 100vw, 330px\" \/><\/figure>\n\n\n\n<p><strong>Simei 2019, Italia<\/strong>: 19\/11\/2019 al 22\/11\/2019<br> <em>Sal\u00f3n internacional de m\u00e1quinas para enolog\u00eda y embotellado<br> Fiera Milano &#8211; Mil\u00e1n, Italia<\/em><br> <a href=\"http:\/\/www.simei.it\">www.simei.it<\/a><\/p>\n\n\n\n<div style=\"height:52px\" aria-hidden=\"true\" class=\"wp-block-spacer\"><\/div>\n\n\n\n<figure class=\"wp-block-image is-resized\"><img loading=\"lazy\" decoding=\"async\" src=\"https:\/\/enolife.com.ar\/es\/wp-content\/uploads\/2019\/06\/image-40.png\" alt=\"\" class=\"wp-image-849\" width=\"346\" height=\"223\"\/><\/figure>\n\n\n\n<p><strong>Sitevi\n2019, Francia<\/strong>: 26\/11\/2019 al 28\/11\/2019<br>\n<em>Sal\u00f3n Internacional de Tecnolog\u00eda Vitivin\u00edcola y Frut\u00edcola-Arbor\u00edcola<br>\nParc des Expositions &#8211; Montpellier (Francia)<\/em><br>\n<a href=\"http:\/\/www.sitevi.com\">www.sitevi.com<\/a><\/p>\n\n\n\n<div style=\"height:52px\" aria-hidden=\"true\" class=\"wp-block-spacer\"><\/div>\n\n\n\n<figure class=\"wp-block-image is-resized\"><img loading=\"lazy\" decoding=\"async\" src=\"https:\/\/enolife.com.ar\/es\/wp-content\/uploads\/2019\/06\/image-41.png\" alt=\"\" class=\"wp-image-850\" width=\"458\" height=\"137\" srcset=\"https:\/\/enolife.com.ar\/es\/wp-content\/uploads\/2019\/06\/image-41.png 626w, https:\/\/enolife.com.ar\/es\/wp-content\/uploads\/2019\/06\/image-41-300x90.png 300w, https:\/\/enolife.com.ar\/es\/wp-content\/uploads\/2019\/06\/image-41-585x175.png 585w\" sizes=\"auto, (max-width: 458px) 100vw, 458px\" \/><\/figure>\n\n\n\n<p><strong>Bulk\nWine 2019, Holanda<\/strong>: 02\/12\/2019 al 03\/12\/2019<br>\n<em>11\u00aa World Bulk Wine Exhibition &#8211; Encuentro mundial del vino a granel<br>\nRai Elicium &#8211; \u00c1msterdam (Pa\u00edses Bajos)<br>\nPor <strong>Promendoza<\/strong>, m\u00e1s informaci\u00f3n: frebudero@promendoza.com<\/em><br>\n<a href=\"http:\/\/www.worldbulkwine.com\">www.worldbulkwine.com<\/a><\/p>\n\n\n\n<div style=\"height:53px\" aria-hidden=\"true\" class=\"wp-block-spacer\"><\/div>\n\n\n\n<figure class=\"wp-block-image is-resized\"><img loading=\"lazy\" decoding=\"async\" src=\"https:\/\/enolife.com.ar\/es\/wp-content\/uploads\/2019\/06\/image-42.png\" alt=\"\" class=\"wp-image-851\" width=\"385\" height=\"93\" srcset=\"https:\/\/enolife.com.ar\/es\/wp-content\/uploads\/2019\/06\/image-42.png 302w, https:\/\/enolife.com.ar\/es\/wp-content\/uploads\/2019\/06\/image-42-300x73.png 300w\" sizes=\"auto, (max-width: 385px) 100vw, 385px\" \/><\/figure>\n\n\n\n<p><strong>Hostelco 2020, Espa\u00f1a:<\/strong> 20\/04\/2020 al 23\/04\/2020<br><em>Sal\u00f3n internacional del equipamiento para la restauraci\u00f3n, hoteler\u00eda y colectividades.<br> Fira Barcelona (Montju\u00efc) &#8211; Barcelona, Espa\u00f1a.<\/em><br> <a href=\"http:\/\/www.hostelco.com\">www.hostelco.com<\/a><\/p>\n","protected":false},"excerpt":{"rendered":"<p>Ferias recomendadas por WoFA: https:\/\/www.tradefairdates.com\/Wine-Trade-Shows-Y363-S2.html Otras ferias Anuga 2019, Alemania: 05\/10\/2019 al 09\/10\/2019 Feria internacional&hellip;<\/p>\n","protected":false},"author":3,"featured_media":852,"comment_status":"open","ping_status":"open","sticky":false,"template":"","format":"standard","meta":{"footnotes":""},"categories":[10],"tags":[],"class_list":["post-825","post","type-post","status-publish","format-standard","has-post-thumbnail","hentry","category-ferias"],"_links":{"self":[{"href":"https:\/\/enolife.com.ar\/es\/wp-json\/wp\/v2\/posts\/825","targetHints":{"allow":["GET"]}}],"collection":[{"href":"https:\/\/enolife.com.ar\/es\/wp-json\/wp\/v2\/posts"}],"about":[{"href":"https:\/\/enolife.com.ar\/es\/wp-json\/wp\/v2\/types\/post"}],"author":[{"embeddable":true,"href":"https:\/\/enolife.com.ar\/es\/wp-json\/wp\/v2\/users\/3"}],"replies":[{"embeddable":true,"href":"https:\/\/enolife.com.ar\/es\/wp-json\/wp\/v2\/comments?post=825"}],"version-history":[{"count":0,"href":"https:\/\/enolife.com.ar\/es\/wp-json\/wp\/v2\/posts\/825\/revisions"}],"wp:featuredmedia":[{"embeddable":true,"href":"https:\/\/enolife.com.ar\/es\/wp-json\/wp\/v2\/media\/852"}],"wp:attachment":[{"href":"https:\/\/enolife.com.ar\/es\/wp-json\/wp\/v2\/media?parent=825"}],"wp:term":[{"taxonomy":"category","embeddable":true,"href":"https:\/\/enolife.com.ar\/es\/wp-json\/wp\/v2\/categories?post=825"},{"taxonomy":"post_tag","embeddable":true,"href":"https:\/\/enolife.com.ar\/es\/wp-json\/wp\/v2\/tags?post=825"}],"curies":[{"name":"wp","href":"https:\/\/api.w.org\/{rel}","templated":true}]}}