{"id":82439,"date":"2022-12-09T00:03:28","date_gmt":"2022-12-09T00:03:28","guid":{"rendered":"http:\/\/enolife.com.ar\/es\/?p=82439"},"modified":"2022-12-11T23:39:16","modified_gmt":"2022-12-11T23:39:16","slug":"nicolas-vicchi-el-proyecto-de-tolerancia-cero-es-una-propuesta-demagogica-que-no-salvara-vidas","status":"publish","type":"post","link":"https:\/\/enolife.com.ar\/es\/nicolas-vicchi-el-proyecto-de-tolerancia-cero-es-una-propuesta-demagogica-que-no-salvara-vidas\/","title":{"rendered":"Nicolas Vicchi: \u00abEl proyecto de tolerancia cero es una propuesta demag\u00f3gica que no salvar\u00e1 vidas\u00bb"},"content":{"rendered":"\n<h4 class=\"wp-block-heading\"><em><strong>El Congreso argentino est\u00e1 tratando en estos d\u00edas el proyecto de ley \u00abAlcohol cero al volante\u00bb, que reduce de 0,5 a 0 gr. por litro la cantidad de alcohol permitida en sangre para conductores de veh\u00edculos. Desde hace tiempo, el sector vitivin\u00edcola de Mendoza, al igual que el gastron\u00f3mico y otras \u00e1reas vinculadas al turismo y el gobierno local resisten la idea y reclaman, en cambio, mayores controles viales y campa\u00f1as de educaci\u00f3n, argumentando que el consumo moderado de vino no tiene ninguna incidencia en la accidentolog\u00eda vial.<\/strong><\/em><\/h4>\n\n\n\n<div style=\"height:45px\" aria-hidden=\"true\" class=\"wp-block-spacer\"><\/div>\n\n\n\n\n\n<div style=\"height:52px\" aria-hidden=\"true\" class=\"wp-block-spacer\"><\/div>\n\n\n\n<p>En di\u00e1logo con el periodista Ricardo Rodr\u00edguez del programa \u00abElevediario\u00bb de la radio LV10 de Mendoza, Argentina, <strong>Nicol\u00e1s Vicchi<\/strong>, subgerente de la <strong>Asociaci\u00f3n de Cooperativas Vitivin\u00edcolas (Acovi)<\/strong>, expres\u00f3 una vez m\u00e1s la preocupaci\u00f3n del sector vitivin\u00edcola por el tratamiento que se le est\u00e1 dando a este proyecto de ley.<\/p>\n\n\n\n<p><em>\u00abNosotros <\/em>-expres\u00f3 el dirigente vitivin\u00edcola-<em> que venimos trabajando en esto desde hace muchos a\u00f1os, estamos a favor de que verdaderamente discutamos una pol\u00edtica p\u00fablica de seguridad vial. Debemos tratar este tema como una cuesti\u00f3n integral en los controles, la educaci\u00f3n, las sanciones, porque los accidentes no s\u00f3lo se producen por el consumo de alcohol, sino por drogas legales y no legales, el sue\u00f1o, el celular, las distracciones. Entonces, todo esto es lo que no se est\u00e1 discutiendo en el Congreso. Se discute un solo art\u00edculo que modifica la ley de tr\u00e1nsito y baja la tolerancia de 0,5 % a 0 % , y est\u00e1 demostrado que esto no es la soluci\u00f3n y, adem\u00e1s, pasa a ser un tema demag\u00f3gico, porque si los legisladores toman la decisi\u00f3n de aprobarlo se van a desentender del problema, dir\u00e1n &#8216;cumplimos&#8217; y los problemas los seguiremos teniendo, porque los consumidores que protagonizan un hecho vial fatal, seg\u00fan las estad\u00edsticas, tienen m\u00e1s de un gramo de alcohol en sangre, entonces,&nbsp;el problema es que no fueron controlados\u00bb.<\/em><\/p>\n\n\n\n<p>Con respecto a que se trate al vino como a cualquier bebida alcoh\u00f3lica, Vicchi manifest\u00f3:&nbsp;<em>\u00abLa estandarizaci\u00f3n del consumo es relativa porque depende de si sos var\u00f3n o mujer, porque la diferencia de sexo hace que el metabolismo del alcohol sea diferente segundo, hay que ver si has consumido alg\u00fan alimento previo o no, eso tambi\u00e9n afecta al impacto del alcohol en sangre. El vino casi siempre se consume acompa\u00f1ado de comidas. Es importante que la gente entienda que&nbsp;hemos estudiado el tema y nos hemos dado cuenta de que el cero no es la soluci\u00f3n, y adem\u00e1s, perjudica al sector; estamos comprometidos con salvar vidas, por eso vemos que habr\u00e1 una ley demag\u00f3gica que no salvar\u00e1 vidas y adem\u00e1s perjudicar\u00e1 a la industria. Tenemos todo un desarrollo, no s\u00f3lo en Mendoza sino tambi\u00e9n en otras provincias vitivin\u00edcolas que tiene vitivinicultura y enoturismo&#8230; Como provincia y pa\u00eds somos una vidriera donde la gente viene para consumir nuestros vinos, gastronom\u00eda, paisajes y todo lo relacionado\u00bb.<\/em><\/p>\n\n\n\n<p>Para finalizar, Vicchi habl\u00f3 de la reuni\u00f3n que tuvo el sector vitivin\u00edcola con las&nbsp;<strong>Madres del Dolor<\/strong>&nbsp;, la asociaci\u00f3n civil conformada por progenitores que perdieron a sus hijos en accidentes fatales. Al respecto, rese\u00f1\u00f3:&nbsp;<em>\u00abTuvimos una reuni\u00f3n con las Madres del Dolor que fue muy importante porque pudimos -sacando a la pol\u00edtica de lado, porque la pol\u00edtica puede mezclar, confundir, agrietar- ponernos de acuerdo en que est\u00e1bamos buscando lo mismo, salvar vidas&#8230; Los detalles despu\u00e9s los podemos seguir discutiendo, las formas, el c\u00f3mo, pero fue una buena reuni\u00f3n que nos acerc\u00f3 a cumplir los objetivos que tanto ellas como nosotros buscamos y esperemos que los legisladores tengan presente esto y no saquen una ley demag\u00f3gica como la que hoy se est\u00e1 discutiendo\u00bb.<\/em><\/p>\n\n\n\n<div style=\"height:20px\" aria-hidden=\"true\" class=\"wp-block-spacer\"><\/div>\n\n\n\n<p class=\"has-medium-font-size\"><strong>Pedido a la C\u00e1mara de Senadores de la Naci\u00f3n <\/strong><\/p>\n\n\n\n<p>Por otro lado, Acovi, firm\u00f3 el 7\/12, junto a otras  39 entidades a nivel nacional, una nota que se present\u00f3 a la C\u00e1mara de Senadores de la Naci\u00f3n Argentina, dando su parecer respecto a la ley de tolerancia cero.<\/p>\n\n\n\n<p>\u00ab<em>Frente a la amenaza que implica para la producci\u00f3n y el empleo de la vitivinicultura, el turismo y la gastronom\u00eda de las provincias argentinas el avance en el congreso de una ley de Tolerancia 0 que modifica el l\u00edmite ermitido de alcohol en sangre para conducir de la actual ley de Tr\u00e1nsito, llev\u00e1ndolo de 0.5 g\/l a 0, los abajo firmantes en representaci\u00f3n de las distintas entidades y c\u00e1maras de las provincias vitivin\u00edcolas manifestamos nuestro decidido rechazo y convocamos a los senadores a defender la territorialidad de la vitivinicultura y el valor cultural que tiene el vino en la mesa de los argentinos votando en contra de un proyecto que claramente no es la soluci\u00f3n a un problema que preocupa e interpela a todos como son los accidentes de tr\u00e1nsito.<\/em><\/p>\n\n\n\n<p>\u00ab<em>Es as\u00ed que, en defensa de la territorialidad que tiene la vitivinicultura hoy presente en 18 provincias, la gastronom\u00eda y el turismo del vino como actividades generadoras de arraigo, empleos de calidad e inversiones, exhortamos a los senadores nacionales a que eviten salidas simplistas y aborden de forma multidimensional una problem\u00e1tica compleja como es la siniestralidad vial en la Argentina.<\/em><\/p>\n\n\n\n<p>\u00ab<em>En este sentido, solicitamos la b\u00fasqueda de di\u00e1logo y consensos para dise\u00f1ar leyes y pol\u00edticas p\u00fablicas que realmente sean efectivas en la prevenci\u00f3n de accidentes viales\u00bb.<\/em><\/p>\n\n\n\n<p class=\"has-background has-very-light-gray-background-color\"><strong>Instituciones firmantes<\/strong><\/p>\n\n\n\n<ul class=\"wp-block-list\"><li>Asociaci\u00f3n Cristiana de Empresas<\/li><li>Asociaci\u00f3n de Cooperativas Vitivin\u00edcolas<\/li><li>Asociaci\u00f3n de Ejecutivos de Mendoza<\/li><li>Asociaci\u00f3n de Productores del Oasis Este de Mendoza<\/li><li>Asociaci\u00f3n de Profesionales Vitivin\u00edcolas de San Rafael<\/li><li>Asociaci\u00f3n de Profesionales en Enolog\u00eda y Alimentos de Argentina<\/li><li>Asociaci\u00f3n de Vi\u00f1ateros de Mendoza<\/li><li>Asociaci\u00f3n Empresaria Hotelero Gastron\u00f3mica y Afines de Mendoza<\/li><li>C\u00e1mara Argentina de Fabricantes y Exportadores de Mosto de UVA<\/li><li>C\u00e1mara Argentina de Vinos a Granel<\/li><li>C\u00e1mara Comercial e Industrial de Chilecito<\/li><li>C\u00e1mara de Agricultura, Industria, Comercio y Turismo del Valle de Tupungato<\/li><li>C\u00e1mara de Bodegueros de la Rioja<\/li><li>C\u00e1mara de Comercio, Industria y Agricultura de San Mart\u00edn<\/li><li>C\u00e1mara de Comercio, Industria y Agropecuaria de San Rafael<\/li><li>C\u00e1mara de Comercio, Industria, Agricultura y Turismo de Tunuy\u00e1n<\/li><li>C\u00e1mara de Comercio, Industria, Agricultura, Ganader\u00eda, Vial y Servicios de General Alvear<\/li><li>C\u00e1mara de Productores Vit\u00edcolas de San Juan<\/li><li>C\u00e1mara de Turismo de Chilecito<\/li><li>C\u00e1mara de Turismo de la Rioja<\/li><li>C\u00e1mara de Vinotecas<\/li><li>C\u00e1mara Empresaria de Rivadavia<\/li><li>C\u00e1mara Riojana de Productores Agr\u00edcolas<\/li><li>C\u00e1mara Vitivin\u00edcola de San Juan<\/li><li>Centro de En\u00f3logos de San Juan<\/li><li>Centro de Ingenieros Agr\u00f3nomos de San Juan<\/li><li>Consejo de graduados en Enolog\u00eda de Mendoza<\/li><li>Consejo Empresario Mendocino<\/li><li>Consejo Profesional de En\u00f3logos de San Juan<\/li><li>Corporaci\u00f3n Vitivin\u00edcola Argentina<\/li><li>Federaci\u00f3n de C\u00e1maras Vit\u00edcolas<\/li><li>Federaci\u00f3n de Obreros y Empleados Vitivin\u00edcolas y Afines<\/li><li>Federaci\u00f3n Econ\u00f3mica de Mendoza<\/li><li>Mesa Vit\u00edcola de San Juan<\/li><li>Sindicato \u00danico de Trabajadores, Contratistas de Vi\u00f1as y Frutales<\/li><li>Sociedad Rural del Valle de Uco<\/li><li>Uni\u00f3n Comercial e Industrial de Mendoza<\/li><li>Uni\u00f3n de Industrias Riojanas<\/li><li>Uni\u00f3n Vitivin\u00edcola Argentina<\/li><li>Vi\u00f1ateros Independientes de San Juan<\/li><\/ul>\n\n\n\n<div style=\"height:25px\" aria-hidden=\"true\" class=\"wp-block-spacer\"><\/div>\n\n\n\n<p class=\"has-small-font-size\"><em><strong>Fuente: Acovi<\/strong><\/em><\/p>\n\n\n\n<div style=\"height:30px\" aria-hidden=\"true\" class=\"wp-block-spacer\"><\/div>\n","protected":false},"excerpt":{"rendered":"<p>El Congreso argentino est\u00e1 tratando en estos d\u00edas el proyecto de ley \u00abAlcohol cero al&hellip;<\/p>\n","protected":false},"author":3,"featured_media":82581,"comment_status":"open","ping_status":"open","sticky":false,"template":"","format":"standard","meta":{"footnotes":""},"categories":[4],"tags":[],"class_list":["post-82439","post","type-post","status-publish","format-standard","has-post-thumbnail","hentry","category-protagonistas"],"_links":{"self":[{"href":"https:\/\/enolife.com.ar\/es\/wp-json\/wp\/v2\/posts\/82439","targetHints":{"allow":["GET"]}}],"collection":[{"href":"https:\/\/enolife.com.ar\/es\/wp-json\/wp\/v2\/posts"}],"about":[{"href":"https:\/\/enolife.com.ar\/es\/wp-json\/wp\/v2\/types\/post"}],"author":[{"embeddable":true,"href":"https:\/\/enolife.com.ar\/es\/wp-json\/wp\/v2\/users\/3"}],"replies":[{"embeddable":true,"href":"https:\/\/enolife.com.ar\/es\/wp-json\/wp\/v2\/comments?post=82439"}],"version-history":[{"count":0,"href":"https:\/\/enolife.com.ar\/es\/wp-json\/wp\/v2\/posts\/82439\/revisions"}],"wp:featuredmedia":[{"embeddable":true,"href":"https:\/\/enolife.com.ar\/es\/wp-json\/wp\/v2\/media\/82581"}],"wp:attachment":[{"href":"https:\/\/enolife.com.ar\/es\/wp-json\/wp\/v2\/media?parent=82439"}],"wp:term":[{"taxonomy":"category","embeddable":true,"href":"https:\/\/enolife.com.ar\/es\/wp-json\/wp\/v2\/categories?post=82439"},{"taxonomy":"post_tag","embeddable":true,"href":"https:\/\/enolife.com.ar\/es\/wp-json\/wp\/v2\/tags?post=82439"}],"curies":[{"name":"wp","href":"https:\/\/api.w.org\/{rel}","templated":true}]}}