{"id":81957,"date":"2022-12-01T02:13:19","date_gmt":"2022-12-01T02:13:19","guid":{"rendered":"http:\/\/enolife.com.ar\/es\/?p=81957"},"modified":"2022-12-03T22:44:31","modified_gmt":"2022-12-03T22:44:31","slug":"el-19-12-cierra-el-concurso-de-imagen-de-la-vendimia-2023-con-un-premio-de-1-000-000","status":"publish","type":"post","link":"https:\/\/enolife.com.ar\/es\/el-19-12-cierra-el-concurso-de-imagen-de-la-vendimia-2023-con-un-premio-de-1-000-000\/","title":{"rendered":"El 19\/12 cierra el concurso de imagen de la Vendimia 2023, con un premio de $1.000.000"},"content":{"rendered":"\n<h4 class=\"wp-block-heading\"><em><strong>El Ministerio de Cultura y Turismo del gobierno de Mendoza llam\u00f3 a un concurso p\u00fablico de dise\u00f1o del sistema de identidad y comunicaci\u00f3n visual que promocionar\u00e1 el acto central de la Fiesta Nacional de la Vendimia 2023. La propuesta ganadora se utilizar\u00e1 en diferentes aplicaciones para la difusi\u00f3n y se\u00f1alizaci\u00f3n de los eventos, y comprende afiches en versiones vertical y horizontal, adaptaciones a v\u00eda p\u00fablica, redes y  pantallas. Los sobres se recibir\u00e1n s\u00f3lo el lunes 19 de diciembre de 2022 de 9 a 15 hs, y el ganador obtendr\u00e1 un premio de $1.000.000.<\/strong><\/em><\/h4>\n\n\n\n<div style=\"height:29px\" aria-hidden=\"true\" class=\"wp-block-spacer\"><\/div>\n\n\n<a href=\"https:\/\/instagram.com\/labelsolutions?igshid=YmMyMTA2M2Y=\" aria-label=\"Banner Palero 1700&#215;500\"><img loading=\"lazy\" decoding=\"async\" src=\"https:\/\/enolife.com.ar\/es\/wp-content\/uploads\/2021\/09\/Banner-Palero-1700x500-1.gif\" alt=\"\"  width=\"1700\" height=\"500\"   \/><\/a>\n\n\n<div style=\"height:46px\" aria-hidden=\"true\" class=\"wp-block-spacer\"><\/div>\n\n\n\n<p>Como cada a\u00f1o, el gobierno de Mendoza, a trav\u00e9s del Ministerio de Cultura y Turismo, realizar\u00e1 el concurso para el dise\u00f1o de logos, afiches y piezas publicitarias para la Fiesta de la Vendimia 2023, denominada este a\u00f1o \u00abJuglares de Vendimia\u00bb. Las bases est\u00e1n disponibles y las propuestas se recibir\u00e1n el lunes 19 de diciembre de 2022 de 9 a 15 hs. <\/p>\n\n\n\n<p>La apertura de sobres por parte del jurado se realizar\u00e1 el martes 20 de diciembre de 2022 a las 9 hs, y luego se proceder\u00e1 a la evaluaci\u00f3n de las propuestas. Este a\u00f1o, quien gane recibir\u00e1 un premio de $1.000.000. Adem\u00e1s, podr\u00e1n otorgarse tres menciones especiales, a sugerencia del jurado.<\/p>\n\n\n\n<div style=\"height:20px\" aria-hidden=\"true\" class=\"wp-block-spacer\"><\/div>\n\n\n\n<div class=\"wp-block-image\"><figure class=\"aligncenter is-resized\"><img loading=\"lazy\" decoding=\"async\" src=\"https:\/\/www.mendoza.gov.ar\/wp-content\/uploads\/sites\/17\/2022\/11\/flyer-convocatoria-c3-700x233.jpg\" alt=\"\" width=\"561\" height=\"187\"\/><\/figure><\/div>\n\n\n\n<div style=\"height:20px\" aria-hidden=\"true\" class=\"wp-block-spacer\"><\/div>\n\n\n\n<p class=\"has-background has-very-light-gray-background-color\"><strong>Descargar las bases: <a href=\"https:\/\/www.mendoza.gov.ar\/wp-content\/uploads\/sites\/17\/2022\/11\/BASES-CONCURSO-GRAFICA-DE-VENDIMIA-2023.pdf\">AQU\u00cd<\/a><\/strong><\/p>\n\n\n\n<div style=\"height:20px\" aria-hidden=\"true\" class=\"wp-block-spacer\"><\/div>\n\n\n\n<p class=\"has-medium-font-size\"><strong>Requisitos para participar<\/strong><\/p>\n\n\n\n<p>Pueden participar, de forma individual, egresados de las carreras de Dise\u00f1o Gr\u00e1fico, Publicidad y Comunicaci\u00f3n Visual, ya sea de nivel terciario o universitario de grado; y de forma grupal, equipos de trabajo conformados por dos o m\u00e1s personas de las cuales, al menos, un integrante debe ser egresado de las carreras nombradas anteriormente.<\/p>\n\n\n\n<p>Seg\u00fan se consigna en las bases, las propuestas deben reflejar el significado que tiene la Fiesta Nacional de la Vendimia en su contexto social y cultural para la edici\u00f3n 2023, teniendo en cuenta que se realizar\u00e1 en el Teatro Griego Frank Romero Day y estar\u00e1 desarrollada por un equipo elegido por concurso p\u00fablico, compuesto por referentes culturales de la provincia.<\/p>\n\n\n\n<p>Los trabajos deber\u00e1n tener coherencia conceptual con la Fiesta y los eventos oficiales del Calendario de Vendimia 2023, bas\u00e1ndose en lo que representa para el p\u00fablico mendocino, los visitantes del pa\u00eds y del mundo; con versatilidad para sus aplicaciones y reproducibilidad en diversos soportes y tecnolog\u00edas.<\/p>\n\n\n\n<div style=\"height:22px\" aria-hidden=\"true\" class=\"wp-block-spacer\"><\/div>\n\n\n\n<p class=\"has-medium-font-size\"><strong>Qu\u00e9 y c\u00f3mo se debe presentar<\/strong><\/p>\n\n\n\n<p>La propuesta deber\u00e1 presentarse en 2 (dos) l\u00e1minas de 50x70mm (montadas sobre soporte r\u00edgido, con espesor no mayor a 5 mm). La primera con el afiche y la segunda contendr\u00e1 las propuestas gr\u00e1ficas que permitan visualizar el sistema. Deber\u00e1 incluir la memoria descriptiva y el dise\u00f1o de propuesta de identidad.<\/p>\n\n\n\n<p class=\"has-background has-very-light-gray-background-color\"><strong>Memoria descriptiva<\/strong><\/p>\n\n\n\n<p>Fundamentaci\u00f3n conceptual de la propuesta y su relaci\u00f3n con la Fiesta Nacional de la Vendimia 2023. Texto no mayor a una (1) carilla formato A4.<br>La presentaci\u00f3n debe ser digital en formato JPG en 200 dpi.<\/p>\n\n\n\n<p class=\"has-background has-very-light-gray-background-color\"><strong>Dise\u00f1o de propuesta de identidad<\/strong><\/p>\n\n\n\n<p>Esta propuesta de identidad se utilizar\u00e1 en diferentes aplicaciones para la comunicaci\u00f3n, difusi\u00f3n y se\u00f1alizaci\u00f3n de los eventos. Comprende afiche, versi\u00f3n vertical y horizontal, adaptaciones a v\u00eda p\u00fablica, redes y pantalla. Se necesita una propuesta con coherencia conceptual con la Fiesta Nacional de la Vendimia y eventos oficiales del calendario de vendimia 2023 con versatilidad para sus aplicaciones y reproducibilidad en diversos soportes y tecnolog\u00edas.<\/p>\n\n\n\n<p>Las fuentes tipogr\u00e1ficas utilizadas deber\u00e1n ser, en todos los casos, con licencia de uso gratuita o libre. Las fuentes originales, creadas por el participante, tambi\u00e9n ser\u00e1n v\u00e1lidas, teniendo en cuenta que se deber\u00e1 realizar la cesi\u00f3n de uso a favor del Gobierno de Mendoza.<\/p>\n\n\n\n<p>En el caso que se utilicen recursos gr\u00e1ficos, tales como im\u00e1genes, retratos o ilustraciones, etc., se deber\u00e1 adjuntar la cesi\u00f3n de derechos de uso de las mismas. Se debe presentar de forma digital en formato JPG en 300 dpi, o en Ai, hasta versi\u00f3n CC.<\/p>\n\n\n\n<p>Se deber\u00e1 presentar una Gu\u00eda de Normas y Uso que permita la correcta aplicaci\u00f3n del sistema, en formato digital (PDF).<\/p>\n\n\n\n<div style=\"height:20px\" aria-hidden=\"true\" class=\"wp-block-spacer\"><\/div>\n\n\n\n<p class=\"has-medium-font-size\"><strong>D\u00f3nde y c\u00f3mo presentar los sobres<\/strong><\/p>\n\n\n\n<p>La presentaci\u00f3n se deber\u00e1 efectuar de manera personal en la Direcci\u00f3n de Comunicaci\u00f3n y Marketing del Ministerio de Cultura y Turismo, ubicada en Peltier 793, 2\u00ba piso, Ciudad de Mendoza. <\/p>\n\n\n\n<p>Deber\u00e1 hacerse en un sobre A4 que contenga la propuesta en un dispositivo de almacenamiento (pendrive o memoria USB) con una etiqueta en la que figure, de forma legible, el seud\u00f3nimo del autor que servir\u00e1 como identificaci\u00f3n. Y un sobre tama\u00f1o oficio comercial con la Declaraci\u00f3n Jurada, que se puede descargar <strong><a href=\"https:\/\/www.mendoza.gov.ar\/wp-content\/uploads\/sites\/17\/2022\/11\/Anexo-I-DDJJ-Personal-2023.pdf\">AQU\u00cd<\/a> <\/strong>(en caso de ser una presentaci\u00f3n grupal el clikear en este <strong><a href=\"https:\/\/www.mendoza.gov.ar\/wp-content\/uploads\/sites\/17\/2022\/11\/Anexo-II-DDJJ-Grupal-2023.pdf\">link<\/a>)<\/strong><\/p>\n\n\n\n<p>Los participantes podr\u00e1n presentar m\u00e1s de una propuesta de dise\u00f1o. En ese caso, las presentaciones se har\u00e1n en sobres separados y con distinto seud\u00f3nimo, permiti\u00e9ndose hasta un m\u00e1ximo de 3 (tres) propuestas por participante. En este caso la presentaci\u00f3n es digital en formato jpg 200 dpi, e impresa, orientaci\u00f3n vertical de 500 mm x 700 mm, montado en soporte r\u00edgido no mayor a 5 mm.<\/p>\n\n\n\n<div style=\"height:20px\" aria-hidden=\"true\" class=\"wp-block-spacer\"><\/div>\n\n\n\n<p class=\"has-medium-font-size\"><strong>El jurado<\/strong><\/p>\n\n\n\n<p>El jurado estar\u00e1 integrado por 11 miembros m\u00e1s un veedor designado por el Ministerio de Cultura y Turismo, a saber:<\/p>\n\n\n\n<ul class=\"wp-block-list\"><li>Tres representantes del Ministerio de Cultura y Turismo del Gobierno de Mendoza, designados por el propio organismo: 1 representante con experiencia en comunicaci\u00f3n y 2 representantes con experiencia en dise\u00f1o.<\/li><li>Un representante de la Facultad de Arte y Dise\u00f1o de la UNCuyo, Universidad Nacional de Cuyo.<\/li><li>Un representante titular por: Universidad del Aconcagua, Universidad Champagnat, Universidad de Mendoza, Universidad Juan Agust\u00edn Maza, Universidad de Congreso y Universidad Cat\u00f3lica Argentina.<\/li><li>Un representante de la ADIMZA (Asociaci\u00f3n de Dise\u00f1adores de Mendoza), asociaci\u00f3n civil sin fines de lucro.<\/li><li>Un veedor con voz pero sin voto, designado por el Ministerio de Cultura y Turismo.<\/li><\/ul>\n\n\n\n<div style=\"height:25px\" aria-hidden=\"true\" class=\"wp-block-spacer\"><\/div>\n\n\n\n<p><\/p>\n","protected":false},"excerpt":{"rendered":"<p>El Ministerio de Cultura y Turismo del gobierno de Mendoza llam\u00f3 a un concurso p\u00fablico&hellip;<\/p>\n","protected":false},"author":3,"featured_media":81988,"comment_status":"open","ping_status":"open","sticky":false,"template":"","format":"standard","meta":{"footnotes":""},"categories":[14],"tags":[],"class_list":["post-81957","post","type-post","status-publish","format-standard","has-post-thumbnail","hentry","category-news"],"_links":{"self":[{"href":"https:\/\/enolife.com.ar\/es\/wp-json\/wp\/v2\/posts\/81957","targetHints":{"allow":["GET"]}}],"collection":[{"href":"https:\/\/enolife.com.ar\/es\/wp-json\/wp\/v2\/posts"}],"about":[{"href":"https:\/\/enolife.com.ar\/es\/wp-json\/wp\/v2\/types\/post"}],"author":[{"embeddable":true,"href":"https:\/\/enolife.com.ar\/es\/wp-json\/wp\/v2\/users\/3"}],"replies":[{"embeddable":true,"href":"https:\/\/enolife.com.ar\/es\/wp-json\/wp\/v2\/comments?post=81957"}],"version-history":[{"count":0,"href":"https:\/\/enolife.com.ar\/es\/wp-json\/wp\/v2\/posts\/81957\/revisions"}],"wp:featuredmedia":[{"embeddable":true,"href":"https:\/\/enolife.com.ar\/es\/wp-json\/wp\/v2\/media\/81988"}],"wp:attachment":[{"href":"https:\/\/enolife.com.ar\/es\/wp-json\/wp\/v2\/media?parent=81957"}],"wp:term":[{"taxonomy":"category","embeddable":true,"href":"https:\/\/enolife.com.ar\/es\/wp-json\/wp\/v2\/categories?post=81957"},{"taxonomy":"post_tag","embeddable":true,"href":"https:\/\/enolife.com.ar\/es\/wp-json\/wp\/v2\/tags?post=81957"}],"curies":[{"name":"wp","href":"https:\/\/api.w.org\/{rel}","templated":true}]}}