{"id":81485,"date":"2022-11-25T14:50:34","date_gmt":"2022-11-25T14:50:34","guid":{"rendered":"http:\/\/enolife.com.ar\/es\/?p=81485"},"modified":"2022-11-27T23:38:23","modified_gmt":"2022-11-27T23:38:23","slug":"por-su-cocina-saludable-y-sostenible-mendoza-es-la-3-capital-sudamericana-de-gastronomia-y-vino","status":"publish","type":"post","link":"https:\/\/enolife.com.ar\/es\/por-su-cocina-saludable-y-sostenible-mendoza-es-la-3-capital-sudamericana-de-gastronomia-y-vino\/","title":{"rendered":"Por su cocina saludable y sostenible, Mendoza es la 3\u00b0 Capital Sudamericana de Gastronom\u00eda y Vino"},"content":{"rendered":"\n<h4 class=\"wp-block-heading\"><em><strong>La Academia Iberoamericana de Gastronom\u00eda (AIBG)<\/strong> anunci\u00f3 la designaci\u00f3n de Mendoza como \u00ab<strong>Capital Iberoamericana de la Armon\u00eda Gastron\u00f3mica. Protagonista el Vino 2023<\/strong>\u00ab. As\u00ed, esta provincia se convierte en la tercera de Am\u00e9rica del Sur en obtener el prestigioso t\u00edtulo, despu\u00e9s de Buenos Aires y San Pablo, que se consagraron en 2017 y 2018 respectivamente. En la postulaci\u00f3n, realizada por el Gobierno local a principios de a\u00f1o, Mendoza compiti\u00f3 y les gan\u00f3 a las otras dos candidatas, Oporto (Portugal) y Jerez (Espa\u00f1a).<\/em> <\/h4>\n\n\n\n<div style=\"height:35px\" aria-hidden=\"true\" class=\"wp-block-spacer\"><\/div>\n\n\n<a href=\"https:\/\/ar.verallia.com\/\" aria-label=\"VERALLIA 1700 x 500\"><img loading=\"lazy\" decoding=\"async\" src=\"https:\/\/enolife.com.ar\/es\/wp-content\/uploads\/2021\/04\/VERALLIA-1700-x-500.jpg\" alt=\"\"  srcset=\"https:\/\/enolife.com.ar\/es\/wp-content\/uploads\/2021\/04\/VERALLIA-1700-x-500.jpg 1700w, https:\/\/enolife.com.ar\/es\/wp-content\/uploads\/2021\/04\/VERALLIA-1700-x-500-300x88.jpg 300w, https:\/\/enolife.com.ar\/es\/wp-content\/uploads\/2021\/04\/VERALLIA-1700-x-500-1024x301.jpg 1024w, https:\/\/enolife.com.ar\/es\/wp-content\/uploads\/2021\/04\/VERALLIA-1700-x-500-768x226.jpg 768w, https:\/\/enolife.com.ar\/es\/wp-content\/uploads\/2021\/04\/VERALLIA-1700-x-500-1536x452.jpg 1536w, https:\/\/enolife.com.ar\/es\/wp-content\/uploads\/2021\/04\/VERALLIA-1700-x-500-1170x344.jpg 1170w, https:\/\/enolife.com.ar\/es\/wp-content\/uploads\/2021\/04\/VERALLIA-1700-x-500-585x172.jpg 585w\" sizes=\"auto, (max-width: 1700px) 100vw, 1700px\" width=\"1700\" height=\"500\"   \/><\/a>\n\n\n<div style=\"height:53px\" aria-hidden=\"true\" class=\"wp-block-spacer\"><\/div>\n\n\n\n<p>La <strong>Academia Iberoamericana de Gastronom\u00eda<\/strong> <strong>(AIBG)<\/strong> y el <strong>Gobierno de Mendoza<\/strong> firmaron un convenio de cooperaci\u00f3n en la <strong>Embajada Argentina en Espa\u00f1a<\/strong>, como parte de la declaraci\u00f3n internacional de Mendoza como nueva <strong>Capital Iberoamericana de Gastronom\u00eda y Vino<\/strong>. El gobernador <strong>Rodolfo Su\u00e1rez<\/strong> hab\u00eda realizado la postulaci\u00f3n para el prestigioso galard\u00f3n, que era disputado con <strong>Oporto (Portugal)<\/strong> y <strong>Jerez (Espa\u00f1a)<\/strong>.<\/p>\n\n\n\n<p>La AIBG realiz\u00f3 el pasado lunes 21\/11 la gala de entrega de los <strong>\u00abGalardones Iberoamericanos de Gastronom\u00eda 2022\u00bb<\/strong> en la <strong>Real Casa de Correos<\/strong>, sede de la P<strong>residencia de la Comunidad de Madrid<\/strong>. La actividad cont\u00f3 con la presencia de la ministra de Cultura y Turismo de Mendoza, <strong>Nora Vicario<\/strong>.<\/p>\n\n\n\n<div style=\"height:21px\" aria-hidden=\"true\" class=\"wp-block-spacer\"><\/div>\n\n\n\n<h4 class=\"has-vivid-red-color has-text-color wp-block-heading\">Las <strong>Capitales Iberoamericanas&nbsp;de Gastronom\u00eda y Vino<\/strong> designadas anteriormente son: Zaragoza (Espa\u00f1a, 2022), Madrid (Espa\u00f1a, 2021), Miami (Estados Unidos, 2019), San Pablo (Brasil, 2018), Buenos Aires (Argentina, 2017), M\u00e9rida (Espa\u00f1a, 2016), Guanajuato (M\u00e9xico, 2015) y C\u00f3rdoba (Espa\u00f1a, 2014).<\/h4>\n\n\n\n<div style=\"height:23px\" aria-hidden=\"true\" class=\"wp-block-spacer\"><\/div>\n\n\n\n<p>All\u00ed, el presidente de la AIBG, <strong>Rafael Ans\u00f3n Oliart<\/strong>, record\u00f3 la presentaci\u00f3n del primer <strong>Manifiesto de la Nueva Gastronom\u00eda<\/strong>, que dio origen a estos galardones con el objetivo de visualizar y dar a conocer la nueva gastronom\u00eda saludable, solidaria, sostenible y satisfactoria. Los premiados fueron <strong>Valent\u00edn Fuster<\/strong>, presidente de la Asociaci\u00f3n Mundial de Cardiolog\u00eda (Gastronom\u00eda Saludable); <strong>Jos\u00e9 Andr\u00e9s<\/strong>, fundador y director de la ONG<em>&nbsp;<\/em>World Central Kitchen&nbsp;(Gastronom\u00eda Solidaria); <strong>Rebeca Grynspan<\/strong>, secretaria general de la Secretar\u00eda General Iberoamericana de 2014 a 2021 (Gastronom\u00eda Sostenible); y&nbsp;<strong>Ferr\u00e1n Adri\u00e1<\/strong>, creador de El Bulli (Gastronom\u00eda Satisfactoria). Las estatuillas entregadas fueron creadas por el arquitecto <strong>Rafael Moneo<\/strong>.<\/p>\n\n\n\n<div style=\"height:20px\" aria-hidden=\"true\" class=\"wp-block-spacer\"><\/div>\n\n\n\n<div class=\"wp-block-image\"><figure class=\"aligncenter size-large is-resized\"><img loading=\"lazy\" decoding=\"async\" src=\"https:\/\/enolife.com.ar\/es\/wp-content\/uploads\/2022\/11\/WhatsApp-Image-2022-11-23-at-8.55.35-AM-700x525-1.jpeg\" alt=\"\" class=\"wp-image-81526\" width=\"325\" height=\"404\" srcset=\"https:\/\/enolife.com.ar\/es\/wp-content\/uploads\/2022\/11\/WhatsApp-Image-2022-11-23-at-8.55.35-AM-700x525-1.jpeg 390w, https:\/\/enolife.com.ar\/es\/wp-content\/uploads\/2022\/11\/WhatsApp-Image-2022-11-23-at-8.55.35-AM-700x525-1-241x300.jpeg 241w\" sizes=\"auto, (max-width: 325px) 100vw, 325px\" \/><figcaption><em><strong>El presidente de la AIBG, Rafael Ans\u00f3n Oliart; la ministra de Turismo y Cultura de Mendoza, Nora Vicario, y el embajador argentino en Espa\u00f1a, Ricardo Alfons\u00edn.<\/strong><\/em><\/figcaption><\/figure><\/div>\n\n\n\n<div style=\"height:23px\" aria-hidden=\"true\" class=\"wp-block-spacer\"><\/div>\n\n\n\n<p>Luego de la entrega de galardones, Ans\u00f3n&nbsp;transmiti\u00f3 a la ministra Vicario -en su calidad de representante del gobernador<strong> <\/strong>de Mendoza- la decisi\u00f3n de la Academia de otorgar la nueva distinci\u00f3n de Gastronom\u00eda y Vino a la provincia, que estar\u00e1 vigente entre el 1 de enero y 31 de diciembre de 2023.<\/p>\n\n\n\n<p>Asimismo,&nbsp;invit\u00f3 a firmar un convenio marco de cooperaci\u00f3n y aceptaci\u00f3n del nombramiento. De esa manera, en la&nbsp;Embajada Argentina&nbsp;en Madrid, Ans\u00f3n Oliart y Vicario firmaron el acuerdo con la presencia del embajador de Argentina en Espa\u00f1a, <strong>Ricardo Alfons\u00edn<\/strong>. Del convenio tambi\u00e9n forma parte <strong>Mar\u00eda Podest\u00e1<\/strong>, presidenta de la Academia Argentina de Gastronom\u00eda.<\/p>\n\n\n\n<p>La declaraci\u00f3n se trata de una designaci\u00f3n de marca creada por la Academia Iberoamericana de Gastronom\u00eda. La iniciativa tiene como objetivo reconocer con la nominaci\u00f3n la excelencia gastron\u00f3mica de uno de los destinos de los pa\u00edses iberoamericanos que se encuentran representados en la Academia. De esta forma,&nbsp;Mendoza es la tercera de Sudam\u00e9rica&nbsp;en recibir este reconocimiento, con un t\u00edtulo que&nbsp;conjuga por primera vez la gastronom\u00eda y el vino.<\/p>\n\n\n\n<div style=\"height:20px\" aria-hidden=\"true\" class=\"wp-block-spacer\"><\/div>\n\n\n\n<p class=\"has-background has-very-light-gray-background-color\">Actualmente, son 22 los pa\u00edses que forman parte de la regi\u00f3n Iberoamericana: Andorra, Bolivia, Chile, Costa Rica, Ecuador, Espa\u00f1a, Guatemala, M\u00e9xico, Panam\u00e1, Per\u00fa, Rep\u00fablica Dominicana, Venezuela, Argentina, Brasil, Colombia, Cuba, El Salvador, Honduras, Nicaragua, Paraguay, Portugal y Uruguay. A ellos se a\u00f1ade Estados Unidos que, aunque no forma parte de Iberoam\u00e9rica, es miembro activo de la Academia Iberoamericana de la Gastronom\u00eda.<\/p>\n\n\n\n<div style=\"height:20px\" aria-hidden=\"true\" class=\"wp-block-spacer\"><\/div>\n\n\n\n<p>En la ocasi\u00f3n, Vicario manifest\u00f3: <em>\u00abUna vez m\u00e1s, Mendoza atrae las miradas en el escenario internacional. Este trabajo se enmarca en el objetivo que fij\u00f3 el gobernador de posicionar a Mendoza como destino tur\u00edstico internacional. En esta l\u00ednea, las&nbsp;distinciones, premios o eventos de alcance global son una ventana que se abre al mundo para seguir hablando de Mendoza\u00bb.<\/em><\/p>\n\n\n\n<p>\u00abLa provincia es un&nbsp;multidestino&nbsp;con foco en el enoturismo, la naturaleza, la gastronom\u00eda, la cultura. A su vez, es gran&nbsp;productora de alimentos,&nbsp;elabora tambi\u00e9n m\u00e1s del 75% del vino que se produce en la Argentina&nbsp;y registra un crecimiento exponencial del enoturismo. En este marco, avanzamos en la&nbsp;gastronom\u00eda como eje estrat\u00e9gico, que reafirma los valores que hacen a nuestras tradiciones e impulsa la buena alimentaci\u00f3n en un marco sostenible de desarrollo provincial\u00bb, agreg\u00f3 la ministra de Cultura y Turismo de Mendoza.<\/p>\n\n\n\n<div style=\"height:43px\" aria-hidden=\"true\" class=\"wp-block-spacer\"><\/div>\n","protected":false},"excerpt":{"rendered":"<p>La Academia Iberoamericana de Gastronom\u00eda (AIBG) anunci\u00f3 la designaci\u00f3n de Mendoza como \u00abCapital Iberoamericana de&hellip;<\/p>\n","protected":false},"author":3,"featured_media":81525,"comment_status":"open","ping_status":"open","sticky":false,"template":"","format":"standard","meta":{"footnotes":""},"categories":[11,14],"tags":[],"class_list":["post-81485","post","type-post","status-publish","format-standard","has-post-thumbnail","hentry","category-enoturismo","category-news"],"_links":{"self":[{"href":"https:\/\/enolife.com.ar\/es\/wp-json\/wp\/v2\/posts\/81485","targetHints":{"allow":["GET"]}}],"collection":[{"href":"https:\/\/enolife.com.ar\/es\/wp-json\/wp\/v2\/posts"}],"about":[{"href":"https:\/\/enolife.com.ar\/es\/wp-json\/wp\/v2\/types\/post"}],"author":[{"embeddable":true,"href":"https:\/\/enolife.com.ar\/es\/wp-json\/wp\/v2\/users\/3"}],"replies":[{"embeddable":true,"href":"https:\/\/enolife.com.ar\/es\/wp-json\/wp\/v2\/comments?post=81485"}],"version-history":[{"count":0,"href":"https:\/\/enolife.com.ar\/es\/wp-json\/wp\/v2\/posts\/81485\/revisions"}],"wp:featuredmedia":[{"embeddable":true,"href":"https:\/\/enolife.com.ar\/es\/wp-json\/wp\/v2\/media\/81525"}],"wp:attachment":[{"href":"https:\/\/enolife.com.ar\/es\/wp-json\/wp\/v2\/media?parent=81485"}],"wp:term":[{"taxonomy":"category","embeddable":true,"href":"https:\/\/enolife.com.ar\/es\/wp-json\/wp\/v2\/categories?post=81485"},{"taxonomy":"post_tag","embeddable":true,"href":"https:\/\/enolife.com.ar\/es\/wp-json\/wp\/v2\/tags?post=81485"}],"curies":[{"name":"wp","href":"https:\/\/api.w.org\/{rel}","templated":true}]}}