{"id":81120,"date":"2022-11-18T10:44:52","date_gmt":"2022-11-18T10:44:52","guid":{"rendered":"http:\/\/enolife.com.ar\/es\/?p=81120"},"modified":"2022-11-25T14:51:34","modified_gmt":"2022-11-25T14:51:34","slug":"las-mujeres-que-quieren-unir-al-mundo-con-el-vino-mostraron-su-fuerza-en-milan","status":"publish","type":"post","link":"https:\/\/enolife.com.ar\/es\/las-mujeres-que-quieren-unir-al-mundo-con-el-vino-mostraron-su-fuerza-en-milan\/","title":{"rendered":"Las mujeres que quieren unir al mundo con el vino mostraron su fuerza en Mil\u00e1n"},"content":{"rendered":"\n<h4 class=\"wp-block-heading\"><em><strong>Convocadas por \u00abLe Donne del Vino\u00bb -la Asociaci\u00f3n Italiana de Mujeres del Vino, pionera a nivel global- llegaron a la Feria Simei de Mil\u00e1n para el 2\u00b0 Foro Mundial de Mujeres del Vino un centenar de en\u00f3logas, ingenieras agr\u00f3nomas, sommeliers, empresarias, bodegueras, expertas en enoturismo y periodistas de 11 pa\u00edses. Lideradas por la anfitriona local Donatella Cinelli Colombini y con la presencia de las mendocinas de Amuva Cristina Pandolfi y F\u00e1tima Villagra, las f\u00e9minas reunieron la mayor cantidad de p\u00fablico de todas las charlas y exposiciones hasta aqu\u00ed en \u00abLa Fiera\u00bb. Sus objetivos son francos y pr\u00e1cticos como ellas: convertir al vino en un \u00abarma\u00bb para la paz mundial, valorizar el rol de la mujer en el sector vitivin\u00edcola y difundir la cultura y el conocimiento del vino a trav\u00e9s de la formaci\u00f3n profesional.<\/strong><\/em><\/h4>\n\n\n\n<div style=\"height:29px\" aria-hidden=\"true\" class=\"wp-block-spacer\"><\/div>\n\n\n\n\n\n<div style=\"height:63px\" aria-hidden=\"true\" class=\"wp-block-spacer\"><\/div>\n\n\n\n<p><strong>Le Donne del Vino<\/strong> empezaron como asociaci\u00f3n profesional en <strong>Italia<\/strong> en 1988. Su propuesta original estaba circunscripta a visibilizar y acrecentar la presencia de la mujer en el sector vitivin\u00edcola, pero se fue ampliando con objetivos y metas ambiciosos, como crear una red mundial de mujeres del vino y usar ese poder conjunto para luchar por la paz en el mundo con el vino como punta de lanza. Hoy, las asociaciones de <strong>Mujeres del Vino<\/strong> han proliferado en unos 30 pa\u00edses, incluso en varios donde ni siquiera hay vitivinicultura.<\/p>\n\n\n\n<p>A partir de su empoderamiento en los \u00faltimos a\u00f1os, las Mujeres del Vino se han convertido en protagonistas de encuentros globales del sector vitivin\u00edcola, y llevan su <strong>mensaje de pasi\u00f3n, sensibilidad y paz<\/strong> a ferias, congresos y exposiciones en todo el mundo. En este contexto, invitadas por la <strong>Feria Simei de Mil\u00e1n<\/strong>, desde el 15 al 18\/11, se re\u00fanen en el <strong>2do. Foro Mundial de Mujeres del Vino<\/strong>. <\/p>\n\n\n\n<div style=\"height:22px\" aria-hidden=\"true\" class=\"wp-block-spacer\"><\/div>\n\n\n\n<figure class=\"wp-block-gallery columns-2 is-cropped wp-block-gallery-1 is-layout-flex wp-block-gallery-is-layout-flex\"><ul class=\"blocks-gallery-grid\"><li class=\"blocks-gallery-item\"><figure><img loading=\"lazy\" decoding=\"async\" width=\"322\" height=\"278\" src=\"https:\/\/enolife.com.ar\/es\/wp-content\/uploads\/2022\/11\/bd3ce32a-d79b-4b30-95ec-ae5ec96fe9ca-1.jpg\" alt=\"\" data-id=\"81220\" class=\"wp-image-81220\" srcset=\"https:\/\/enolife.com.ar\/es\/wp-content\/uploads\/2022\/11\/bd3ce32a-d79b-4b30-95ec-ae5ec96fe9ca-1.jpg 322w, https:\/\/enolife.com.ar\/es\/wp-content\/uploads\/2022\/11\/bd3ce32a-d79b-4b30-95ec-ae5ec96fe9ca-1-300x259.jpg 300w\" sizes=\"auto, (max-width: 322px) 100vw, 322px\" \/><figcaption class=\"blocks-gallery-item__caption\"><em><strong>Roberta Lanero y Antonietta Mazzeo<\/strong><\/em><\/figcaption><\/figure><\/li><li class=\"blocks-gallery-item\"><figure><img loading=\"lazy\" decoding=\"async\" width=\"403\" height=\"290\" src=\"https:\/\/enolife.com.ar\/es\/wp-content\/uploads\/2022\/11\/64ba88a1-868d-4564-95fd-e8e96ec7b9cf-1.jpg\" alt=\"\" data-id=\"81221\" data-full-url=\"https:\/\/enolife.com.ar\/es\/wp-content\/uploads\/2022\/11\/64ba88a1-868d-4564-95fd-e8e96ec7b9cf-1.jpg\" data-link=\"https:\/\/enolife.com.ar\/es\/?attachment_id=81221\" class=\"wp-image-81221\" srcset=\"https:\/\/enolife.com.ar\/es\/wp-content\/uploads\/2022\/11\/64ba88a1-868d-4564-95fd-e8e96ec7b9cf-1.jpg 403w, https:\/\/enolife.com.ar\/es\/wp-content\/uploads\/2022\/11\/64ba88a1-868d-4564-95fd-e8e96ec7b9cf-1-300x216.jpg 300w\" sizes=\"auto, (max-width: 403px) 100vw, 403px\" \/><figcaption class=\"blocks-gallery-item__caption\"><em><strong>Roberta Urso y Suzanne Branciforte<\/strong><\/em><\/figcaption><\/figure><\/li><\/ul><\/figure>\n\n\n\n<div style=\"height:20px\" aria-hidden=\"true\" class=\"wp-block-spacer\"><\/div>\n\n\n\n<p>Ayer 17\/11 se presentaron en dos distintos paneles ante los p\u00fablicos m\u00e1s numerosos que hayamos visto en esta Feria. <strong>A la ma\u00f1ana, la conferencia \u00abEl futuro del vino es ahora\u00bb<\/strong>, y a la tarde, la exposici\u00f3n de los objetivos y metas de la asociaci\u00f3n. En ambos encuentros, dos mendocinas &#8211;<strong>Cristina Pandolfi<\/strong>, presidenta de la Asociaci\u00f3n de las Mujeres del Vino de Argentina; y <strong>F\u00e1tima Villagra<\/strong>, secretaria de Amuva- marcaron presencia y compartieron el mensaje de las argentinas a sus colegas del mundo.<\/p>\n\n\n\n<div style=\"height:20px\" aria-hidden=\"true\" class=\"wp-block-spacer\"><\/div>\n\n\n\n<div class=\"wp-block-image\"><figure class=\"aligncenter size-large is-resized\"><img loading=\"lazy\" decoding=\"async\" src=\"https:\/\/enolife.com.ar\/es\/wp-content\/uploads\/2022\/11\/b46b74ae-7818-4236-b9f4-c42c37b8c97d.jpg\" alt=\"\" class=\"wp-image-81203\" width=\"366\" height=\"348\" srcset=\"https:\/\/enolife.com.ar\/es\/wp-content\/uploads\/2022\/11\/b46b74ae-7818-4236-b9f4-c42c37b8c97d.jpg 421w, https:\/\/enolife.com.ar\/es\/wp-content\/uploads\/2022\/11\/b46b74ae-7818-4236-b9f4-c42c37b8c97d-300x285.jpg 300w\" sizes=\"auto, (max-width: 366px) 100vw, 366px\" \/><figcaption><em><strong>Cristina Pandolfi y Donatella Cinelli Colombini<\/strong><\/em><\/figcaption><\/figure><\/div>\n\n\n\n<div class=\"wp-block-image\"><figure class=\"aligncenter size-large\"><img loading=\"lazy\" decoding=\"async\" width=\"348\" height=\"400\" src=\"https:\/\/enolife.com.ar\/es\/wp-content\/uploads\/2022\/11\/2834bbd1-cb30-4ce5-a39c-94d976ae6520.jpg\" alt=\"\" class=\"wp-image-81206\" srcset=\"https:\/\/enolife.com.ar\/es\/wp-content\/uploads\/2022\/11\/2834bbd1-cb30-4ce5-a39c-94d976ae6520.jpg 348w, https:\/\/enolife.com.ar\/es\/wp-content\/uploads\/2022\/11\/2834bbd1-cb30-4ce5-a39c-94d976ae6520-261x300.jpg 261w\" sizes=\"auto, (max-width: 348px) 100vw, 348px\" \/><figcaption><em><strong>Donatella Cinelli Colombini (izq.), la titular de Le Donne del Vino de Italia, junto a las mendocinas Cristina Pandolfi y F\u00e1tima Villagra, quienes le entregan un obsequio de Amuva<\/strong><\/em><\/figcaption><\/figure><\/div>\n\n\n\n<div style=\"height:20px\" aria-hidden=\"true\" class=\"wp-block-spacer\"><\/div>\n\n\n\n<p>En la presentaci\u00f3n expusieron uno a uno sus prop\u00f3sitos, misi\u00f3n y acciones, entre ellos los siguientes:<\/p>\n\n\n\n<ul class=\"wp-block-list\"><li> Organizar en cada pa\u00eds degustaciones de vinos de la propia organizaci\u00f3n local y de las extranjeras.<\/li><li>Instalar y divulgar el lema \u00abMujeres y vino por un mundo unido (<strong>#womenofwine<\/strong>).<\/li><li> Luchar, cada una desde su puesto y profesi\u00f3n, por el cuidado y saneamiento del ambiente.<\/li><li>Participar cada a\u00f1o, con acciones y presencias, en las celebraciones por el D\u00eda Internacional de la Mujer, el 8 de marzo.<\/li><li>Mantener un espacio permanente en su web para cada una de las asociaciones de Mujeres de Vino del mundo.<\/li><li>Escribir al menos un art\u00edculo por a\u00f1o en la prestigiosa publicaci\u00f3n <strong>Wine World Magazine<\/strong>, de la Unione Italiana Vini, con las noticias de las Mujeres del Vino.<\/li><li>Compartir su <em>know how<\/em> mediante mediante el otorgamiento de pasant\u00edas, viajes de estudio y experiencias conjuntas.<\/li><li>Organizar campa\u00f1as ben\u00e9ficas, como la que est\u00e1n realizando en este momento, con la que en pocos d\u00edas reunieron <strong>8.170 euros para mujeres y ni\u00f1os ucranianos<\/strong> desplazados por la guerra.<\/li><\/ul>\n\n\n\n<div style=\"height:25px\" aria-hidden=\"true\" class=\"wp-block-spacer\"><\/div>\n\n\n\n<p class=\"has-medium-font-size\"><strong>\u00abContribuimos a las metas de sustentabilidad de Naciones Unidas\u00bb<\/strong><\/p>\n\n\n\n<p> En su charla durante el Foro, la <strong>ingeniera agr\u00f3noma mendocina Cristina Pandolfi<\/strong> hizo una semblanza de la <strong>Asociaci\u00f3n de Mujeres del Vino de Argentina (Amuva, con sede en Mendoza) <\/strong>y rese\u00f1\u00f3 sus principales caracter\u00edsticas y actividades. \u00ab<em>Amuva<\/em> -relat\u00f3 Pandolfi- <em>fue creada en 2013 y hoy ya tiene 67 mujeres miembros, de las cuales muchas pertenecemos directamente al mundo del vino, pero otras tienen profesiones y ocupaciones no relacionadas a este sector, pero todas compartimos la pasi\u00f3n por el vino\u00bb<\/em>.<\/p>\n\n\n\n<div style=\"height:20px\" aria-hidden=\"true\" class=\"wp-block-spacer\"><\/div>\n\n\n\n<div class=\"wp-block-image\"><figure class=\"aligncenter size-large is-resized\"><img loading=\"lazy\" decoding=\"async\" src=\"https:\/\/enolife.com.ar\/es\/wp-content\/uploads\/2022\/11\/Imagen1-2.jpg\" alt=\"\" class=\"wp-image-81225\" width=\"543\" height=\"300\" srcset=\"https:\/\/enolife.com.ar\/es\/wp-content\/uploads\/2022\/11\/Imagen1-2.jpg 691w, https:\/\/enolife.com.ar\/es\/wp-content\/uploads\/2022\/11\/Imagen1-2-300x166.jpg 300w, https:\/\/enolife.com.ar\/es\/wp-content\/uploads\/2022\/11\/Imagen1-2-585x323.jpg 585w\" sizes=\"auto, (max-width: 543px) 100vw, 543px\" \/><figcaption><em><strong>El panel expositor, al inicio de la presentaci\u00f3n de Amuva<\/strong><\/em><\/figcaption><\/figure><\/div>\n\n\n\n<div style=\"height:20px\" aria-hidden=\"true\" class=\"wp-block-spacer\"><\/div>\n\n\n\n<p>En otro momento de la exposici\u00f3n, sintetiz\u00f3 los objetivos de Amuva, coincidentes con las otras asociaciones de Mujeres del Vino de otros pa\u00edses. \u00ab<em>A partir del fortalecimiento de nuestro propio grupo<\/em> -dijo Pandolfi-, <em>en el que realizamos capacitaciones para conocer mejor el vino y su impacto en el consumo y la econom\u00eda del mundo actual, buscamos compartir nuestros saberes con el resto de la sociedad&#8230; Y difundir el mensaje de la necesidad de cuidar el ambiente, acorde a los objetivos sustentables de la Organizaci\u00f3n de las Naciones Unidas\u00bb.<\/em><\/p>\n\n\n\n<p>Por \u00faltimo, Pandolfi se refiri\u00f3 a las acciones que realizan para expandir su misi\u00f3n en la comunidad: <em>\u00abPromovemos que las empresas donde cada una trabaja o dirige realicen acciones de responsabilidad social, como por ejemplo promover el consumo responsable de vino\u00bb.<\/em><\/p>\n\n\n\n<div style=\"height:20px\" aria-hidden=\"true\" class=\"wp-block-spacer\"><\/div>\n\n\n\n<p class=\"has-medium-font-size\"><strong>Foro Le Donne del Vino y conferencia \u00abEl futuro del vino es ahora\u00bb<\/strong><\/p>\n\n\n\n<p>Para quienes quieran interiorizarse sobre las dos actividades completas que se realizaron en SIMEI 2022, podr\u00e1n verlo en los siguientes videos:<\/p>\n\n\n\n<div style=\"height:20px\" aria-hidden=\"true\" class=\"wp-block-spacer\"><\/div>\n\n\n\n<p class=\"has-background has-text-align-center has-very-light-gray-background-color\"><strong>Foro Le Donne del Vino<\/strong> <strong>completo<\/strong><\/p>\n\n\n\n<figure class=\"wp-block-embed-youtube aligncenter wp-block-embed is-type-video is-provider-youtube wp-embed-aspect-16-9 wp-has-aspect-ratio\"><div class=\"wp-block-embed__wrapper\">\n<iframe loading=\"lazy\" title=\"Associazione Nazionale Le Donne del Vino\" width=\"1170\" height=\"658\" src=\"https:\/\/www.youtube.com\/embed\/vrFzzuC-64U?feature=oembed\" frameborder=\"0\" allow=\"accelerometer; autoplay; clipboard-write; encrypted-media; gyroscope; picture-in-picture\" allowfullscreen><\/iframe>\n<\/div><\/figure>\n\n\n\n<div style=\"height:45px\" aria-hidden=\"true\" class=\"wp-block-spacer\"><\/div>\n\n\n\n<p class=\"has-background has-text-align-center has-very-light-gray-background-color\"><strong>Conferencia \u00abEl futuro del vino es ahora\u00bb<\/strong> <strong>completa<\/strong><\/p>\n\n\n\n<figure class=\"wp-block-embed-youtube aligncenter wp-block-embed is-type-video is-provider-youtube wp-embed-aspect-16-9 wp-has-aspect-ratio\"><div class=\"wp-block-embed__wrapper\">\n<iframe loading=\"lazy\" title=\"Le Donne del Vino - Il futuro del vino \u00e8 ora\" width=\"1170\" height=\"658\" src=\"https:\/\/www.youtube.com\/embed\/3H7vvTEuzOY?feature=oembed\" frameborder=\"0\" allow=\"accelerometer; autoplay; clipboard-write; encrypted-media; gyroscope; picture-in-picture\" allowfullscreen><\/iframe>\n<\/div><\/figure>\n\n\n\n<div style=\"height:57px\" aria-hidden=\"true\" class=\"wp-block-spacer\"><\/div>\n\n\n\n<div style=\"height:20px\" aria-hidden=\"true\" class=\"wp-block-spacer\"><\/div>\n\n\n\n<div style=\"height:20px\" aria-hidden=\"true\" class=\"wp-block-spacer\"><\/div>\n\n\n\n<div style=\"height:20px\" aria-hidden=\"true\" class=\"wp-block-spacer\"><\/div>\n\n\n\n<div style=\"height:37px\" aria-hidden=\"true\" class=\"wp-block-spacer\"><\/div>\n","protected":false},"excerpt":{"rendered":"<p>Convocadas por \u00abLe Donne del Vino\u00bb -la Asociaci\u00f3n Italiana de Mujeres del Vino, pionera a&hellip;<\/p>\n","protected":false},"author":3,"featured_media":81219,"comment_status":"open","ping_status":"open","sticky":false,"template":"","format":"standard","meta":{"footnotes":""},"categories":[7,14],"tags":[],"class_list":["post-81120","post","type-post","status-publish","format-standard","has-post-thumbnail","hentry","category-vino","category-news"],"_links":{"self":[{"href":"https:\/\/enolife.com.ar\/es\/wp-json\/wp\/v2\/posts\/81120","targetHints":{"allow":["GET"]}}],"collection":[{"href":"https:\/\/enolife.com.ar\/es\/wp-json\/wp\/v2\/posts"}],"about":[{"href":"https:\/\/enolife.com.ar\/es\/wp-json\/wp\/v2\/types\/post"}],"author":[{"embeddable":true,"href":"https:\/\/enolife.com.ar\/es\/wp-json\/wp\/v2\/users\/3"}],"replies":[{"embeddable":true,"href":"https:\/\/enolife.com.ar\/es\/wp-json\/wp\/v2\/comments?post=81120"}],"version-history":[{"count":0,"href":"https:\/\/enolife.com.ar\/es\/wp-json\/wp\/v2\/posts\/81120\/revisions"}],"wp:featuredmedia":[{"embeddable":true,"href":"https:\/\/enolife.com.ar\/es\/wp-json\/wp\/v2\/media\/81219"}],"wp:attachment":[{"href":"https:\/\/enolife.com.ar\/es\/wp-json\/wp\/v2\/media?parent=81120"}],"wp:term":[{"taxonomy":"category","embeddable":true,"href":"https:\/\/enolife.com.ar\/es\/wp-json\/wp\/v2\/categories?post=81120"},{"taxonomy":"post_tag","embeddable":true,"href":"https:\/\/enolife.com.ar\/es\/wp-json\/wp\/v2\/tags?post=81120"}],"curies":[{"name":"wp","href":"https:\/\/api.w.org\/{rel}","templated":true}]}}