{"id":80854,"date":"2022-11-15T06:40:33","date_gmt":"2022-11-15T06:40:33","guid":{"rendered":"http:\/\/enolife.com.ar\/es\/?p=80854"},"modified":"2022-11-16T21:53:25","modified_gmt":"2022-11-16T21:53:25","slug":"arranca-simei-milan-la-feria-de-maquinas-para-enologia-y-embotellado-mas-grande-del-mundo","status":"publish","type":"post","link":"https:\/\/enolife.com.ar\/es\/arranca-simei-milan-la-feria-de-maquinas-para-enologia-y-embotellado-mas-grande-del-mundo\/","title":{"rendered":"Arranca Simei Mil\u00e1n, la Feria de m\u00e1quinas para  enolog\u00eda y embotellado m\u00e1s grande del mundo"},"content":{"rendered":"\n<h4 class=\"wp-block-heading\"><em><strong>Desde hoy martes 15\/11 hasta el viernes 18\/11 se desarrolla en la gran ciudad del norte italiano la 29\u00b0 edici\u00f3n de este sal\u00f3n internacional que pone en escena las \u00faltimas novedades y tecnolog\u00edas en maquinaria para la industria del vino, el aceite de oliva y otros alimentos l\u00edquidos, a la vez que ofrece un \u00e1mbito ideal para negocios entre vendedores y compradores, importadores y exportadores. Enolife es el \u00fanico medio argentino entre 28 especializados de Italia, Espa\u00f1a, Francia, Inglaterra, Estados Unidos y Brasil presentes en la Feria de Mil\u00e1n, Italia.<\/strong><\/em><\/h4>\n\n\n\n<div style=\"height:20px\" aria-hidden=\"true\" class=\"wp-block-spacer\"><\/div>\n\n\n\n\n\n<div style=\"height:72px\" aria-hidden=\"true\" class=\"wp-block-spacer\"><\/div>\n\n\n\n<p>Luego de 4 a\u00f1os y la obligada suspensi\u00f3n en 2021 por el covid, vuelve a realizarse en <strong>Mil\u00e1n, Italia, el \u00abSal\u00f3n Internacional de M\u00e1quinas para en Enolog\u00eda y Embotellado Simei &#8211; Feria Mil\u00e1n &#8211; Italia.<\/strong><\/p>\n\n\n\n<p>En esta 29\u00b0 edici\u00f3n se presentar\u00e1n <strong>476 empresas expositoras<\/strong> de todo el mundo, con sus maquinarias, productos e innovaciones tecnol\u00f3gicas. Se calcula que por los stands, salas de conferencias y oficinas para encuentros y negocios pasar\u00e1n unos <strong>100.000 visitantes de 90 pa\u00edses, en un espacio de 90.000 metros cuadrados. <\/strong><\/p>\n\n\n\n<p>Entre los expositores y visitantes se cuentan empresas con representaci\u00f3n y ventas en Mendoza, Argentina, como <strong>Parsec<\/strong>, <strong>Della Toffola<\/strong>, <strong>Diam<\/strong>, <strong>Verallia<\/strong>, <strong>Vinventions<\/strong>, <strong>Fermentis<\/strong>, <strong>Laffort<\/strong> y <strong>Lallemand<\/strong>. Y destacadas personalidades de la producci\u00f3n de insumos vitivin\u00edcolas en Mendoza, como <strong>Guillermo Altieri<\/strong> (de <strong>Victorio Altieri y Cia<\/strong>, SA, especialistas en cierres enol\u00f3gicos); <strong>Lilo Sesto<\/strong> (<strong>Grupo Altasur<\/strong>), <strong>Liz Ropero<\/strong> (en\u00f3loga de <strong>Centro Enol\u00f3gico Rivadavia<\/strong>); <strong>Cristina Pandolfi<\/strong> y <strong>F\u00e1tima Villagra<\/strong> (de la Asociaci\u00f3n de Mujeres del Vino de Argentina). <\/p>\n\n\n\n<p>Las actividades y resultados de la Feria ser\u00e1n registradas por periodistas especializados de unos <strong>10 pa\u00edses<\/strong>, entre los que se cuenta nuestro <strong>diario digital vitivin\u00edcola Enolife<\/strong> como medio asociado de Simei y \u00fanico representante de <strong>Argentina.<\/strong><\/p>\n\n\n\n<p>A continuaci\u00f3n, la agenda y calendario completo de actividades, las que ser\u00e1n seguidas con cr\u00f3nicas diarias por este medio:<\/p>\n\n\n\n<div style=\"height:20px\" aria-hidden=\"true\" class=\"wp-block-spacer\"><\/div>\n\n\n\n<p class=\"has-background has-very-light-gray-background-color\"><strong>Martes 15\/11<\/strong><\/p>\n\n\n\n<p><strong>11 hs:<\/strong> Sala de conferencias &#8211; Hall 2<br><strong>Inauguraci\u00f3n Oficial del 29 SIMEI<\/strong> &#8211; <strong>Ceremonia Premio Innovaci\u00f3n Tecnol\u00f3gica \u201cLucio Mastroberardino\u201d <\/strong>SIMEI 2022<\/p>\n\n\n\n<p><strong>11 hs:<\/strong> Sala de conferencias &#8211; Hall 3<br>Conferencia de Valoritalia: <strong>\u00abEl futuro del vino es sostenible. Tendencias del mercado entre las elecciones del consumidor y la estrategia de la empresa\u00bb<\/strong>. <\/p>\n\n\n\n<p><strong>13.30 hs: <\/strong>Sala de conferencias &#8211; Hall 2<br><strong>Enopl\u00e1stic: Presentaci\u00f3n comercial<\/strong> de soluciones de cierre <\/p>\n\n\n\n<p><strong>13.30 hs: <\/strong>Sala de conferencias &#8211; Hall 3<br>DiSAA &#8211; Departamento de Ciencias Agr\u00edcolas y Ambientales \u2013 Universit\u00e0 di Milano: <strong>\u00abSostenibilidad en viticultura ante el cambio clim\u00e1tico\u00bb<\/strong><\/p>\n\n\n\n<p><strong>15.00 hs: <\/strong>Sala de conferencias &#8211; Hall 2<br>The Sustainable Wine Roundtable (SWR) :<strong> \u201c\u00bfCu\u00e1les son las tecnolog\u00edas, actuales o futuras, vitales para que el vino sea verdaderamente sostenible?\u00bb<\/strong><\/p>\n\n\n\n<p><strong>15.00 hs: <\/strong>Sala de conferencias &#8211; Hall 3<br>Destilados Artesanales Italia: <strong>\u00abLa revoluci\u00f3n de bebidas espirituosas artesanales de Am\u00e9rica a Italia\u00bb<\/strong><\/p>\n\n\n\n<p><strong>15.00 hs: <\/strong>Pabell\u00f3n 2 Stand A26\/B30<br><strong>Oleoteca <\/strong>de Olio Officina<\/p>\n\n\n\n<p><strong>15.30 hs: <\/strong>Unione Italiana Vini &#8211; Pabell\u00f3n 1 &#8211; Stand S09<br>Caf\u00e9 sobre la sostenibilidad: <strong>\u00abBiodiversidad: de emergencia a recurso\u00bb<\/strong><br>Invitado: Gianfranco Caoduro, presidente honorario de la Asociaci\u00f3n Mundial de Biodiversidad &#8211; Charla con Valentina Ellero y Giulio Somma.<\/p>\n\n\n\n<div style=\"height:20px\" aria-hidden=\"true\" class=\"wp-block-spacer\"><\/div>\n\n\n\n<p class=\"has-background has-very-light-gray-background-color\"><strong>Mi\u00e9rcoles 16\/11<\/strong><\/p>\n\n\n\n<p><strong>10.30 hs: <\/strong>Sala de conferencias &#8211; Hall 2<br><strong>I.G.A. Beer Challenge 2022 <\/strong>&#8211; 2\u00aa edici\u00f3n: <strong>\u00abCuando la cerveza se encuentra con la uva\u00bb<\/strong><\/p>\n\n\n\n<p><strong>11.00 hs: <\/strong>Sala de conferencias &#8211; Hall 3<br>Uni\u00f3n Italiana Vini: <strong>\u00abVino y \u00e1nfora: vuelve el barro\u00bb<\/strong><\/p>\n\n\n\n<p><strong>11.30 hs:<\/strong> Pabell\u00f3n 2 stand A26\/B30<br><strong>Oleoteca<\/strong> de Olio Officina<\/p>\n\n\n\n<p><strong>12.00 hs: <\/strong>Unione Italiana Vini &#8211; Pabell\u00f3n 1, stand S09<br>Caf\u00e9 sobre la sostenibilidad: Entrevistas sobre arquitectura: <strong>\u00abBodegas sostenibles seg\u00fan Olivier Chadebost\u00bb<\/strong>, invitado: Olivier Chadebost, arquitecto, ingeniero y dise\u00f1ador &#8211; Charla con Giulio Somma.<\/p>\n\n\n\n<p><strong>13.00 hs: <\/strong>Sala de conferencias &#8211; Hall 2<br>Sacmi &#8211; presentaci\u00f3n comercial:<strong> \u00abEnfoque de &#8216;ventanilla \u00fanica&#8217; para las tecnolog\u00edas BIB\u00bb<\/strong><\/p>\n\n\n\n<p><strong>13.30 hs: <\/strong>Sala de conferencias &#8211; Hall 3<br>Conferencia de Millevigne: <strong>\u00abDe residuo a recurso: experiencias y reflexiones sobre la circular\u00bb<\/strong><\/p>\n\n\n\n<p><strong>15.00 hs: <\/strong>Sala de conferencias &#8211; Hall 2<br>Assobibe, Assobirra, Mineracqua, Unione Italiana Vini: <strong>\u00abIndependencia energ\u00e9tica en alimentos l\u00edquidos: \u00bfutop\u00eda o realidad? Planes de independencia energ\u00e9tica y experiencias en el sector y en empresas italianas\u00bb.<\/strong><\/p>\n\n\n\n<p><strong>15.00 hs: <\/strong>Sala de conferencias &#8211; Hall 3<br>The Sustainable Wine Roundtable (SWR): <strong>\u201c\u00bfCu\u00e1les ser\u00e1n los verdaderos beneficios del Est\u00e1ndar de Referencia Global sobre vino sostenible?\u201d<\/strong><\/p>\n\n\n\n<p><strong>15.00 hs: <\/strong>Pabell\u00f3n 2 stand A26\/B30<br><strong>Oleoteca<\/strong> de Olio Officina<\/p>\n\n\n\n<p><strong>15.30 hs: <\/strong>Unione Italiana Vini &#8211; Pabell\u00f3n 1, stand S09<br>Caf\u00e9 sobre la sostenibilidad: <strong>\u00abUn enfoque humanista de la sostenibilidad: promoviendo pueblos, paisajes y territorios\u00bb<\/strong>. Invitado: Antonio Capaldo, presidente de Feudi San Gregorio. Charla con Valentina Ellero y Giulio Somma.<\/p>\n\n\n\n<p class=\"has-background has-very-light-gray-background-color\"><strong>Jueves 17\/11<\/strong><\/p>\n\n\n\n<p><strong>10.00 hs: <\/strong>Sala de conferencias &#8211; Hall 2<br>Ma-Silva, presentaci\u00f3n comercial: <strong>\u00abTapones de corcho natural: una nueva estrategia para obtener una matriz sensorial neutra\u00bb<\/strong><\/p>\n\n\n\n<p><strong>10.00 hs: <\/strong>Unione Italiana Vini &#8211; Pabell\u00f3n 1, stand S09<br><strong>Le Donne del Vino: \u00abEl futuro del vino es ahora\u00bb<\/strong><\/p>\n\n\n\n<p><strong>10.30 hs: <\/strong>Sala de conferencias &#8211; Hall 3<br>Assoenologi: <strong>\u00abInnovando la prevenci\u00f3n del gusto ligero en vinos blancos y rosados\u00bb.<\/strong><\/p>\n\n\n\n<p><strong>11.00 hs: <\/strong>Sala de conferencias &#8211; Hall 3<br>Uni\u00f3n Italiana Vini: <strong>\u00abEl sistema nacional de certificaci\u00f3n en sustentabilidad: primeras experiencias\u00bb.<\/strong><\/p>\n\n\n\n<p><strong>11.30 hs:<\/strong> Pabell\u00f3n 2, stand A26\/B30<br><strong>Oleoteca <\/strong>de Olio Officina<\/p>\n\n\n\n<p><strong>12.30 hs: <\/strong>Unione Italiana Vini &#8211; Pabell\u00f3n 1, stand S09<br>Caf\u00e9 sobre la sostenibilidad: <strong>\u00abArquitectura e ingenier\u00eda: sinergias al servicio de la belleza y la funcionalidad\u00bb<\/strong>. Invitado: Vittorio Moretti, Presidente Holding Terra Moretti. Charla con Giulio Somma.<\/p>\n\n\n\n<p><strong>13.00 hs:<\/strong> Sala de conferencias &#8211; Hall 2<br>MGM Mundo del Vino:<strong> \u00abPresentaci\u00f3n de una encuesta de neuromarketing realizada por SenseCatch junto con Raflatac\/Kurz\u00bb<\/strong><\/p>\n\n\n\n<p><strong>13.30 hs:<\/strong> Sala de conferencias &#8211; Hall 3<br><strong>Foss &#8211; presentaci\u00f3n comercial<\/strong><\/p>\n\n\n\n<p><strong>15.00 hs: <\/strong>Sala de conferencias &#8211; Hall 2<br>Asociaci\u00f3n Nacional Le Donne del Vino: <strong>2\u00ba Foro de Donne del Vino alrededor del mundo, \u00abMujer, vino, futuro\u00bb<\/strong><\/p>\n\n\n\n<p><strong>15.00 hs:<\/strong> Sala de conferencias &#8211; Hall 3<br>Uni\u00f3n Italiana Vini: <strong>\u00abProducci\u00f3n moderna y horizontes de consumo: entre los vinos NoLo y las nuevas tendencias\u00bb<\/strong><\/p>\n\n\n\n<p><strong>15.00 hs: <\/strong>Pabell\u00f3n 2, stand A26\/B30<br><strong>Oleoteca<\/strong> de Olio Officina<\/p>\n\n\n\n<p><strong>15.30 hs: <\/strong>Unione Italiana Vini &#8211; Pabell\u00f3n 1, stand S09<br>Caf\u00e9 sobre la sostenibilidad: <strong>\u00abVolvamos a poner la Tierra en el centro: c\u00f3mo nace un #vinoverde en la vi\u00f1a\u00bb<\/strong>. Invitados: Alberto Grasso y Fabio Sozzani, Casa di E. Mirafiore &amp; Fontanafredda. Charla con Valentina Ellero y Giulio Somma.<\/p>\n\n\n\n<p class=\"has-background has-very-light-gray-background-color\"><strong>Viernes 18\/11<\/strong><\/p>\n\n\n\n<p><strong>9.00 hs: <\/strong>Sala de conferencias &#8211; Hall 3<br>Fundaci\u00f3n Edmund Mach: <strong>\u00abConstruyendo una red cooperativa para el cambio clim\u00e1tico en el sector vitivin\u00edcola italiano\u00bb<\/strong><\/p>\n\n\n\n<p><strong>10.30 hs: <\/strong>Sala de conferencias &#8211; Hall 2<br>Unionbirrai y Unione Italiana Vini: <strong>\u00abCerveza artesanal, un sector en desarrollo y la necesidad de reglas modernas\u00bb<\/strong><\/p>\n\n\n\n<p><strong>11.30 hs: <\/strong>Pabell\u00f3n 2 stand A26\/B30<br><strong>Oleoteca<\/strong> de Olio Officina<\/p>\n\n\n\n<p><strong>12.00 hs:<\/strong> Unione Italiana Vini &#8211; Pabell\u00f3n 1, stand S09<br>Caf\u00e9 sobre la sostenibilidad: <strong>\u00abTenuta Ammiraglia: una bodega \u201cabierta\u201d a nuevos horizontes\u00bb<\/strong>. Invitada: Nathalie Grenon, propietaria de Sartogo Architetti Associati y dise\u00f1adora de Tenuta Ammiraglia &#8211; Frescobaldi. Charla con Giulio Somma.<\/p>\n\n\n\n<p><strong>13.00 hs: <\/strong>Sala de conferencias &#8211; Hall 2<br><strong>Foss &#8211; presentaci\u00f3n comercial<\/strong><\/p>\n\n\n\n<p><strong>14.00 hs: <\/strong>Sala de conferencias &#8211; Hall 3<br><strong>Enoforum: \u00abPromoci\u00f3n de la innovaci\u00f3n en viticultura: Enoforum, WicabyEpawi, Seedspro2wine\u00bb<\/strong><\/p>\n\n\n\n<p><strong>14.30 hs: <\/strong>sala de conferencias hall 2<br>Revista Birra Nostra: <strong>\u00abC\u00f3mo comunicar la cerveza hoy. El caso hist\u00f3rico de la Revista Birra Nostra\u00bb<\/strong><\/p>\n\n\n\n<div style=\"height:46px\" aria-hidden=\"true\" class=\"wp-block-spacer\"><\/div>\n","protected":false},"excerpt":{"rendered":"<p>Desde hoy martes 15\/11 hasta el viernes 18\/11 se desarrolla en la gran ciudad del&hellip;<\/p>\n","protected":false},"author":3,"featured_media":80955,"comment_status":"open","ping_status":"open","sticky":false,"template":"","format":"standard","meta":{"footnotes":""},"categories":[10],"tags":[],"class_list":["post-80854","post","type-post","status-publish","format-standard","has-post-thumbnail","hentry","category-ferias"],"_links":{"self":[{"href":"https:\/\/enolife.com.ar\/es\/wp-json\/wp\/v2\/posts\/80854","targetHints":{"allow":["GET"]}}],"collection":[{"href":"https:\/\/enolife.com.ar\/es\/wp-json\/wp\/v2\/posts"}],"about":[{"href":"https:\/\/enolife.com.ar\/es\/wp-json\/wp\/v2\/types\/post"}],"author":[{"embeddable":true,"href":"https:\/\/enolife.com.ar\/es\/wp-json\/wp\/v2\/users\/3"}],"replies":[{"embeddable":true,"href":"https:\/\/enolife.com.ar\/es\/wp-json\/wp\/v2\/comments?post=80854"}],"version-history":[{"count":0,"href":"https:\/\/enolife.com.ar\/es\/wp-json\/wp\/v2\/posts\/80854\/revisions"}],"wp:featuredmedia":[{"embeddable":true,"href":"https:\/\/enolife.com.ar\/es\/wp-json\/wp\/v2\/media\/80955"}],"wp:attachment":[{"href":"https:\/\/enolife.com.ar\/es\/wp-json\/wp\/v2\/media?parent=80854"}],"wp:term":[{"taxonomy":"category","embeddable":true,"href":"https:\/\/enolife.com.ar\/es\/wp-json\/wp\/v2\/categories?post=80854"},{"taxonomy":"post_tag","embeddable":true,"href":"https:\/\/enolife.com.ar\/es\/wp-json\/wp\/v2\/tags?post=80854"}],"curies":[{"name":"wp","href":"https:\/\/api.w.org\/{rel}","templated":true}]}}