{"id":80730,"date":"2022-11-13T07:54:03","date_gmt":"2022-11-13T07:54:03","guid":{"rendered":"http:\/\/enolife.com.ar\/es\/?p=80730"},"modified":"2022-11-17T08:07:36","modified_gmt":"2022-11-17T08:07:36","slug":"gobierno-y-empresas-de-peru-buscan-en-mendoza-vinos-servicios-y-know-how-de-enoturismo","status":"publish","type":"post","link":"https:\/\/enolife.com.ar\/es\/gobierno-y-empresas-de-peru-buscan-en-mendoza-vinos-servicios-y-know-how-de-enoturismo\/","title":{"rendered":"Gobierno y empresas de Per\u00fa buscan en Mendoza vinos, servicios y know how de enoturismo"},"content":{"rendered":"\n<h4 class=\"wp-block-heading\"><em><strong>La vicegobernadora de Ica, Per\u00fa, Luz Canales Trillo, encabez\u00f3 una misi\u00f3n de empresarios interesados en conocer las estrategias que posicionan a Mendoza como importante exportadora vitivin\u00edcola y destino enotur\u00edstico internacional. Los visitantes se reunieron con el gerente de ProMendoza, Mario Lazzaro, con el vicegobernador local Mario Abed, con en\u00f3logos y con l\u00edderes de los sectores entur\u00edsticos y de la industria metal\u00fargica.<\/strong><\/em><\/h4>\n\n\n\n<div style=\"height:20px\" aria-hidden=\"true\" class=\"wp-block-spacer\"><\/div>\n\n\n<a href=\"https:\/\/instagram.com\/labelsolutions?igshid=YmMyMTA2M2Y=\" aria-label=\"Banner Palero 1700&#215;500\"><img loading=\"lazy\" decoding=\"async\" src=\"https:\/\/enolife.com.ar\/es\/wp-content\/uploads\/2021\/09\/Banner-Palero-1700x500-1.gif\" alt=\"\"  width=\"1700\" height=\"500\"   \/><\/a>\n\n\n<div style=\"height:62px\" aria-hidden=\"true\" class=\"wp-block-spacer\"><\/div>\n\n\n\n<p>En octubre de 2022, la <strong>C\u00e1mara de Comercio, Industria y Turismo de Ica, Per\u00fa<\/strong>, contact\u00f3 a <strong>ProMendoza<\/strong> -la agencia estatal de promoci\u00f3n de los productos locales en el exterior- para solicitar asistencia en la organizaci\u00f3n de una visita t\u00e9cnica a esta provincia, en el marco del programa \u00a8<strong>Proyecto Ecosistemas Regionales de Innovaci\u00f3n, Investigaci\u00f3n y Emprendimiento<\/strong> de la regi\u00f3n de Ica, Per\u00fa.<\/p>\n\n\n\n<p>El programa cuenta con la coordinaci\u00f3n de la consultora internacional <strong>Wayra<\/strong>, la que propuso el viaje de aprendizaje a Mendoza para una delegaci\u00f3n de 19 representantes de entidades p\u00fablicas y privadas relacionadas con el sector vitivin\u00edcola y tur\u00edstico (hoteles, restaurantes, agencias), encabezado por la vicegobernadora de la regi\u00f3n de Ica, <strong>Luz Canales Trillo.<\/strong><\/p>\n\n\n\n<div style=\"height:20px\" aria-hidden=\"true\" class=\"wp-block-spacer\"><\/div>\n\n\n\n<p class=\"has-background has-very-light-gray-background-color\">El objetivo declarado del programa peruano es <em>\u00abdinamizar el ecosistema con investigaci\u00f3n, innovaci\u00f3n y emprendimientos, partiendo de las potencialidades existentes en el territorio<\/em> -en este caso Mendoza, Argentina- <em>para impactar de manera positiva en la productividad y la competitividad de la regi\u00f3n de Ica\u00bb.<\/em><\/p>\n\n\n\n<div style=\"height:20px\" aria-hidden=\"true\" class=\"wp-block-spacer\"><\/div>\n\n\n\n<p>Desde Mendoza, la agencia ProMendoza colabor\u00f3 en la generaci\u00f3n de una nutrida agenda de encuentros y visitas relacionadas al mundo del vino y del turismo.<\/p>\n\n\n\n<div style=\"height:20px\" aria-hidden=\"true\" class=\"wp-block-spacer\"><\/div>\n\n\n\n<div class=\"wp-block-image\"><figure class=\"aligncenter size-large is-resized\"><img loading=\"lazy\" decoding=\"async\" src=\"https:\/\/enolife.com.ar\/es\/wp-content\/uploads\/2022\/11\/4752c4ce-2533-4e3a-5cfb-0812878fd05a-1024x768.jpg\" alt=\"\" class=\"wp-image-80835\" width=\"533\" height=\"400\" srcset=\"https:\/\/enolife.com.ar\/es\/wp-content\/uploads\/2022\/11\/4752c4ce-2533-4e3a-5cfb-0812878fd05a-1024x768.jpg 1024w, https:\/\/enolife.com.ar\/es\/wp-content\/uploads\/2022\/11\/4752c4ce-2533-4e3a-5cfb-0812878fd05a-300x225.jpg 300w, https:\/\/enolife.com.ar\/es\/wp-content\/uploads\/2022\/11\/4752c4ce-2533-4e3a-5cfb-0812878fd05a-768x576.jpg 768w, https:\/\/enolife.com.ar\/es\/wp-content\/uploads\/2022\/11\/4752c4ce-2533-4e3a-5cfb-0812878fd05a-1170x877.jpg 1170w, https:\/\/enolife.com.ar\/es\/wp-content\/uploads\/2022\/11\/4752c4ce-2533-4e3a-5cfb-0812878fd05a-585x439.jpg 585w, https:\/\/enolife.com.ar\/es\/wp-content\/uploads\/2022\/11\/4752c4ce-2533-4e3a-5cfb-0812878fd05a.jpg 1174w\" sizes=\"auto, (max-width: 533px) 100vw, 533px\" \/><figcaption><em><strong>Mario Lazzaro y Luz Canales Trillo.<\/strong><\/em><\/figcaption><\/figure><\/div>\n\n\n\n<div style=\"height:20px\" aria-hidden=\"true\" class=\"wp-block-spacer\"><\/div>\n\n\n\n<p>En los primeros d\u00edas de noviembre de 2022, la delegaci\u00f3n peruana se reuni\u00f3 con los proveedores de la industria metalmec\u00e1nica de Mendoza en la <strong>Asociaci\u00f3n de Industriales Metal\u00fargicos de Mendoza (Asinmet)<\/strong>; con directivos y docentes de la <strong>Facultad Don Bosco<\/strong>, para conocer detalles de la formaci\u00f3n de profesionales en enolog\u00eda; con representantes de <strong>Bodegas de Argentina<\/strong>, <strong>Wines of Argentina<\/strong> y la <strong>C\u00e1mara de Proveedores de la Industria Vitivin\u00edcola.<\/strong> <\/p>\n\n\n\n<div style=\"height:20px\" aria-hidden=\"true\" class=\"wp-block-spacer\"><\/div>\n\n\n\n<h4 class=\"has-vivid-red-color has-text-color wp-block-heading\">Una de las actividades de intercambio destacadas fue la participaci\u00f3n de tres de las visitantes peruanas, que forman parte de las <strong>Damas del Pisco<\/strong> de Per\u00fa- en la celebraci\u00f3n del 7\u00b0 aniversario del <strong>Club de las Mujeres Profesionales del Vino<\/strong> de Mendoza. <\/h4>\n\n\n\n<div style=\"height:23px\" aria-hidden=\"true\" class=\"wp-block-spacer\"><\/div>\n\n\n\n<p class=\"has-medium-font-size\"><strong>Trabajo en conjunto desde 2019<\/strong><\/p>\n\n\n\n<p>ProMendoza trabaja para posicionar los productos y servicios de Mendoza en el mercado peruano. En 2019, gracias a una visita a Per\u00fa, se estableci\u00f3 una s\u00f3lida relaci\u00f3n con la C\u00e1mara de Comercio, Industria y Turismo de Ica. En ese momento, se estaba organizando tambi\u00e9n una visita de una delegaci\u00f3n peruana a Mendoza para participar en las celebraciones de la Vendimia 2020, cuando el mundo fue afectado por la pandemia de covid 19.<\/p>\n\n\n\n<p>Luego, ambas instituciones continuaron trabajando manera virtual. As\u00ed, se organizaron seminarios con expertos mendocinos para presentar a Ica las novedades vitivin\u00edcolas y se realiz\u00f3 un registro de proveedores locales que pudieran brindar a los empresarios peruanos productos y servicios de Mendoza. Tambi\u00e9n, ProMendoza colabor\u00f3 en la gestaci\u00f3n del primer <strong>Concurso Nacional del Vino Peruano<\/strong>, que ya lleva tres exitosas ediciones.<\/p>\n\n\n\n<p>Ica es una regi\u00f3n de Per\u00fa con larga tradici\u00f3n en la producci\u00f3n de uva de mesa y de pisco peruano. En los \u00faltimos a\u00f1os, la regi\u00f3n busca tambi\u00e9n su identidad como productora de vinos tranquilos, especialmente de las uvas criollas con las que se produce el pisco, aunque tambi\u00e9n de otros varietales m\u00e1s tradicionales. Adem\u00e1s, quieren aprovechar esta producci\u00f3n regional como un atractivo tur\u00edstico y desarrollar el enoturismo en la zona. Por todo esto, miran a Mendoza como un modelo para su objetivo.<\/p>\n\n\n\n<div style=\"height:20px\" aria-hidden=\"true\" class=\"wp-block-spacer\"><\/div>\n\n\n\n<p class=\"has-medium-font-size\"><strong>Caracter\u00edsticas de la regi\u00f3n de Ica<\/strong><\/p>\n\n\n\n<p>Se encuentra en la costa sur central del litoral peruano. Est\u00e1 conformada por cinco provincias: <strong>Ica, Chincha, Pisco, Nasca y Palpa<\/strong>. Su ubicaci\u00f3n genera una ventaja para el desarrollo de diversos sectores econ\u00f3micos, dada su conectividad terrestre y mar\u00edtima.<\/p>\n\n\n\n<div style=\"height:20px\" aria-hidden=\"true\" class=\"wp-block-spacer\"><\/div>\n\n\n\n<div class=\"wp-block-image\"><figure class=\"aligncenter size-large is-resized\"><img loading=\"lazy\" decoding=\"async\" src=\"https:\/\/enolife.com.ar\/es\/wp-content\/uploads\/2022\/11\/ILUVSENZSJBQBNXNK4SXSCKXVU.jpg\" alt=\"\" class=\"wp-image-80833\" width=\"528\" height=\"294\" srcset=\"https:\/\/enolife.com.ar\/es\/wp-content\/uploads\/2022\/11\/ILUVSENZSJBQBNXNK4SXSCKXVU.jpg 980w, https:\/\/enolife.com.ar\/es\/wp-content\/uploads\/2022\/11\/ILUVSENZSJBQBNXNK4SXSCKXVU-300x167.jpg 300w, https:\/\/enolife.com.ar\/es\/wp-content\/uploads\/2022\/11\/ILUVSENZSJBQBNXNK4SXSCKXVU-768x429.jpg 768w, https:\/\/enolife.com.ar\/es\/wp-content\/uploads\/2022\/11\/ILUVSENZSJBQBNXNK4SXSCKXVU-585x327.jpg 585w\" sizes=\"auto, (max-width: 528px) 100vw, 528px\" \/><figcaption><em><strong>Vendimia en Ica<\/strong><\/em><\/figcaption><\/figure><\/div>\n\n\n\n<div style=\"height:20px\" aria-hidden=\"true\" class=\"wp-block-spacer\"><\/div>\n\n\n\n<p>Ica se ubica en el quinto lugar del <strong>\u00cdndice de Competitividad Regional de Per\u00fa<\/strong>, que mide la competitividad relativa de las regiones y su capacidad para el desarrollo econ\u00f3mico y social.<\/p>\n\n\n\n<div style=\"height:31px\" aria-hidden=\"true\" class=\"wp-block-spacer\"><\/div>\n","protected":false},"excerpt":{"rendered":"<p>La vicegobernadora de Ica, Per\u00fa, Luz Canales Trillo, encabez\u00f3 una misi\u00f3n de empresarios interesados en&hellip;<\/p>\n","protected":false},"author":3,"featured_media":80837,"comment_status":"open","ping_status":"open","sticky":false,"template":"","format":"standard","meta":{"footnotes":""},"categories":[14],"tags":[],"class_list":["post-80730","post","type-post","status-publish","format-standard","has-post-thumbnail","hentry","category-news"],"_links":{"self":[{"href":"https:\/\/enolife.com.ar\/es\/wp-json\/wp\/v2\/posts\/80730","targetHints":{"allow":["GET"]}}],"collection":[{"href":"https:\/\/enolife.com.ar\/es\/wp-json\/wp\/v2\/posts"}],"about":[{"href":"https:\/\/enolife.com.ar\/es\/wp-json\/wp\/v2\/types\/post"}],"author":[{"embeddable":true,"href":"https:\/\/enolife.com.ar\/es\/wp-json\/wp\/v2\/users\/3"}],"replies":[{"embeddable":true,"href":"https:\/\/enolife.com.ar\/es\/wp-json\/wp\/v2\/comments?post=80730"}],"version-history":[{"count":0,"href":"https:\/\/enolife.com.ar\/es\/wp-json\/wp\/v2\/posts\/80730\/revisions"}],"wp:featuredmedia":[{"embeddable":true,"href":"https:\/\/enolife.com.ar\/es\/wp-json\/wp\/v2\/media\/80837"}],"wp:attachment":[{"href":"https:\/\/enolife.com.ar\/es\/wp-json\/wp\/v2\/media?parent=80730"}],"wp:term":[{"taxonomy":"category","embeddable":true,"href":"https:\/\/enolife.com.ar\/es\/wp-json\/wp\/v2\/categories?post=80730"},{"taxonomy":"post_tag","embeddable":true,"href":"https:\/\/enolife.com.ar\/es\/wp-json\/wp\/v2\/tags?post=80730"}],"curies":[{"name":"wp","href":"https:\/\/api.w.org\/{rel}","templated":true}]}}