{"id":80566,"date":"2022-11-08T10:33:01","date_gmt":"2022-11-08T10:33:01","guid":{"rendered":"http:\/\/enolife.com.ar\/es\/?p=80566"},"modified":"2022-11-12T10:15:11","modified_gmt":"2022-11-12T10:15:11","slug":"la-camara-franco-argentina-premio-a-verallia-por-su-campana-benefica-de-reciclado-de-vidrio","status":"publish","type":"post","link":"https:\/\/enolife.com.ar\/es\/la-camara-franco-argentina-premio-a-verallia-por-su-campana-benefica-de-reciclado-de-vidrio\/","title":{"rendered":"La C\u00e1mara Franco-Argentina premi\u00f3 a Verallia por su campa\u00f1a ben\u00e9fica de reciclado de vidrio"},"content":{"rendered":"\n<h4 class=\"wp-block-heading\"><em><strong>En el marco del programa \u00abViv\u00ed Francia\u00bb, la C\u00e1mara de Comercio e Industria Franco Argentina realiz\u00f3, el 28\/9 en la Alianza Francesa de Buenos Aires, la&nbsp;XVIII Edici\u00f3n de su Premio \u00abArgentine a la Sustentabilidad\u00bb, un concurso que tiene como objetivo destacar programas y\/o iniciativas que promuevan una gesti\u00f3n responsable y&nbsp;sustentable. Se distinguieron a empresas de todo el pa\u00eds, y entre ellas a Verallia Argentina por su programa de reciclado \u00abVidrio, una acci\u00f3n transparente\u00bb, que genera fondos para ayudar a la Fundaci\u00f3n Notti, del Hospital Pedi\u00e1trico Dr. Humberto Notti de Mendoza<\/strong><\/em><strong><em>.<\/em><\/strong><\/h4>\n\n\n\n<div style=\"height:28px\" aria-hidden=\"true\" class=\"wp-block-spacer\"><\/div>\n\n\n<a href=\"https:\/\/ar.verallia.com\/\" aria-label=\"VERALLIA 1700 x 500\"><img loading=\"lazy\" decoding=\"async\" src=\"https:\/\/enolife.com.ar\/es\/wp-content\/uploads\/2021\/04\/VERALLIA-1700-x-500.jpg\" alt=\"\"  srcset=\"https:\/\/enolife.com.ar\/es\/wp-content\/uploads\/2021\/04\/VERALLIA-1700-x-500.jpg 1700w, https:\/\/enolife.com.ar\/es\/wp-content\/uploads\/2021\/04\/VERALLIA-1700-x-500-300x88.jpg 300w, https:\/\/enolife.com.ar\/es\/wp-content\/uploads\/2021\/04\/VERALLIA-1700-x-500-1024x301.jpg 1024w, https:\/\/enolife.com.ar\/es\/wp-content\/uploads\/2021\/04\/VERALLIA-1700-x-500-768x226.jpg 768w, https:\/\/enolife.com.ar\/es\/wp-content\/uploads\/2021\/04\/VERALLIA-1700-x-500-1536x452.jpg 1536w, https:\/\/enolife.com.ar\/es\/wp-content\/uploads\/2021\/04\/VERALLIA-1700-x-500-1170x344.jpg 1170w, https:\/\/enolife.com.ar\/es\/wp-content\/uploads\/2021\/04\/VERALLIA-1700-x-500-585x172.jpg 585w\" sizes=\"auto, (max-width: 1700px) 100vw, 1700px\" width=\"1700\" height=\"500\"   \/><\/a>\n\n\n<div style=\"height:53px\" aria-hidden=\"true\" class=\"wp-block-spacer\"><\/div>\n\n\n\n<p>La <strong>C\u00e1mara de Comercio e Industria Franco-Argentina (CCI Franco-Argentina),<\/strong> fundada hace 138 a\u00f1os, tiene como objetivo fomentar los intercambios comerciales entre ambos pa\u00edses, y cuenta con unas 300 empresas asociadas. Desde el a\u00f1o 2009, organiza \u00abViv\u00ed Francia\u00bb, una semana con una agenda de actividades en toda Argentina, en la que se pueden conocer la gastronom\u00eda, m\u00fasica, danza y costumbres t\u00edpicas del pa\u00eds galo. <\/p>\n\n\n\n<p>Entre estas acciones se incluye el Premio <strong>\u00abArgentine a la Sustentabilidad\u00bb<\/strong>, un concurso que tiene como objetivo destacar programas y\/o iniciativas que promuevan una gesti\u00f3n responsable y&nbsp;sustentable, que lleva 18 a\u00f1os de trayectoria.<\/p>\n\n\n\n<p>Este a\u00f1o, el concurso otorg\u00f3 las distinciones el 28\/9 en la <strong>Alianza Francesa de Buenos Aires<\/strong>, y <strong>Verallia Argentina<\/strong>, la f\u00e1brica de envases de vidrio para la industria vitivin\u00edcola y oliv\u00edcola con sede en Mendoza, fue premiada en la categor\u00eda <strong>\u00abGran Empresa\u00bb<\/strong> por su programa <strong>\u00abVidrio, una acci\u00f3n transparente\u00bb<\/strong> que y lleva 10 a\u00f1os implement\u00e1ndose con la articulaci\u00f3n de distintos actores locales, entre los cuales hay comercios, instituciones y el destinatario de las donaciones, la<strong> Fundaci\u00f3n Notti,<\/strong> del hospital pedi\u00e1trico <strong>Humberto Notti de Mendoza<\/strong>. En la menci\u00f3n se destaca que dicho programa \u00abpromueve un impacto econ\u00f3mico, social y ambiental positivo\u00bb.<\/p>\n\n\n\n<div style=\"height:20px\" aria-hidden=\"true\" class=\"wp-block-spacer\"><\/div>\n\n\n\n<div class=\"wp-block-image\"><figure class=\"aligncenter size-large is-resized\"><img loading=\"lazy\" decoding=\"async\" src=\"https:\/\/enolife.com.ar\/es\/wp-content\/uploads\/2022\/11\/IMG-20221104-WA0013.jpg\" alt=\"\" class=\"wp-image-80601\" width=\"494\" height=\"429\" srcset=\"https:\/\/enolife.com.ar\/es\/wp-content\/uploads\/2022\/11\/IMG-20221104-WA0013.jpg 536w, https:\/\/enolife.com.ar\/es\/wp-content\/uploads\/2022\/11\/IMG-20221104-WA0013-300x260.jpg 300w\" sizes=\"auto, (max-width: 494px) 100vw, 494px\" \/><\/figure><\/div>\n\n\n\n<div style=\"height:46px\" aria-hidden=\"true\" class=\"wp-block-spacer\"><\/div>\n\n\n\n<div class=\"wp-block-image\"><figure class=\"alignleft size-large is-resized\"><img loading=\"lazy\" decoding=\"async\" src=\"https:\/\/enolife.com.ar\/es\/wp-content\/uploads\/2022\/11\/IMG-20221104-WA0019.jpg\" alt=\"\" class=\"wp-image-80599\" width=\"205\" height=\"208\"\/><\/figure><\/div>\n\n\n\n<p><strong>Walter Formica<\/strong>, director de la compa\u00f1\u00eda (izquierda, foto principal), se mostr\u00f3 muy agradecido por el reconocimiento y anunci\u00f3 nuevas acciones previstas por Verallia para incrementar el reciclado, entre ellas el aumento de los contenedores para la recolecci\u00f3n de botellas, los que ser\u00e1n distribuidos en m\u00e1s barrios, instituciones y comercios. Adem\u00e1s, record\u00f3 que en diciembre se realizar\u00e1, como todos los a\u00f1os, la campa\u00f1a \u00abBrindar es dar\u00bb, con la que se busca concientizar, mediante la propuesta de obsequiar canastas navide\u00f1as, sobre la importancia del reciclado, debido al aumento de envases de vidrio que se consumen durante las fiestas de fin de a\u00f1o.<\/p>\n\n\n\n<p>Otras de las empresas premiadas fueron: <strong>Danone, Sidus Dermocosm\u00e9tica (Av\u00e9ne), Basilotta, Grupo Libertad de C\u00f3rdoba y Tensac de Tucum\u00e1n.<\/strong><\/p>\n\n\n\n<div style=\"height:68px\" aria-hidden=\"true\" class=\"wp-block-spacer\"><\/div>\n","protected":false},"excerpt":{"rendered":"<p>En el marco del programa \u00abViv\u00ed Francia\u00bb, la C\u00e1mara de Comercio e Industria Franco Argentina&hellip;<\/p>\n","protected":false},"author":3,"featured_media":80605,"comment_status":"open","ping_status":"open","sticky":false,"template":"","format":"standard","meta":{"footnotes":""},"categories":[14],"tags":[],"class_list":["post-80566","post","type-post","status-publish","format-standard","has-post-thumbnail","hentry","category-news"],"_links":{"self":[{"href":"https:\/\/enolife.com.ar\/es\/wp-json\/wp\/v2\/posts\/80566","targetHints":{"allow":["GET"]}}],"collection":[{"href":"https:\/\/enolife.com.ar\/es\/wp-json\/wp\/v2\/posts"}],"about":[{"href":"https:\/\/enolife.com.ar\/es\/wp-json\/wp\/v2\/types\/post"}],"author":[{"embeddable":true,"href":"https:\/\/enolife.com.ar\/es\/wp-json\/wp\/v2\/users\/3"}],"replies":[{"embeddable":true,"href":"https:\/\/enolife.com.ar\/es\/wp-json\/wp\/v2\/comments?post=80566"}],"version-history":[{"count":0,"href":"https:\/\/enolife.com.ar\/es\/wp-json\/wp\/v2\/posts\/80566\/revisions"}],"wp:featuredmedia":[{"embeddable":true,"href":"https:\/\/enolife.com.ar\/es\/wp-json\/wp\/v2\/media\/80605"}],"wp:attachment":[{"href":"https:\/\/enolife.com.ar\/es\/wp-json\/wp\/v2\/media?parent=80566"}],"wp:term":[{"taxonomy":"category","embeddable":true,"href":"https:\/\/enolife.com.ar\/es\/wp-json\/wp\/v2\/categories?post=80566"},{"taxonomy":"post_tag","embeddable":true,"href":"https:\/\/enolife.com.ar\/es\/wp-json\/wp\/v2\/tags?post=80566"}],"curies":[{"name":"wp","href":"https:\/\/api.w.org\/{rel}","templated":true}]}}