{"id":80290,"date":"2022-11-03T08:35:56","date_gmt":"2022-11-03T08:35:56","guid":{"rendered":"http:\/\/enolife.com.ar\/es\/?p=80290"},"modified":"2022-11-05T08:16:46","modified_gmt":"2022-11-05T08:16:46","slug":"mendoza-dara-compensacion-y-creditos-a-los-productores-de-20-000-ha-danadas-por-la-helada-negra","status":"publish","type":"post","link":"https:\/\/enolife.com.ar\/es\/mendoza-dara-compensacion-y-creditos-a-los-productores-de-20-000-ha-danadas-por-la-helada-negra\/","title":{"rendered":"Mendoza dar\u00e1 compensaci\u00f3n y cr\u00e9ditos a los productores de 20.000 ha da\u00f1adas por la helada negra"},"content":{"rendered":"\n<h4 class=\"wp-block-heading\"><em><strong>El gobierno de esta provincia decret\u00f3 la emergencia y desastre agropecuario, a la vez que anunci\u00f3 que otorgar\u00e1 beneficios econ\u00f3micos, financieros e impositivos a los viticultores y productores de frutales de 135 distritos en 15 departamentos de Mendoza, afectados por las fort\u00edsimas heladas de primavera ocurridas durante el domingo, lunes y martes \u00faltimos. Les abonar\u00e1n hasta $72.000 por hect\u00e1rea da\u00f1ada al 100 por ciento, y les abrir\u00e1n l\u00edneas de cr\u00e9dito con el 25% de inter\u00e9s anual y 9 meses de gracia para el reintegro. <\/strong><\/em><\/h4>\n\n\n\n<div style=\"height:30px\" aria-hidden=\"true\" class=\"wp-block-spacer\"><\/div>\n\n\n<a href=\"https:\/\/www.linkedin.com\/company\/agrinet-sa\/?originalSubdomain=ar\" aria-label=\"1700X500\"><img loading=\"lazy\" decoding=\"async\" src=\"https:\/\/enolife.com.ar\/es\/wp-content\/uploads\/2021\/11\/1700X500.gif\" alt=\"\"  width=\"1700\" height=\"500\"   \/><\/a>\n\n\n<div style=\"height:78px\" aria-hidden=\"true\" class=\"wp-block-spacer\"><\/div>\n\n\n\n<p>El <strong>Ministerio de Econom\u00eda y Energ\u00eda de Mendoza<\/strong> decret\u00f3 el <strong>estado de emergencia o desastre agropecuario<\/strong> en todas las zonas provinciales donde las \u00faltimas heladas afectaron de manera considerable zonas cultivadas.&nbsp;&nbsp;&nbsp;<\/p>\n\n\n\n<p>Seg\u00fan prometi\u00f3 el gobierno, todos los productores de Mendoza que hayan sufrido da\u00f1os en sus cultivos, previa denuncia, podr\u00e1n acceder a una serie de beneficios que se activan de manera autom\u00e1tica en situaciones como estas.&nbsp;La medida alcanza a <strong>135 distritos<\/strong>, distribuidos en <strong>15 comunas <\/strong>de la provincia.&nbsp;&nbsp;&nbsp;&nbsp;&nbsp;<\/p>\n\n\n\n<p>La diferencia entre ambos t\u00e9rminos (emergencia o desastre) radica en que todos aquellos productores que hayan sufrido y denunciado p\u00e9rdidas significativas de entre <strong>50% y 79%<\/strong> en sus cultivos ser\u00e1n alcanzados por los beneficios enmarcados en la denominada <strong>emergencia agropecuaria<\/strong>. En tanto, quienes hayan denunciado p\u00e9rdidas de<strong> 80% o m\u00e1s<\/strong> estar\u00e1n enmarcados en lo que la normativa establece como <strong>desastre agropecuario.<\/strong>&nbsp;&nbsp;&nbsp;<\/p>\n\n\n\n<div style=\"height:20px\" aria-hidden=\"true\" class=\"wp-block-spacer\"><\/div>\n\n\n\n<blockquote class=\"wp-block-quote is-layout-flow wp-block-quote-is-layout-flow\"><p>La helada tard\u00eda ha sido realmente de dimensiones inusitadas. Y alcanz\u00f3 a todo el territorio nacional. La producci\u00f3n de ma\u00edz y trigo, por ejemplo, ha sufrido p\u00e9rdidas de m\u00e1s del 50%.\u00bb<\/p><cite>Sergio Moralejo, subsecretario de Agricultura y Ganader\u00eda de Mendoza<\/cite><\/blockquote>\n\n\n\n<div style=\"height:20px\" aria-hidden=\"true\" class=\"wp-block-spacer\"><\/div>\n\n\n\n<p><strong>Sergio Moralejo<\/strong>, subsecretario de Agricultura y Ganader\u00eda, coment\u00f3 al respecto: <em>\u00abHemos asistido a una helada tard\u00eda realmente de dimensiones inusitadas. Esta situaci\u00f3n no s\u00f3lo ha afectado al territorio provincial sino que ha sido un fen\u00f3meno a nivel nacional. Una vez que enviemos el decreto de declaraci\u00f3n de emergencia, Naci\u00f3n va a acompa\u00f1ar con la misma medida, ya que la producci\u00f3n de ma\u00edz y trigo, por ejemplo, ha sufrido p\u00e9rdidas superiores al 50 por ciento\u00bb.<\/em> &nbsp;<\/p>\n\n\n\n<p>Y agreg\u00f3: <em>\u00abSe ha duplicado la cantidad de distritos que el a\u00f1o pasado se vieron afectados por esta contingencia. Es la tercera helada que sufrimos. Hemos tenido dos fuertes en el mes de octubre y esta \u00faltima de lunes y martes. Estamos hablando, en principio, de un total aproximado a las 10 mil hect\u00e1reas de vi\u00f1edos y otras 10 mil hect\u00e1reas de frutales que se han visto afectadas\u00bb. <\/em>&nbsp;<\/p>\n\n\n\n<p>Finalmente, Moralejo asegur\u00f3:<em> \u00abTodos aquellos que cuenten con un seguro agr\u00edcola a trav\u00e9s del fondo compensador, claramente recibir\u00e1n sus pagos. Paralelamente, el ministro Vaqui\u00e9 nos transmiti\u00f3 la posibilidad de mejorar la compensaci\u00f3n del seguro. Por otro lado, solicit\u00f3 al \u00e1rea de Empleo a que se impulse un plan de sostenimiento que incluya a peque\u00f1os productores. Esto representa un importante avance en relaci\u00f3n a los planes de sostenimiento que se llevaron a cabo en 2021\u00bb. &nbsp;<\/em><\/p>\n\n\n\n<p>Por su parte,&nbsp;<strong>Julio Omar Eluani<\/strong>, titular de la Direcci\u00f3n de Contingencias Clim\u00e1ticas, coment\u00f3: <em>\u00abEl Gobernador ha dispuesto que se arbitren todas las medidas para apoyar a los productores en esta circunstancia desfavorable. En estos momentos, nuestros t\u00e9cnicos est\u00e1n recorriendo la provincia para evaluar el impacto de la contingencia y hacer una evaluaci\u00f3n previa lo m\u00e1s cercana posible a la realidad y, a partir de all\u00ed, tomar las medidas necesarias. Sin embargo, el dato concreto nos lo dar\u00e1n las tasaciones que se hagan una vez se realicen las denuncias correspondientes por parte de quienes vieron afectados sus cultivos\u00bb.<\/em> &nbsp;<\/p>\n\n\n\n<p>Y detall\u00f3 Eluani: \u00abDentro de 20 d\u00edas volveremos a abrir la posibilidad de realizar las denuncias para aquellos productores que no hayan podido realizarlas hasta el momento por distintos motivos. De este modo, van a tener la posibilidad de acceder a todos los beneficios que se activan con la emergencia agropecuaria\u00bb.<\/p>\n\n\n\n<div style=\"height:20px\" aria-hidden=\"true\" class=\"wp-block-spacer\"><\/div>\n\n\n\n<h4 class=\"has-vivid-red-color has-text-color wp-block-heading\">El gobierno de Mendoza abonar\u00e1 hasta $72.000 por hect\u00e1rea da\u00f1ada al 100 por ciento. Adem\u00e1s, se cuenta con un seguro para productores cuyas propiedades superen las 20 hect\u00e1reas. &nbsp;<\/h4>\n\n\n\n<div style=\"height:20px\" aria-hidden=\"true\" class=\"wp-block-spacer\"><\/div>\n\n\n\n<p class=\"has-medium-font-size\"><strong>Financiamiento disponible para el sector &nbsp;<\/strong><\/p>\n\n\n\n<p>Desde el&nbsp;<strong>Fondo para la Transformaci\u00f3n y el Crecimiento (FTyC)<\/strong> ya se implement\u00f3 una l\u00ednea de financiamiento para capital de trabajo al que pueden acceder los productores afectados por las \u00faltimas heladas registradas. &nbsp;<\/p>\n\n\n\n<p>En este sentido,&nbsp;<strong>Laura Torres<\/strong>, directora del FTyC, a\u00f1adi\u00f3: <em>\u00abLa l\u00ednea est\u00e1 disponible, tiene una tasa que se inicia en el 25% anual con un plazo de devoluci\u00f3n de 21 meses. Dentro de ese plazo, los primeros 12 meses son de gracia, justamente para que el productor pueda recuperarse y logre devolver el financiamiento con la nueva temporada. Esta l\u00ednea tiene poco m\u00e1s de un a\u00f1o de vigencia y los productores la est\u00e1n aprovechando. Vale destacar que los cr\u00e9ditos de hasta 1 mill\u00f3n de pesos la garant\u00eda puede ser a trav\u00e9s de un bono de sueldo\u00bb.<\/em>&nbsp;<\/p>\n\n\n\n<div style=\"height:20px\" aria-hidden=\"true\" class=\"wp-block-spacer\"><\/div>\n\n\n\n<p class=\"has-medium-font-size\"><strong>Beneficios para el sector &nbsp;<\/strong><\/p>\n\n\n\n<p>Todos los productores inscriptos en el <strong>Registro de Uso de Tierra (RUT)<\/strong> que acrediten da\u00f1os en su producci\u00f3n gozar\u00e1n, durante el per\u00edodo que dure el estado de emergencia, de la eximisi\u00f3n de la obligaci\u00f3n de pago del Impuesto Inmobiliario, de los c\u00e1nones de riego (superficial y subterr\u00e1neo) por un valor igual al 50% de la factura correspondiente y de una pr\u00f3rroga de hasta 90 d\u00edas para los vencimientos de cuotas correspondientes a cr\u00e9ditos otorgados por organismos financieros oficiales o mixtos provinciales, sin que ello origine recargos, intereses ni actualizaci\u00f3n monetaria.&nbsp;&nbsp;&nbsp;<\/p>\n\n\n\n<p>Asimismo, las instituciones financieras oficiales o mixtas locales brindar\u00e1n l\u00edneas de cr\u00e9ditos que permitan la continuidad de las explotaciones, la recuperaci\u00f3n de las econom\u00edas de los productores afectados y el mantenimiento de su personal estable, con tasas de inter\u00e9s bonificadas, a un a\u00f1o de gracia y plazo de pago que no podr\u00e1 ser inferior a tres a\u00f1os.&nbsp;&nbsp;&nbsp;<\/p>\n\n\n\n<p>En tanto, las empresas y cooperativas distribuidoras de energ\u00eda el\u00e9ctrica deber\u00e1n establecer, con el solo hecho de la presentaci\u00f3n del Certificado de Emergencia Agropecuaria, una bonificaci\u00f3n del 25 por ciento en las facturas correspondientes a energ\u00eda el\u00e9ctrica utilizada para riego agr\u00edcola.&nbsp;&nbsp;&nbsp;<\/p>\n\n\n\n<p>Adem\u00e1s, se deber\u00e1n suspender por hasta 90 d\u00edas h\u00e1biles de finalizado el per\u00edodo de emergencia agropecuaria la iniciaci\u00f3n de juicios y procedimientos por cobros de acreencias vencidas con anterioridad a la emergencia, referidas \u00fanicamente a los impuestos y servicios. Los juicios ya iniciados deber\u00e1n paralizarse y quedar\u00e1n suspendidos los cursos de los t\u00e9rminos procesales, de la caducidad de instancia y de la prescripci\u00f3n y se suspender\u00e1 por hasta 90 d\u00edas h\u00e1biles la obligatoriedad de validaci\u00f3n prevista en el art\u00edculo 185 del C\u00f3digo Fiscal de la Provincia de Mendoza.&nbsp;&nbsp;&nbsp;<\/p>\n\n\n\n<p>El art\u00edculo 13 de la Ley se\u00f1ala, adem\u00e1s, que la Administraci\u00f3n Tributaria Mendoza (ATM) y el Departamento General de Irrigaci\u00f3n (DGI) deber\u00e1n emitir al productor la correspondiente factura con la eximici\u00f3n de pago por el per\u00edodo que dure la Declaraci\u00f3n de Emergencia Agropecuaria. Lo propio deber\u00e1 hacer el Departamento General de Irrigaci\u00f3n mediante planes de pago especiales para el cobro del 50% restante de la factura correspondiente.&nbsp;&nbsp;&nbsp;<\/p>\n\n\n\n<p>A su vez, la autoridad de aplicaci\u00f3n, antes del 31 de diciembre, pondr\u00e1 en conocimiento de las empresas y cooperativas distribuidoras de energ\u00eda el\u00e9ctrica la n\u00f3mina y la identificaci\u00f3n de cada uno de aquellos establecimientos agr\u00edcolas inscriptos en el Registro del Uso de la Tierra (RUT) que hayan certificado da\u00f1os, a los efectos de que cada repartici\u00f3n otorgue los beneficios contemplados.<\/p>\n\n\n\n<div style=\"height:20px\" aria-hidden=\"true\" class=\"wp-block-spacer\"><\/div>\n\n\n\n<p class=\"has-medium-font-size\"><strong>Desastre agropecuario&nbsp;&nbsp;&nbsp;<\/strong><\/p>\n\n\n\n<p>Al igual que en el caso de aquellos productores con declaraci\u00f3n de emergencia, todos aquellos establecimientos agropecuarios declarados en desastre gozar\u00e1n de la eximisi\u00f3n de la obligaci\u00f3n de pago del Impuesto Inmobiliario y de los c\u00e1nones de riego (superficial y subterr\u00e1neo). Tambi\u00e9n tendr\u00e1n una pr\u00f3rroga, a pedido de los interesados, de hasta 90 d\u00edas h\u00e1biles administrativos posteriores al vencimiento del per\u00edodo de desastre de los vencimientos de cuotas correspondientes a cr\u00e9ditos otorgados por organismos financieros oficiales o mixtos que se hicieran exigibles durante el per\u00edodo que rija el Estado de Desastre sin que ello sea motivo de recargos, intereses ni actualizaci\u00f3n monetaria.&nbsp;&nbsp;&nbsp;<\/p>\n\n\n\n<p>Adem\u00e1s, podr\u00e1n acceder a l\u00edneas de cr\u00e9dito con el objeto de que permitan la continuidad de las explotaciones, la recuperaci\u00f3n de sus econom\u00edas y el mantenimiento de su personal estable, con tasas de inter\u00e9s bonificadas, un a\u00f1o de gracia y plazos de al menos un a\u00f1o m\u00e1s que el de los cr\u00e9ditos dise\u00f1ados para productores en emergencia agropecuaria.&nbsp;&nbsp;&nbsp;<\/p>\n\n\n\n<p>Por su parte, las empresas y cooperativas distribuidoras de energ\u00eda el\u00e9ctrica deber\u00e1n establecer, con el solo hecho de la presentaci\u00f3n del Certificado de Desastre Agropecuario, una bonificaci\u00f3n de 50% en las facturas correspondientes a energ\u00eda el\u00e9ctrica utilizada para riego agr\u00edcola superficial y subterr\u00e1neo.&nbsp;&nbsp;&nbsp;<\/p>\n\n\n\n<p>Quedar\u00e1 suspendida por hasta 180 d\u00edas h\u00e1biles despu\u00e9s de finalizado el per\u00edodo de desastre agropecuario la iniciaci\u00f3n de juicios y procedimientos administrativos por cobros de deudas vencidas con anterioridad al desastre, referidas \u00fanicamente a los impuestos y servicios. Los juicios ya iniciados deber\u00e1n paralizarse. Por el mismo per\u00edodo quedar\u00e1 suspendido el curso de los t\u00e9rminos procesales, de la caducidad de instancia y de la prescripci\u00f3n.&nbsp;&nbsp;&nbsp;<\/p>\n\n\n\n<p>Tambi\u00e9n quedar\u00e1 suspendida, por hasta 90 d\u00edas h\u00e1biles despu\u00e9s de finalizado el per\u00edodo de desastre agropecuario, la obligatoriedad de validaci\u00f3n prevista por el art\u00edculo 185 del C\u00f3digo Fiscal de la Provincia.&nbsp;&nbsp;&nbsp;<\/p>\n\n\n\n<p>Con la sola presentaci\u00f3n por parte del productor del Certificado de Desastre Agropecuario, la Administraci\u00f3n Tributaria Mendoza (ATM) y el Departamento General de Irrigaci\u00f3n (DGI) deber\u00e1n eximir al productor damnificado del impuesto inmobiliario y del canon de riego (superficial y subterr\u00e1neo) por el per\u00edodo que dure la Declaraci\u00f3n de Desastre Agropecuario.&nbsp;&nbsp;&nbsp;<\/p>\n\n\n\n<div style=\"height:28px\" aria-hidden=\"true\" class=\"wp-block-spacer\"><\/div>\n\n\n\n<p class=\"has-medium-font-size\"><strong>Distritos alcanzados por la emergencia (da\u00f1os del 50 % al 79 % de la producci\u00f3n)&nbsp;&nbsp;&nbsp;<\/strong><\/p>\n\n\n\n<p><strong>Regi\u00f3n Centro<\/strong> &nbsp;<\/p>\n\n\n\n<p><strong>San Carlos<\/strong>: Chilecito, Eugenio Bustos, La Consulta, Pareditas y Villa San Carlos &nbsp;<\/p>\n\n\n\n<p><strong>Tunuy\u00e1n<\/strong>:&nbsp;Colonia Las Rosas, El Algarrobo, El Totoral, La Primavera, Las Pintadas, Los \u00c1rboles, Los Chacayes, Los Sauces, Tunuy\u00e1n, Villa Seca y Vista Flores.&nbsp;&nbsp;&nbsp;&nbsp;<\/p>\n\n\n\n<p><strong>Tupungato<\/strong>: Anchoris, Cord\u00f3n del Plata, El Peral, El Zampal, El Zampalito, Gualtallary, La Arboleda, La Carrera, San Jos\u00e9, Tupungato, Villa Bast\u00edas y Zapata.&nbsp;&nbsp;&nbsp;&nbsp;&nbsp;<\/p>\n\n\n\n<p><strong>Regi\u00f3n Este&nbsp;<\/strong><\/p>\n\n\n\n<p><strong>Jun\u00edn:<\/strong> Algarrobo Grande, Alto Verde, Jun\u00edn, La Colonia, Los Barriales., Medrano, Mundo Nuevo, Phillips y Rodr\u00edguez Pe\u00f1a.&nbsp;&nbsp;&nbsp;<\/p>\n\n\n\n<p><strong>La Paz:<\/strong> La Paz, Villa Antigua y Las Chacritas &nbsp;<\/p>\n\n\n\n<p><strong>Rivadavia:<\/strong> Andrade, El Mirador, La Central, La Libertad, Los \u00c1rboles, Los Campamentos, Medrano, Reducci\u00f3n, Mundo Nuevo, Rivadavia y Santa Mar\u00eda de Oro.&nbsp;&nbsp;&nbsp;<\/p>\n\n\n\n<p><strong>San Mart\u00edn: <\/strong>Alto Salvador, Alto Verde, Buen Orden, Chapanay, Chivilcoy, El Central, El Divisadero, El Espino, El Rambl\u00f3n, Laas Chimbas, Montecaseros, Nueva California, Palmira, San Martin y Tres Porte\u00f1as. &nbsp;<\/p>\n\n\n\n<p><strong>Santa Rosa: <\/strong>12 de Octubre, La Dormida, Las Catitas y Santa Rosa.&nbsp;&nbsp;&nbsp;<\/p>\n\n\n\n<p><strong>Regi\u00f3n Norte<\/strong> &nbsp;<\/p>\n\n\n\n<p><strong>Guaymall\u00e9n:<\/strong> Buena Nueva, Colonia Segovia, El Sauce, Km 11, Km 8, La Primavera, Los Corralitos y Rodeo de la Cruz &nbsp;<\/p>\n\n\n\n<p><strong>Las Heras:<\/strong>&nbsp;Capdevilla, El Algarrobal, El Borboll\u00f3n, El Pastal&nbsp;&nbsp;&nbsp;<\/p>\n\n\n\n<p><strong>Lavalle: <\/strong>Costa de Araujo, El Carmen, El Chilcal, El Plumero, El Vergel, Ing. Gustavo Andr\u00e9, Jocol\u00ed, Jocol\u00ed Viejo, La Asunci\u00f3n, La Holanda, La Pega, La Palmera, Las Violetas, Paramillo, Tres de Mayo y Tulumaya.&nbsp;&nbsp;&nbsp;<\/p>\n\n\n\n<p><strong>Luj\u00e1n de Cuyo: <\/strong>Agrelo, Carrizal, Chacras de Coria, Las Compuertas, Luj\u00e1n, Mayor Drumond, Perdriel, Ugarteche y Vistalba.&nbsp;&nbsp;&nbsp;&nbsp;<\/p>\n\n\n\n<p><strong>Maip\u00fa:&nbsp;<\/strong>Barrancas, Coquimbito, Cruz de Piedra, Fray Luis Beltr\u00e1n, General Gutierrez, General Ortega, Lunlunta, Luzuriaga, Maip\u00fa, Rodeo del Medio, Russel y San Roque. &nbsp;<\/p>\n\n\n\n<p><strong>Regi\u00f3n Sur <\/strong>&nbsp;<\/p>\n\n\n\n<p><strong>General Alvear<\/strong>:&nbsp;Alvear Oeste, Bowen, General Alvear y San Pedro de Atuel.&nbsp;&nbsp;&nbsp;<\/p>\n\n\n\n<p><strong>San Rafael:&nbsp;<\/strong>Ca\u00f1ada Seca, Cuadro Benegas, Cuadro Nacional, El Cerrito, Goudge, Jaime Prats, La Llave, Las Malvinas, Las Paredes, Monte Com\u00e1n, Rama Ca\u00edda, Real del Padre, San Rafael, Villa 25 de Mayo y Villa Atuel.&nbsp;&nbsp;&nbsp;<\/p>\n\n\n\n<div style=\"height:20px\" aria-hidden=\"true\" class=\"wp-block-spacer\"><\/div>\n\n\n\n<p class=\"has-medium-font-size\"><strong>Distritos alcanzados por Desastre Agropecuario (da\u00f1os del 79 % al 100 %)&nbsp;&nbsp;&nbsp;<\/strong><\/p>\n\n\n\n<p><strong>Regi\u00f3n Centro<\/strong>&nbsp;<\/p>\n\n\n\n<p><strong>San Carlos:<\/strong>&nbsp;Chilecito, Eugenio Bustos, La Consulta, Pareditas y Villa San Carlos. &nbsp;<\/p>\n\n\n\n<p><strong>Tunuy\u00e1n:&nbsp;<\/strong>Colonia Las Rosas, El Algarrobo, El Totoral, La Primavera, Las Pintadas, Los \u00c1rboles, Los Chacayes, Los Sauces, Tunuy\u00e1n, Villa Seca y Vista Flores &nbsp;<\/p>\n\n\n\n<p><strong>Tupungato:<\/strong>&nbsp;Anchoris, Cord\u00f3n del Plata, El Per\u00e1l, El Zampal, El Zampalito, Gualtallary, La Arboleda, La Carrera, San Jos\u00e9, Tupungato, Villa Bast\u00edas y Zapata.&nbsp;&nbsp;<\/p>\n\n\n\n<p><strong>Regi\u00f3n Este<\/strong> &nbsp;<\/p>\n\n\n\n<p><strong>Jun\u00edn:<\/strong>&nbsp; Algarrobo Grande, Alto Verde, Jun\u00edn, La Colonia, Los Barriales., Medrano, Mundo Nuevo, Phillips y Rodr\u00edguez Pe\u00f1a.&nbsp;&nbsp;&nbsp;<\/p>\n\n\n\n<p><strong>La Paz: &nbsp;<\/strong>La Paz, Villa Antigua y Las Chacritas. &nbsp;<\/p>\n\n\n\n<p><strong>Rivadavia:<\/strong> Andrade, El Mirador, La Central, La Libertad, Los \u00c1rboles, Los Campamentos, Medrano, Reducci\u00f3n, Mundo Nuevo, Rivadavia y Santa Mar\u00eda de Oro.&nbsp;&nbsp;&nbsp;<\/p>\n\n\n\n<p><strong>San Mart\u00edn:&nbsp;<\/strong>Alto Salvador, Alto Verde, Buen Orden, Chapanay, Chivilcoy, El Central, El Divisadero, El Espino, El Rambl\u00f3n, Laas Chimbas, Montecaseros, Nueva California, Palmira, San Martin y Tres Porte\u00f1as. &nbsp;<\/p>\n\n\n\n<p><strong>Santa Rosa:<\/strong>&nbsp;12 de Octubre, La Dormida, Las Catitas y Santa Rosa.&nbsp;&nbsp;&nbsp;<\/p>\n\n\n\n<p><strong>Regi\u00f3n Norte<\/strong> &nbsp;<\/p>\n\n\n\n<p><strong>Guaymall\u00e9n: <\/strong>Buena Nueva, Colonia Segovia, El Sauce, Km 11, Km 8, La Primavera, Los Corralitos y Rodeo de la Cruz.<\/p>\n\n\n\n<p><strong>Las Heras:<\/strong>&nbsp;&nbsp;Capdevilla, El Algarrobal, El Borboll\u00f3n, El Pastal.<\/p>\n\n\n\n<p><strong>Lavalle:<\/strong>&nbsp;Costa de Araujo, El Carmen, El Chilcal, El Plumero, El Vergel, Ing. Gustavo Andr\u00e9, Jocol\u00ed, Jocol\u00ed Viejo, La Asunci\u00f3n, La Holanda, La Pega, La Palmera, Las Violetas, Paramillo, Tres de Mayo y Tulumaya.&nbsp;&nbsp;&nbsp;<\/p>\n\n\n\n<p><strong>Luj\u00e1n de Cuyo:&nbsp;<\/strong>Agrelo, Carrizal, Chacras de Coria, Las Compuertas, Luj\u00e1n, Mayor Drumond, Perdriel, Ugarteche y Vistalba.&nbsp;&nbsp;&nbsp;&nbsp;<\/p>\n\n\n\n<p><strong>Maip\u00fa: <\/strong>Barrancas, Coquimbito, Cruz de Piedra, Fray Luis Beltr\u00e1n, General Guti\u00e9rrez, General Ortega, Lunlunta, Luzuriaga, Maip\u00fa, Rodeo del Medio, Russel y San Roque. &nbsp;<\/p>\n\n\n\n<p><strong>Regi\u00f3n Sur<\/strong><\/p>\n\n\n\n<p><strong>General Alvear:<\/strong>&nbsp;Alvear Oeste, Bowen, General Alvear y San Pedro de Atuel.<\/p>\n\n\n\n<p><strong>San Rafael:&nbsp;<\/strong>Ca\u00f1ada Seca, Cuadro Benegas, Cuadro Nacional, El Cerrito, Goudge, Jaime Prats, La Llave, Las Malvinas, Las Paredes, Monte Com\u00e1n, Rama Ca\u00edda, Real del Padre, San Rafael, Villa 25 de Mayo y Villa Atuel.&nbsp;<\/p>\n\n\n\n<div style=\"height:45px\" aria-hidden=\"true\" class=\"wp-block-spacer\"><\/div>\n","protected":false},"excerpt":{"rendered":"<p>El gobierno de esta provincia decret\u00f3 la emergencia y desastre agropecuario, a la vez que&hellip;<\/p>\n","protected":false},"author":3,"featured_media":80297,"comment_status":"open","ping_status":"open","sticky":false,"template":"","format":"standard","meta":{"footnotes":""},"categories":[14],"tags":[],"class_list":["post-80290","post","type-post","status-publish","format-standard","has-post-thumbnail","hentry","category-news"],"_links":{"self":[{"href":"https:\/\/enolife.com.ar\/es\/wp-json\/wp\/v2\/posts\/80290","targetHints":{"allow":["GET"]}}],"collection":[{"href":"https:\/\/enolife.com.ar\/es\/wp-json\/wp\/v2\/posts"}],"about":[{"href":"https:\/\/enolife.com.ar\/es\/wp-json\/wp\/v2\/types\/post"}],"author":[{"embeddable":true,"href":"https:\/\/enolife.com.ar\/es\/wp-json\/wp\/v2\/users\/3"}],"replies":[{"embeddable":true,"href":"https:\/\/enolife.com.ar\/es\/wp-json\/wp\/v2\/comments?post=80290"}],"version-history":[{"count":0,"href":"https:\/\/enolife.com.ar\/es\/wp-json\/wp\/v2\/posts\/80290\/revisions"}],"wp:featuredmedia":[{"embeddable":true,"href":"https:\/\/enolife.com.ar\/es\/wp-json\/wp\/v2\/media\/80297"}],"wp:attachment":[{"href":"https:\/\/enolife.com.ar\/es\/wp-json\/wp\/v2\/media?parent=80290"}],"wp:term":[{"taxonomy":"category","embeddable":true,"href":"https:\/\/enolife.com.ar\/es\/wp-json\/wp\/v2\/categories?post=80290"},{"taxonomy":"post_tag","embeddable":true,"href":"https:\/\/enolife.com.ar\/es\/wp-json\/wp\/v2\/tags?post=80290"}],"curies":[{"name":"wp","href":"https:\/\/api.w.org\/{rel}","templated":true}]}}