{"id":80275,"date":"2022-11-17T08:07:08","date_gmt":"2022-11-17T08:07:08","guid":{"rendered":"http:\/\/enolife.com.ar\/es\/?p=80275"},"modified":"2022-11-20T21:38:39","modified_gmt":"2022-11-20T21:38:39","slug":"gestion-hidrica-enoturismo-y-venta-on-line-ejes-del-1-foro-anual-de-bodegas-de-argentina","status":"publish","type":"post","link":"https:\/\/enolife.com.ar\/es\/gestion-hidrica-enoturismo-y-venta-on-line-ejes-del-1-foro-anual-de-bodegas-de-argentina\/","title":{"rendered":"Gesti\u00f3n h\u00eddrica, enoturismo y venta on line, ejes del 1\u00b0 Foro Anual de Bodegas de Argentina"},"content":{"rendered":"\n<h4 class=\"wp-block-heading\"><em><strong>Bodegas de Argentina, la c\u00e1mara empresaria la industria del vino del pa\u00eds, llevar\u00e1 a cabo el 2\/12\/22 su 1\u00b0 Foro Anual, con el foco tem\u00e1tico \u00abTendencias e innovaci\u00f3n de la industria del vino en el mundo\u00bb. El encuentro est\u00e1 organizado con el apoyo de la feria de insumos y maquinarias vitivin\u00edcolas Sitevinitech. Se realizar\u00e1 en el Auditorio \u00c1ngel Bustelo de la Capital de Mendoza y est\u00e1 abierto a todo p\u00fablico, con un costo de participaci\u00f3n por persona de $6.500, que incluye las exposiciones, un lunch y caf\u00e9. <\/strong><\/em><\/h4>\n\n\n\n<div style=\"height:20px\" aria-hidden=\"true\" class=\"wp-block-spacer\"><\/div>\n\n\n<a href=\"https:\/\/www.irrigacion.gov.ar\/web\/\" aria-label=\"irrigaci\u00f3n-1700X500\"><img loading=\"lazy\" decoding=\"async\" src=\"https:\/\/enolife.com.ar\/es\/wp-content\/uploads\/2021\/02\/irrigacion-1700X500.gif\" alt=\"\"  width=\"1700\" height=\"500\"   \/><\/a>\n\n\n<div style=\"height:63px\" aria-hidden=\"true\" class=\"wp-block-spacer\"><\/div>\n\n\n\n<p>El 2 de diciembre pr\u00f3ximo, de 9 a 18 hs, en el Auditorio \u00c1ngel Bustelo (Virgen del Carmen de Cuyo 610, Capital de Mendoza), <strong>Bodegas de Argentina<\/strong> realizar\u00e1 un encuentro denominado <strong>\u00abPrimer Foro Anual\u00bb<\/strong>, sobre tendencias e innovaci\u00f3n de la industria del vino en el mundo. La reuni\u00f3n est\u00e1 apoyada y auspiciada por la <strong>Feria Sitevinitech.<\/strong><\/p>\n\n\n\n<p><strong>Patricia Ort\u00edz, <\/strong>presidenta de Bodegas de Argentina se refiri\u00f3 al Foro: \u00ab<em>Para Bodegas de Argentina es un hecho relevante instalar en el calendario de la industria una jornada donde podamos tratar temas t\u00e9cnicos y de pol\u00edtica sectorial, que son estrat\u00e9gicos para el negocio vitivin\u00edcola, y que por las dificultades diarias que enfrentamos quedan muchas veces en segundo plano\u00bb<\/em>. <\/p>\n\n\n\n<p>Por su parte, <strong>Arturo Yaci\u00f3fano, <\/strong>director de Sitevinitech, coment\u00f3: <em>\u00abSitevinitech mantiene desde su inicio una alianza estrat\u00e9gica con Bodegas de Argentina. Participar en la organizaci\u00f3n de este evento es una forma de renovar el compromiso con Bodegas de Argentina y de estar presente en la industria\u00bb.<\/em><\/p>\n\n\n\n<p><em>\u00abTenemos grandes expectativas en este evento, ya que el Foro de Bodegas de Argentina es y ser\u00e1 un espacio de exposici\u00f3n y debate con visi\u00f3n a futuro, teniendo en cuenta el contexto macroecon\u00f3mico mundial y nacional, nuevas tendencias e innovaciones en tecnolog\u00eda<\/em>\u00ab, agreg\u00f3 <strong>Milton Kuret, <\/strong>director de Bodegas de Argentina.<\/p>\n\n\n\n<div style=\"height:20px\" aria-hidden=\"true\" class=\"wp-block-spacer\"><\/div>\n\n\n\n<div class=\"wp-block-image\"><figure class=\"alignleft size-large is-resized\"><img loading=\"lazy\" decoding=\"async\" src=\"https:\/\/enolife.com.ar\/es\/wp-content\/uploads\/2022\/11\/635fb9d35828bfc622c3296c-1024x1024.png\" alt=\"\" class=\"wp-image-80962\" width=\"342\" height=\"342\" srcset=\"https:\/\/enolife.com.ar\/es\/wp-content\/uploads\/2022\/11\/635fb9d35828bfc622c3296c-1024x1024.png 1024w, https:\/\/enolife.com.ar\/es\/wp-content\/uploads\/2022\/11\/635fb9d35828bfc622c3296c-300x300.png 300w, https:\/\/enolife.com.ar\/es\/wp-content\/uploads\/2022\/11\/635fb9d35828bfc622c3296c-150x150.png 150w, https:\/\/enolife.com.ar\/es\/wp-content\/uploads\/2022\/11\/635fb9d35828bfc622c3296c-768x768.png 768w, https:\/\/enolife.com.ar\/es\/wp-content\/uploads\/2022\/11\/635fb9d35828bfc622c3296c-585x585.png 585w, https:\/\/enolife.com.ar\/es\/wp-content\/uploads\/2022\/11\/635fb9d35828bfc622c3296c.png 1080w\" sizes=\"auto, (max-width: 342px) 100vw, 342px\" \/><\/figure><\/div>\n\n\n\n<p>El Foro contar\u00e1 con un panel de disertantes que expondr\u00e1n y debatir\u00e1n sobre capital humano, enoturismo, coyuntura de la vitivinicultura, sustentabilidad, m\u00e1rketing y comunicaci\u00f3n. <\/p>\n\n\n\n<p>Durante la ma\u00f1ana del 2\/12 se hablar\u00e1 sobre la coyuntura actual y el futuro de la vitivinicultura en el \u00e1mbito internacional, nacional y regional, con un panel federal de empresarios y funcionarios de gobierno vinculados a la producci\u00f3n, provenientes de las diferentes zonas vitivin\u00edcolas argentinas. <\/p>\n\n\n\n<p>Por la tarde se realizar\u00e1n diferentes aulas tem\u00e1ticas, tales como \u00ab<strong>El recurso h\u00eddrico: Clave de la sostenibilidad<\/strong>\u00ab,en la cual se presentar\u00e1 la situaci\u00f3n h\u00eddrica del mundo, de Mendoza, de otras provincias vitivin\u00edcolas, y  de Chile.<\/p>\n\n\n\n<p>Otrao de las tem\u00e1ticas que se tratar\u00e1 es \u00ab<strong>Transformaci\u00f3n y desaf\u00edos del enoturismo<\/strong>\u00ab, reuni\u00f3n en la que se debatir\u00e1 sobre los nuevos desaf\u00edos y tendencias del desarrollo enotur\u00edstico y el concepto de la enogastronom\u00eda.<\/p>\n\n\n\n<p>En cuanto a lo comercial, el foco estar\u00e1 puesto en <strong>\u00abLa venta on line internacional y los modelos por tipos de empresa\u00bb<\/strong>; adem\u00e1s, habr\u00e1 una presentaci\u00f3n de <strong>datos y evoluci\u00f3n del e-commerce en la industria del vino.<\/strong><\/p>\n\n\n\n<div style=\"height:20px\" aria-hidden=\"true\" class=\"wp-block-spacer\"><\/div>\n\n\n\n<p class=\"has-background has-very-light-gray-background-color\"><strong>Oradores<\/strong>:&nbsp;Luis Loyola; Sergio Marinelli, Marcela Andino y Mar\u00eda Teresa Badui (Departamento General de Irrigaci\u00f3n); Valentina Lira (Grupo Concha y Toro); C\u00e9sar Arland (Grupo Crea); Reyes \u00c1vila Bercial (consultor espa\u00f1ol especializado en el desarrollo de rutas tur\u00edsticas); Jorge Vallina Crespo (consultora y CEO de Global Consultor\u00eda Tur\u00edstica); Michael Osborn (fundador y vicepresidente de&nbsp;Wine.com); Daniel Romano (cofundador y CEO en Good Moose); Leonardo Alaniz (de consultora Scentia) Nicol\u00e1s Spinelli y Gustavo Mallo (Scanntech); Andr\u00e9s Rodr\u00edguez (Combinatoria); Germ\u00e1n Ruiz (Outsourcing en Randstad Argentina); Gustavo Aguilera (director de Capital Humano en Manpower Group Argentina) y Carla Cantisani (directora de Servicios y Calidad de Adecco Argentina y Uruguay).<\/p>\n\n\n\n<div style=\"height:20px\" aria-hidden=\"true\" class=\"wp-block-spacer\"><\/div>\n\n\n\n<p>El valor del ticket de participaci\u00f3n, por persona, es de $6.500, e incluye un lunch y caf\u00e9. Los socios de la entidad contar\u00e1n con un 5% de descuento.<\/p>\n\n\n\n<div style=\"height:20px\" aria-hidden=\"true\" class=\"wp-block-spacer\"><\/div>\n\n\n\n<p class=\"has-background has-very-light-gray-background-color\"><strong>Inscripciones: <a href=\"https:\/\/www.entradaweb.com.ar\/index.php?r=site\/detalles&amp;d=4dbf492f\">AQU\u00cd<\/a><\/strong><\/p>\n\n\n\n<div style=\"height:20px\" aria-hidden=\"true\" class=\"wp-block-spacer\"><\/div>\n","protected":false},"excerpt":{"rendered":"<p>Bodegas de Argentina, la c\u00e1mara empresaria la industria del vino del pa\u00eds, llevar\u00e1 a cabo&hellip;<\/p>\n","protected":false},"author":3,"featured_media":81115,"comment_status":"open","ping_status":"open","sticky":false,"template":"","format":"standard","meta":{"footnotes":""},"categories":[47],"tags":[],"class_list":["post-80275","post","type-post","status-publish","format-standard","has-post-thumbnail","hentry","category-agenda"],"_links":{"self":[{"href":"https:\/\/enolife.com.ar\/es\/wp-json\/wp\/v2\/posts\/80275","targetHints":{"allow":["GET"]}}],"collection":[{"href":"https:\/\/enolife.com.ar\/es\/wp-json\/wp\/v2\/posts"}],"about":[{"href":"https:\/\/enolife.com.ar\/es\/wp-json\/wp\/v2\/types\/post"}],"author":[{"embeddable":true,"href":"https:\/\/enolife.com.ar\/es\/wp-json\/wp\/v2\/users\/3"}],"replies":[{"embeddable":true,"href":"https:\/\/enolife.com.ar\/es\/wp-json\/wp\/v2\/comments?post=80275"}],"version-history":[{"count":0,"href":"https:\/\/enolife.com.ar\/es\/wp-json\/wp\/v2\/posts\/80275\/revisions"}],"wp:featuredmedia":[{"embeddable":true,"href":"https:\/\/enolife.com.ar\/es\/wp-json\/wp\/v2\/media\/81115"}],"wp:attachment":[{"href":"https:\/\/enolife.com.ar\/es\/wp-json\/wp\/v2\/media?parent=80275"}],"wp:term":[{"taxonomy":"category","embeddable":true,"href":"https:\/\/enolife.com.ar\/es\/wp-json\/wp\/v2\/categories?post=80275"},{"taxonomy":"post_tag","embeddable":true,"href":"https:\/\/enolife.com.ar\/es\/wp-json\/wp\/v2\/tags?post=80275"}],"curies":[{"name":"wp","href":"https:\/\/api.w.org\/{rel}","templated":true}]}}