{"id":80017,"date":"2022-10-31T21:51:41","date_gmt":"2022-10-31T21:51:41","guid":{"rendered":"http:\/\/enolife.com.ar\/es\/?p=80017"},"modified":"2022-11-04T08:10:48","modified_gmt":"2022-11-04T08:10:48","slug":"sebastian-halpern-hay-que-habilitar-la-mineria-responsable-y-usar-sus-regalias-en-obras-hidraulicas","status":"publish","type":"post","link":"https:\/\/enolife.com.ar\/es\/sebastian-halpern-hay-que-habilitar-la-mineria-responsable-y-usar-sus-regalias-en-obras-hidraulicas\/","title":{"rendered":"Sebasti\u00e1n Halpern: &#8216;Hay que habilitar la miner\u00eda responsable y usar sus regal\u00edas en obras hidr\u00e1ulicas&#8217;"},"content":{"rendered":"\n<h4 class=\"wp-block-heading\"><em><strong>El 27\/10, la empresa mendocina de insumos para la conducci\u00f3n, control y filtrado del agua, Halpern Riego, celebr\u00f3 su 20\u00b0 aniversario en sus instalaciones de Luj\u00e1n de Cuyo. Ante los invitados, su fundador, Sebasti\u00e1n Halpern, se refiri\u00f3 a la grave situaci\u00f3n de la sequ\u00eda a la que se enfrenta la regi\u00f3n de Cuyo. Dijo que hay que aceptar que vivimos en un desierto, y que es fundamental tecnificar el aprovechamiento h\u00eddrico, cobrar lo que realmente cuesta el agua y reutilizarla lo m\u00e1s que se pueda. Adem\u00e1s opin\u00f3 que debe cambiarse la matriz productiva de la provincia, incorporando la miner\u00eda responsable, cuyas regal\u00edas podr\u00edan ser destinadas a construir m\u00e1s obras hidr\u00e1ulicas para la conducci\u00f3n y el uso eficiente del agua.<\/strong><\/em><\/h4>\n\n\n\n<div style=\"height:34px\" aria-hidden=\"true\" class=\"wp-block-spacer\"><\/div>\n\n\n\n\n\n<div style=\"height:62px\" aria-hidden=\"true\" class=\"wp-block-spacer\"><\/div>\n\n\n\n<p>Halpern SRL, empresa l\u00edder en la distribuci\u00f3n mayorista de insumos para conducci\u00f3n y cuidado del agua y preparaci\u00f3n de suelos agr\u00edcolas, celebr\u00f3 su vig\u00e9simo aniversario con una recepci\u00f3n que reuni\u00f3 a clientes, proveedores, empresarios y amigos, en su edificio de Luj\u00e1n de Cuyo, Mendoza. Tambi\u00e9n asistieron el ministro de Ambiente de Mendoza, Humberto Mingorance; la directora de Aguas, L\u00eda Mart\u00ednez; el intendente de Luj\u00e1n de Cuyo, Sebasti\u00e1n Bragagnolo y el ingeniero Guillermo C\u00faneo, en representaci\u00f3n del Superintendente General de Irrigaci\u00f3n, Sergio Marinelli.<\/p>\n\n\n\n<div style=\"height:20px\" aria-hidden=\"true\" class=\"wp-block-spacer\"><\/div>\n\n\n\n<div class=\"wp-block-image\"><figure class=\"aligncenter size-large is-resized\"><img loading=\"lazy\" decoding=\"async\" src=\"https:\/\/enolife.com.ar\/es\/wp-content\/uploads\/2022\/10\/PHOTO-2022-10-28-12-37-07-1024x682.jpg\" alt=\"\" class=\"wp-image-80247\" width=\"557\" height=\"371\" srcset=\"https:\/\/enolife.com.ar\/es\/wp-content\/uploads\/2022\/10\/PHOTO-2022-10-28-12-37-07-1024x682.jpg 1024w, https:\/\/enolife.com.ar\/es\/wp-content\/uploads\/2022\/10\/PHOTO-2022-10-28-12-37-07-300x200.jpg 300w, https:\/\/enolife.com.ar\/es\/wp-content\/uploads\/2022\/10\/PHOTO-2022-10-28-12-37-07-768x512.jpg 768w, https:\/\/enolife.com.ar\/es\/wp-content\/uploads\/2022\/10\/PHOTO-2022-10-28-12-37-07-1170x780.jpg 1170w, https:\/\/enolife.com.ar\/es\/wp-content\/uploads\/2022\/10\/PHOTO-2022-10-28-12-37-07-585x390.jpg 585w, https:\/\/enolife.com.ar\/es\/wp-content\/uploads\/2022\/10\/PHOTO-2022-10-28-12-37-07.jpg 1280w\" sizes=\"auto, (max-width: 557px) 100vw, 557px\" \/><figcaption><strong><em>Sebasti\u00e1n Halpern durante su discurso<\/em><\/strong><\/figcaption><\/figure><\/div>\n\n\n\n<div style=\"height:20px\" aria-hidden=\"true\" class=\"wp-block-spacer\"><\/div>\n\n\n\n<p>Durante el festejo, el <strong>fundador y CEO<\/strong> de la compa\u00f1\u00eda, <strong>Sebasti\u00e1n Halpern <\/strong>-quien tambi\u00e9n es mundialmente reconocido por sus logros deportivos como corredor del Dakar- renov\u00f3 su compromiso con el cuidado del agua <em>\u201cNos hemos dedicado en estos 20 a\u00f1os de Halpern a cuidar el recurso m\u00e1s preciado de nuestra naturaleza, el agua, para \u00e9sta y para las pr\u00f3ximas generaciones\u201d<\/em>, dijo.<\/p>\n\n\n\n<div style=\"height:20px\" aria-hidden=\"true\" class=\"wp-block-spacer\"><\/div>\n\n\n\n<blockquote class=\"wp-block-quote is-layout-flow wp-block-quote-is-layout-flow\"><p><em>\u201cEl futuro ya no puede ser s\u00f3lo agr\u00edcola o tur\u00edstico. Mejorando los sistemas de control ambiental y la tecnificaci\u00f3n del uso del agua, podremos ampliar la matriz productiva habilitando una miner\u00eda responsable<\/em><\/p><cite>Sebasti\u00e1n Halpern<\/cite><\/blockquote>\n\n\n\n<div style=\"height:20px\" aria-hidden=\"true\" class=\"wp-block-spacer\"><\/div>\n\n\n\n<p>Continuando su discurso, Halpern se refiri\u00f3 tambi\u00e9n a la grave situaci\u00f3n de sequ\u00eda a la que se enfrenta Mendoza y toda la regi\u00f3n: <em>\u201cTenemos que entender y aceptar que vivimos en un desierto y que, por ese motivo, debemos mejorar nuestros usos del agua. Esto significa: tecnificar su aprovechamiento, cobrar lo que realmente cuesta el agua, y una vez que la usamos, seguir tratando y reutilizando toda la que se pueda\u201d<\/em>.<\/p>\n\n\n\n<div style=\"height:20px\" aria-hidden=\"true\" class=\"wp-block-spacer\"><\/div>\n\n\n\n<div class=\"wp-block-image\"><figure class=\"aligncenter size-large is-resized\"><img loading=\"lazy\" decoding=\"async\" src=\"https:\/\/enolife.com.ar\/es\/wp-content\/uploads\/2022\/10\/PHOTO-2022-10-28-12-37-08-1024x682.jpg\" alt=\"\" class=\"wp-image-80249\" width=\"548\" height=\"365\" srcset=\"https:\/\/enolife.com.ar\/es\/wp-content\/uploads\/2022\/10\/PHOTO-2022-10-28-12-37-08-1024x682.jpg 1024w, https:\/\/enolife.com.ar\/es\/wp-content\/uploads\/2022\/10\/PHOTO-2022-10-28-12-37-08-300x200.jpg 300w, https:\/\/enolife.com.ar\/es\/wp-content\/uploads\/2022\/10\/PHOTO-2022-10-28-12-37-08-768x512.jpg 768w, https:\/\/enolife.com.ar\/es\/wp-content\/uploads\/2022\/10\/PHOTO-2022-10-28-12-37-08-1170x780.jpg 1170w, https:\/\/enolife.com.ar\/es\/wp-content\/uploads\/2022\/10\/PHOTO-2022-10-28-12-37-08-585x390.jpg 585w, https:\/\/enolife.com.ar\/es\/wp-content\/uploads\/2022\/10\/PHOTO-2022-10-28-12-37-08.jpg 1280w\" sizes=\"auto, (max-width: 548px) 100vw, 548px\" \/><figcaption><em><strong>La celebraci\u00f3n<\/strong><\/em><\/figcaption><\/figure><\/div>\n\n\n\n<div style=\"height:20px\" aria-hidden=\"true\" class=\"wp-block-spacer\"><\/div>\n\n\n\n<p class=\"has-medium-font-size\"><strong>Cambio en la matriz productiva<\/strong><\/p>\n\n\n\n<p>El empresario, adem\u00e1s, se\u00f1al\u00f3 la necesidad de cambiar la matriz productiva de Mendoza incorporando la miner\u00eda responsable a ciertas \u00e1reas: <em>\u201cEl futuro ya no puede ser s\u00f3lo agr\u00edcola o tur\u00edstico. Mejorando los sistemas de control ambiental y la tecnificaci\u00f3n del uso del agua, podremos ampliar la matriz productiva habilitando una miner\u00eda responsable en zonas donde no sea posible realizar otras actividades. Una miner\u00eda cuyas regal\u00edas sean destinadas a construir las obras hidr\u00e1ulicas necesarias para la conducci\u00f3n y el uso eficiente del agua en la provincia\u201d.<\/em><\/p>\n\n\n\n<p>En ese sentido, se refiri\u00f3 al caso de San Juan, indicando que en esa provincia, <em>\u00abS\u00f3lo el 1% de las concesiones de agua son para uso minero, y m\u00e1s de 11.000 personas se benefician directa o indirectamente con el trabajo que genera la miner\u00eda, mientras que la exportaci\u00f3n llega a mil millones de d\u00f3lares anuales y los fondos mineros se utilizan para mejoras de riego y obras hidr\u00e1ulicas\u201d<\/em>.<\/p>\n\n\n\n<div style=\"height:20px\" aria-hidden=\"true\" class=\"wp-block-spacer\"><\/div>\n\n\n\n<p class=\"has-medium-font-size\"><strong>Reconocimiento a los colaboradores<\/strong><\/p>\n\n\n\n<p>En su discurso, Sebasti\u00e1n Halpern se mostr\u00f3 muy emocionado por el camino personal y empresarial recorrido, y manifest\u00f3 su agradecimiento a los presentes, indicando que cada uno hab\u00eda sido invitado porque era importante para \u00e9l y que hab\u00eda decidido homenajear a uno de ellos en representaci\u00f3n simb\u00f3lica de todos.<\/p>\n\n\n\n<p>Por eso, entreg\u00f3 una placa de reconocimiento a uno de sus colaboradores, <strong>Juan Abuin<\/strong>, quien expres\u00f3 que <em>\u201cSebasti\u00e1n es para m\u00ed un ejemplo de c\u00f3mo el esfuerzo, trabajo y perseverancia pueden superar la adversidad. Pero tambi\u00e9n es un signo de los nuevos tiempos: empresarios j\u00f3venes que no s\u00f3lo quieren hacer negocios, sino que se comprometen con la sustentabilidad y con la comunidad en la que desarrollan su actividad\u201d<\/em>.<\/p>\n\n\n\n<div style=\"height:20px\" aria-hidden=\"true\" class=\"wp-block-spacer\"><\/div>\n\n\n\n<p class=\"has-medium-font-size\"><strong>Celebraci\u00f3n solidaria para Red Plato Lleno<\/strong><\/p>\n\n\n\n<p>La gastronom\u00eda de la celebraci\u00f3n estuvo a cargo de la chef Graciela Hisa y los vinos fueron de la Bodega Pulenta Estate. <strong>Todo lo que no se consumi\u00f3 fue donado a la Alimendar Mendoza<\/strong>, una iniciativa que rescata los alimentos no consumidos en eventos y los entrega a comedores, etc, disminuyendo el desperdicio y el hambre en la provincia.<\/p>\n\n\n\n<p>En este caso, <strong>se lograron recuperar 25 kilos de comida que se destinaron al Hogar Inmensa Esperanza<\/strong>, ubicado en Luj\u00e1n de Cuyo, cerca del edificio de Halpern.<\/p>\n","protected":false},"excerpt":{"rendered":"<p>El 27\/10, la empresa mendocina de insumos para la conducci\u00f3n, control y filtrado del agua,&hellip;<\/p>\n","protected":false},"author":3,"featured_media":80251,"comment_status":"open","ping_status":"open","sticky":false,"template":"","format":"standard","meta":{"footnotes":""},"categories":[14],"tags":[],"class_list":["post-80017","post","type-post","status-publish","format-standard","has-post-thumbnail","hentry","category-news"],"_links":{"self":[{"href":"https:\/\/enolife.com.ar\/es\/wp-json\/wp\/v2\/posts\/80017","targetHints":{"allow":["GET"]}}],"collection":[{"href":"https:\/\/enolife.com.ar\/es\/wp-json\/wp\/v2\/posts"}],"about":[{"href":"https:\/\/enolife.com.ar\/es\/wp-json\/wp\/v2\/types\/post"}],"author":[{"embeddable":true,"href":"https:\/\/enolife.com.ar\/es\/wp-json\/wp\/v2\/users\/3"}],"replies":[{"embeddable":true,"href":"https:\/\/enolife.com.ar\/es\/wp-json\/wp\/v2\/comments?post=80017"}],"version-history":[{"count":0,"href":"https:\/\/enolife.com.ar\/es\/wp-json\/wp\/v2\/posts\/80017\/revisions"}],"wp:featuredmedia":[{"embeddable":true,"href":"https:\/\/enolife.com.ar\/es\/wp-json\/wp\/v2\/media\/80251"}],"wp:attachment":[{"href":"https:\/\/enolife.com.ar\/es\/wp-json\/wp\/v2\/media?parent=80017"}],"wp:term":[{"taxonomy":"category","embeddable":true,"href":"https:\/\/enolife.com.ar\/es\/wp-json\/wp\/v2\/categories?post=80017"},{"taxonomy":"post_tag","embeddable":true,"href":"https:\/\/enolife.com.ar\/es\/wp-json\/wp\/v2\/tags?post=80017"}],"curies":[{"name":"wp","href":"https:\/\/api.w.org\/{rel}","templated":true}]}}