{"id":80011,"date":"2022-10-29T13:59:35","date_gmt":"2022-10-29T13:59:35","guid":{"rendered":"http:\/\/enolife.com.ar\/es\/?p=80011"},"modified":"2022-11-02T19:34:36","modified_gmt":"2022-11-02T19:34:36","slug":"los-consules-extranjeros-en-mendoza-y-el-inv-se-alian-para-colocar-mas-vino-argentino-en-el-mundo","status":"publish","type":"post","link":"https:\/\/enolife.com.ar\/es\/los-consules-extranjeros-en-mendoza-y-el-inv-se-alian-para-colocar-mas-vino-argentino-en-el-mundo\/","title":{"rendered":"Los c\u00f3nsules extranjeros en Mendoza y el INV se al\u00edan para colocar m\u00e1s vino argentino en el mundo"},"content":{"rendered":"\n<h4 class=\"wp-block-heading\"><em><strong>Mart\u00edn Hinojosa, presidente del organismo encargado de guiar y controlar la industria vitivin\u00edcola argentina, se reuni\u00f3 el viernes 28\/10 con los representantes diplom\u00e1ticos de Israel, Francia, Alemania, Rumania, Uruguay, Gran Breta\u00f1a, Irlanda del Norte, Finlandia, Brasil y Ecuador. El objetivo del encuentro, convocado por el INV, fue acordar acciones para fortalecer los v\u00ednculos entre la industria del vino argentina y esas naciones y aumentar la presencia del producto en los respectivos mercados.<\/strong><\/em> <\/h4>\n\n\n\n<div style=\"height:58px\" aria-hidden=\"true\" class=\"wp-block-spacer\"><\/div>\n\n\n<a href=\"https:\/\/grupoaltasur.com\/\" aria-label=\"1700-500px\"><img loading=\"lazy\" decoding=\"async\" src=\"https:\/\/enolife.com.ar\/es\/wp-content\/uploads\/2021\/01\/1700-500px.jpg\" alt=\"\"  srcset=\"https:\/\/enolife.com.ar\/es\/wp-content\/uploads\/2021\/01\/1700-500px.jpg 1700w, https:\/\/enolife.com.ar\/es\/wp-content\/uploads\/2021\/01\/1700-500px-300x88.jpg 300w, https:\/\/enolife.com.ar\/es\/wp-content\/uploads\/2021\/01\/1700-500px-1024x301.jpg 1024w, https:\/\/enolife.com.ar\/es\/wp-content\/uploads\/2021\/01\/1700-500px-768x226.jpg 768w, https:\/\/enolife.com.ar\/es\/wp-content\/uploads\/2021\/01\/1700-500px-1536x452.jpg 1536w, https:\/\/enolife.com.ar\/es\/wp-content\/uploads\/2021\/01\/1700-500px-1170x344.jpg 1170w, https:\/\/enolife.com.ar\/es\/wp-content\/uploads\/2021\/01\/1700-500px-585x172.jpg 585w\" sizes=\"auto, (max-width: 1700px) 100vw, 1700px\" width=\"1700\" height=\"500\"   \/><\/a>\n\n\n<div style=\"height:49px\" aria-hidden=\"true\" class=\"wp-block-spacer\"><\/div>\n\n\n\n<p>El vino, la actividad econ\u00f3mica que \u00e9ste genera, la tradici\u00f3n que fortalece y la cultura que moviliza a su alrededor constituyen, en conjunto, una poderosa herramienta de comunicaci\u00f3n y acercamiento entre los pueblos. Con esta premisa, los directivos del <strong>Instituto Nacional de Vitivinicultura (INV)<\/strong> y del <strong>Cuerpo Consular de Mendoza (CCM)<\/strong> tienen mutuo inter\u00e9s en coordinar acciones para fortalecer esa comunidad, y por esa raz\u00f3n se reunieron recientemente en la sede del organismo en la Capital mendocina. <\/p>\n\n\n\n<div style=\"height:20px\" aria-hidden=\"true\" class=\"wp-block-spacer\"><\/div>\n\n\n\n<div class=\"wp-block-image\"><figure class=\"aligncenter size-large is-resized\"><img loading=\"lazy\" decoding=\"async\" src=\"https:\/\/enolife.com.ar\/es\/wp-content\/uploads\/2022\/10\/FgKhCB-WIAAsWrh-1024x683.jpg\" alt=\"\" class=\"wp-image-80149\" width=\"534\" height=\"355\" srcset=\"https:\/\/enolife.com.ar\/es\/wp-content\/uploads\/2022\/10\/FgKhCB-WIAAsWrh-1024x683.jpg 1024w, https:\/\/enolife.com.ar\/es\/wp-content\/uploads\/2022\/10\/FgKhCB-WIAAsWrh-300x200.jpg 300w, https:\/\/enolife.com.ar\/es\/wp-content\/uploads\/2022\/10\/FgKhCB-WIAAsWrh-768x512.jpg 768w, https:\/\/enolife.com.ar\/es\/wp-content\/uploads\/2022\/10\/FgKhCB-WIAAsWrh-1170x781.jpg 1170w, https:\/\/enolife.com.ar\/es\/wp-content\/uploads\/2022\/10\/FgKhCB-WIAAsWrh-585x390.jpg 585w, https:\/\/enolife.com.ar\/es\/wp-content\/uploads\/2022\/10\/FgKhCB-WIAAsWrh.jpg 1280w\" sizes=\"auto, (max-width: 534px) 100vw, 534px\" \/><figcaption><em><strong>En las oficinas del INV, Mart\u00edn Hinojosa con sus invitados el cuerpo consular<\/strong><\/em><\/figcaption><\/figure><\/div>\n\n\n\n<div style=\"height:37px\" aria-hidden=\"true\" class=\"wp-block-spacer\"><\/div>\n\n\n\n<p>Durante el encuentro, <strong>Mart\u00edn Hinojosa<\/strong>, titular del INV, y los representantes consulares acreditados ante el Gobierno argentino dialogaron sobre las principales funciones y actividades que desarrolla el Instituto, con el fin de fortalecer las relaciones entre los pa\u00edses y la industria del vino.<\/p>\n\n\n\n<div style=\"height:20px\" aria-hidden=\"true\" class=\"wp-block-spacer\"><\/div>\n\n\n\n<p class=\"has-background has-very-light-gray-background-color\">Participaron de la reuni\u00f3n los C\u00f3nsules Honorarios de <strong>Israel,<\/strong> <strong>Andr\u00e9s Ostropolsky<\/strong>; de <strong>Francia, Charlotte Panouille<\/strong>; de <strong>Alemania, Andreas Vollmer<\/strong>; de <strong>Rumania, Octavio Viorel Chirca<\/strong>; de <strong>Uruguay, Homero Pineda Rodr\u00edguez<\/strong>; de <strong>Gran Breta\u00f1a, Irlanda del Norte y Finlandia, Carlos Pulenta<\/strong>; de <strong>Brasil, Mitzi Valente Da Costa<\/strong> y de <strong>Ecuador, Julia Kramarenko de Battiston<\/strong>. Por el INV, acompa\u00f1aron al presidente <strong>Mart\u00edn Hinojosa<\/strong>, la directora nacional de <strong>Fiscalizaci\u00f3n, Claudia Quini<\/strong> y el director de E<strong>stad\u00edsticas P\u00fablicas y Relaciones Institucionales, Luis Sentinelli.<\/strong><\/p>\n\n\n\n<div style=\"height:20px\" aria-hidden=\"true\" class=\"wp-block-spacer\"><\/div>\n\n\n\n<p>Hinojosa hizo una breve exposici\u00f3n de las tareas que desarrolla el INV y coment\u00f3 los ejes principales sobre los que se sustenta su gesti\u00f3n, tales como el posicionamiento y participaci\u00f3n protag\u00f3nica del Instituto en los espacios de decisi\u00f3n y foros de la vitivinicultura, tanto a nivel nacional como global. El funcionario argentino destac\u00f3 la <strong>interacci\u00f3n y el di\u00e1logo con todos los sectores<\/strong> que integran la actividad vitivin\u00edcola, para as\u00ed tomar las mejores decisiones en beneficio de la industria y del consumidor. Hinojosa puso de relieve que, a trav\u00e9s de ese intercambio, se han generado valiosas herramientas como el<strong> Sistema de Localizaci\u00f3n Varietal<\/strong>, que facilita la actividad de productores y bodegueros. <\/p>\n\n\n\n<div style=\"height:20px\" aria-hidden=\"true\" class=\"wp-block-spacer\"><\/div>\n\n\n\n<blockquote class=\"wp-block-quote is-layout-flow wp-block-quote-is-layout-flow\"><p>El Cuerpo Consular de Mendoza puede realizar un importante aporte para que los mendocinos y argentinos conozcamos las nuevas tendencias de consumo y desarrollo en los pa\u00edses que representan, y para ello les propongo trabajar en conjunto&#8230;\u00bb<\/p><cite>Mart\u00edn Hinojosa, presidente del INV<\/cite><\/blockquote>\n\n\n\n<div style=\"height:20px\" aria-hidden=\"true\" class=\"wp-block-spacer\"><\/div>\n\n\n\n<p>El titular del organismo insisti\u00f3 en la importancia de la comercializaci\u00f3n para el futuro de la industria, y destac\u00f3 que <em>\u00abes muy importante acompa\u00f1ar el desarrollo de nuevos productos, de nuevos envases, y conocer las tendencias mundiales\u00bb<\/em>. Y agreg\u00f3: <em>\u00abJustamente, para conocer esas tendencias, considero que el Cuerpo Consular Mendoza puede realizar un importante aporte, y les propongo que trabajemos en conjunto para saber c\u00f3mo los vinos argentinos se pueden consolidar en los pa\u00edses que ustedes representan, qu\u00e9 ven ustedes que puede hacer Argentina para mejorar este posicionamiento y c\u00f3mo puede colaborar el INV para que se exporten m\u00e1s nuestros vinos\u00bb.<\/em><\/p>\n\n\n\n<div style=\"height:20px\" aria-hidden=\"true\" class=\"wp-block-spacer\"><\/div>\n\n\n\n<div class=\"wp-block-image\"><figure class=\"aligncenter size-large is-resized\"><img loading=\"lazy\" decoding=\"async\" src=\"https:\/\/enolife.com.ar\/es\/wp-content\/uploads\/2022\/10\/dsc_0102.jpg\" alt=\"\" class=\"wp-image-80151\" width=\"553\" height=\"381\" srcset=\"https:\/\/enolife.com.ar\/es\/wp-content\/uploads\/2022\/10\/dsc_0102.jpg 725w, https:\/\/enolife.com.ar\/es\/wp-content\/uploads\/2022\/10\/dsc_0102-300x207.jpg 300w, https:\/\/enolife.com.ar\/es\/wp-content\/uploads\/2022\/10\/dsc_0102-585x403.jpg 585w\" sizes=\"auto, (max-width: 553px) 100vw, 553px\" \/><figcaption><em><strong>Mart\u00edn Hinojosa recibiendo un reconocimiento de la mano de Mitzi Valente Da Costa<\/strong><\/em><\/figcaption><\/figure><\/div>\n\n\n\n<div style=\"height:30px\" aria-hidden=\"true\" class=\"wp-block-spacer\"><\/div>\n\n\n\n<p>Tambi\u00e9n se refiri\u00f3 Hinojosa a la importancia que tendr\u00e1 para la actividad vitivin\u00edcola argentina la puesta en marcha del <strong>Programa de Apoyo para Peque\u00f1os Productores Vitivin\u00edcolas (Proviar II)<\/strong>, el que ser\u00e1 ejecutado por el INV y en el que tambi\u00e9n trabajan los equipos t\u00e9cnicos del <strong>Instituto Nacional de Tecnolog\u00eda Agropecuaria (INTA) <\/strong>y la <strong>Corporaci\u00f3n Vitivin\u00edcola de Argentina (Coviar).<\/strong><\/p>\n\n\n\n<p>El ptitular del INV destac\u00f3 el potencial y la diversidad de la oferta exportable que hoy tiene la Argentina en sus distintas regiones, desde el vino a granel y fraccionado a espumantes y el jugo concentrado de uva o mosto. En este sentido, se mostr\u00f3 muy interesado en conocer las opiniones de los c\u00f3nsules sobre la vitivinicultura y consider\u00f3 de m\u00e1xima importancia mantener un di\u00e1logo fluido y realizar tareas en conjunto entre el INV y el CCM.<\/p>\n\n\n\n<p>Por su parte, los integrantes del Cuerpo Consular Mendoza -todos ellos representantes de pa\u00edses que producen vino o lo importan, y algunos de ellos productores ellos mismos- mostraron inter\u00e9s por trabajar junto al INV y coordinar agendas para que ese organismo tenga presencia en las actividades que el CCM tiene previstas con embajadores y referentes de los pa\u00edses representados. En este sentido, es que se acord\u00f3 coordinar la agenda de la pr\u00f3xima y sucesivas Fiestas de la Vendimia con los embajadores de Argentina en el mundo.<\/p>\n\n\n\n<p><strong>Mitzi Valente Da Costa<\/strong> fue la c\u00f3nsul encargada de entregarle una distinci\u00f3n a Mart\u00edn Hinojosa, en reconocimiento a la labor que est\u00e1 llevando a cabo, y manifest\u00f3 el inter\u00e9s por promover la oferta exportable en mercados objetivos o de inter\u00e9s para nuestros productos, as\u00ed como para proveer informaci\u00f3n relevante vinculada al acceso a estos mercados. <\/p>\n\n\n\n<p>A su turno, la c\u00f3nsul de Francia, <strong>Charlotte Panouille<\/strong>, agradeci\u00f3 la recepci\u00f3n en la sede del INV y remarc\u00f3 la importancia que para ella y sus colegas tiene el trabajo en conjunto en relaci\u00f3n a la vitivinicultura.<\/p>\n\n\n\n<div style=\"height:52px\" aria-hidden=\"true\" class=\"wp-block-spacer\"><\/div>\n","protected":false},"excerpt":{"rendered":"<p>Mart\u00edn Hinojosa, presidente del organismo encargado de guiar y controlar la industria vitivin\u00edcola argentina, se&hellip;<\/p>\n","protected":false},"author":3,"featured_media":80147,"comment_status":"open","ping_status":"open","sticky":false,"template":"","format":"standard","meta":{"footnotes":""},"categories":[14],"tags":[],"class_list":["post-80011","post","type-post","status-publish","format-standard","has-post-thumbnail","hentry","category-news"],"_links":{"self":[{"href":"https:\/\/enolife.com.ar\/es\/wp-json\/wp\/v2\/posts\/80011","targetHints":{"allow":["GET"]}}],"collection":[{"href":"https:\/\/enolife.com.ar\/es\/wp-json\/wp\/v2\/posts"}],"about":[{"href":"https:\/\/enolife.com.ar\/es\/wp-json\/wp\/v2\/types\/post"}],"author":[{"embeddable":true,"href":"https:\/\/enolife.com.ar\/es\/wp-json\/wp\/v2\/users\/3"}],"replies":[{"embeddable":true,"href":"https:\/\/enolife.com.ar\/es\/wp-json\/wp\/v2\/comments?post=80011"}],"version-history":[{"count":0,"href":"https:\/\/enolife.com.ar\/es\/wp-json\/wp\/v2\/posts\/80011\/revisions"}],"wp:featuredmedia":[{"embeddable":true,"href":"https:\/\/enolife.com.ar\/es\/wp-json\/wp\/v2\/media\/80147"}],"wp:attachment":[{"href":"https:\/\/enolife.com.ar\/es\/wp-json\/wp\/v2\/media?parent=80011"}],"wp:term":[{"taxonomy":"category","embeddable":true,"href":"https:\/\/enolife.com.ar\/es\/wp-json\/wp\/v2\/categories?post=80011"},{"taxonomy":"post_tag","embeddable":true,"href":"https:\/\/enolife.com.ar\/es\/wp-json\/wp\/v2\/tags?post=80011"}],"curies":[{"name":"wp","href":"https:\/\/api.w.org\/{rel}","templated":true}]}}