{"id":79994,"date":"2022-10-27T23:35:37","date_gmt":"2022-10-27T23:35:37","guid":{"rendered":"http:\/\/enolife.com.ar\/es\/?p=79994"},"modified":"2022-11-03T08:36:28","modified_gmt":"2022-11-03T08:36:28","slug":"cuales-son-los-desafios-logisticos-que-enfrenta-mendoza-para-exportar-en-una-charla-del-cci","status":"publish","type":"post","link":"https:\/\/enolife.com.ar\/es\/cuales-son-los-desafios-logisticos-que-enfrenta-mendoza-para-exportar-en-una-charla-del-cci\/","title":{"rendered":"Cu\u00e1les son los desaf\u00edos log\u00edsticos que enfrenta Mendoza para exportar, en una charla del CCI"},"content":{"rendered":"\n<h4 class=\"wp-block-heading\"><em><strong>El jueves 3\/11, a las 18 hs, la C\u00e1mara de Comercio Italiana de Mendoza (CCI), junto a la Universidad de Congreso, invitan a la conferencia \u00abMendoza, sus exportaciones y los desaf\u00edos log\u00edsticos presentes\u00bb, a cargo de Oscar Mart\u00edn. La participaci\u00f3n es gratuita, con previa inscripci\u00f3n.<\/strong><\/em><\/h4>\n\n\n\n<div style=\"height:20px\" aria-hidden=\"true\" class=\"wp-block-spacer\"><\/div>\n\n\n<a href=\"https:\/\/www.parsecsrl.net\/es\/extraccion-selectiva-tintos\/\" aria-label=\"banner1700x500-rev-9\"><img loading=\"lazy\" decoding=\"async\" src=\"https:\/\/enolife.com.ar\/es\/wp-content\/uploads\/2022\/04\/banner1700x500-rev-9.gif\" alt=\"\"  width=\"1700\" height=\"500\"   \/><\/a>\n\n\n<div style=\"height:40px\" aria-hidden=\"true\" class=\"wp-block-spacer\"><\/div>\n\n\n\n<div class=\"wp-block-image\"><figure class=\"alignleft size-large is-resized\"><img loading=\"lazy\" decoding=\"async\" src=\"https:\/\/enolife.com.ar\/es\/wp-content\/uploads\/2022\/10\/00000BUG-1-1024x1024.jpeg\" alt=\"\" class=\"wp-image-80003\" width=\"353\" height=\"353\" srcset=\"https:\/\/enolife.com.ar\/es\/wp-content\/uploads\/2022\/10\/00000BUG-1-1024x1024.jpeg 1024w, https:\/\/enolife.com.ar\/es\/wp-content\/uploads\/2022\/10\/00000BUG-1-300x300.jpeg 300w, https:\/\/enolife.com.ar\/es\/wp-content\/uploads\/2022\/10\/00000BUG-1-150x150.jpeg 150w, https:\/\/enolife.com.ar\/es\/wp-content\/uploads\/2022\/10\/00000BUG-1-768x769.jpeg 768w, https:\/\/enolife.com.ar\/es\/wp-content\/uploads\/2022\/10\/00000BUG-1-1170x1171.jpeg 1170w, https:\/\/enolife.com.ar\/es\/wp-content\/uploads\/2022\/10\/00000BUG-1-585x585.jpeg 585w, https:\/\/enolife.com.ar\/es\/wp-content\/uploads\/2022\/10\/00000BUG-1.jpeg 1200w\" sizes=\"auto, (max-width: 353px) 100vw, 353px\" \/><\/figure><\/div>\n\n\n\n<p>El comercio internacional ha presentado, en los \u00faltimos dos a\u00f1os, nuevos desaf\u00edos asociados a distintas problem\u00e1ticas log\u00edsticas, y en este sentido, a pesar de que la provincia de Mendoza tiene una larga trayectoria exportadora, a\u00fan quedan muchas \u00e1reas para potenciar y aprovechar. Es que su desarrollo y crecimiento est\u00e1n cada vez m\u00e1s ligados a la internacionalizaci\u00f3n de su econom\u00eda.&nbsp; <\/p>\n\n\n\n<p>Al respecto, y en el marco del programa anual de actualizaci\u00f3n sobre comercio exterior, la C\u00e1mara de Comercio Italiana en Mendoza invita a participar, junto a la Facultad de Estudios Internacionales de la Universidad de Congreso, a la conferencia <strong>\u00abMendoza, sus exportaciones y los desaf\u00edos log\u00edsticos presentes\u00bb<\/strong>, a cargo del profesor de la c\u00e1tedra de transporte internacional y seguros de la carrera de comercio exterior, <strong>Oscar Mart\u00edn<\/strong>.<\/p>\n\n\n\n<p>La charla tendr\u00e1 car\u00e1cter presencial, <strong>en el Auditorio de la Universidad de Congreso<\/strong>, calle<strong> Col\u00f3n 90 de la Ciudad de Mendoza, el jueves 3 de noviembre a las 18 horas<\/strong> y el ingreso ser\u00e1 gratuito.&nbsp;<\/p>\n\n\n\n<p class=\"has-background has-very-light-gray-background-color\"><strong>Las inscripciones se deben realizar en: <a href=\"mailto:info@ucongreso.edu.ar\">info@ucongreso.edu.ar<\/a><\/strong><\/p>\n\n\n\n<div style=\"height:173px\" aria-hidden=\"true\" class=\"wp-block-spacer\"><\/div>\n\n\n\n<div style=\"height:40px\" aria-hidden=\"true\" class=\"wp-block-spacer\"><\/div>\n","protected":false},"excerpt":{"rendered":"<p>El jueves 3\/11, a las 18 hs, la C\u00e1mara de Comercio Italiana de Mendoza (CCI),&hellip;<\/p>\n","protected":false},"author":3,"featured_media":80007,"comment_status":"open","ping_status":"open","sticky":false,"template":"","format":"standard","meta":{"footnotes":""},"categories":[47],"tags":[],"class_list":["post-79994","post","type-post","status-publish","format-standard","has-post-thumbnail","hentry","category-agenda"],"_links":{"self":[{"href":"https:\/\/enolife.com.ar\/es\/wp-json\/wp\/v2\/posts\/79994","targetHints":{"allow":["GET"]}}],"collection":[{"href":"https:\/\/enolife.com.ar\/es\/wp-json\/wp\/v2\/posts"}],"about":[{"href":"https:\/\/enolife.com.ar\/es\/wp-json\/wp\/v2\/types\/post"}],"author":[{"embeddable":true,"href":"https:\/\/enolife.com.ar\/es\/wp-json\/wp\/v2\/users\/3"}],"replies":[{"embeddable":true,"href":"https:\/\/enolife.com.ar\/es\/wp-json\/wp\/v2\/comments?post=79994"}],"version-history":[{"count":0,"href":"https:\/\/enolife.com.ar\/es\/wp-json\/wp\/v2\/posts\/79994\/revisions"}],"wp:featuredmedia":[{"embeddable":true,"href":"https:\/\/enolife.com.ar\/es\/wp-json\/wp\/v2\/media\/80007"}],"wp:attachment":[{"href":"https:\/\/enolife.com.ar\/es\/wp-json\/wp\/v2\/media?parent=79994"}],"wp:term":[{"taxonomy":"category","embeddable":true,"href":"https:\/\/enolife.com.ar\/es\/wp-json\/wp\/v2\/categories?post=79994"},{"taxonomy":"post_tag","embeddable":true,"href":"https:\/\/enolife.com.ar\/es\/wp-json\/wp\/v2\/tags?post=79994"}],"curies":[{"name":"wp","href":"https:\/\/api.w.org\/{rel}","templated":true}]}}