{"id":79916,"date":"2022-10-26T09:40:44","date_gmt":"2022-10-26T09:40:44","guid":{"rendered":"http:\/\/enolife.com.ar\/es\/?p=79916"},"modified":"2022-10-27T08:21:18","modified_gmt":"2022-10-27T08:21:18","slug":"la-historia-del-sommelier-que-perdio-el-olfato-una-divertida-peli-el-27-10-en-la-enoteca","status":"publish","type":"post","link":"https:\/\/enolife.com.ar\/es\/la-historia-del-sommelier-que-perdio-el-olfato-una-divertida-peli-el-27-10-en-la-enoteca\/","title":{"rendered":"La historia del sommelier que perdi\u00f3 el olfato, una divertida peli el 27\/10 en La Enoteca"},"content":{"rendered":"\n<h4 class=\"wp-block-heading\"><em><strong>En otra interesante propuesta del Centro Tem\u00e1tico del Vino de la Capital de Mendoza, el 27 de octubre a las 19 los interesados en el mundo del cine y la vitivinicultura podr\u00e1n disfrutar de \u00abEl camino del vino\u00bb, pel\u00edcula de 2010 del director argentino Nicol\u00e1s Carreras. El filme est\u00e1 protagonizado por conocidas figuras del ambiente, como el sommelier Charlie Arturaola, quien hace de si mismo, Pandora Anwyl, Donato de Santis, Michel Rolland, y los mendocinos Susana Balbo y Aldo Biondolillo. Las entradas pueden adquirirse por Eventbrite.<\/strong><\/em><\/h4>\n\n\n\n<div style=\"height:27px\" aria-hidden=\"true\" class=\"wp-block-spacer\"><\/div>\n\n\n<a href=\"https:\/\/ar.verallia.com\/\" aria-label=\"VERALLIA 1700 x 500\"><img loading=\"lazy\" decoding=\"async\" src=\"https:\/\/enolife.com.ar\/es\/wp-content\/uploads\/2021\/04\/VERALLIA-1700-x-500.jpg\" alt=\"\"  srcset=\"https:\/\/enolife.com.ar\/es\/wp-content\/uploads\/2021\/04\/VERALLIA-1700-x-500.jpg 1700w, https:\/\/enolife.com.ar\/es\/wp-content\/uploads\/2021\/04\/VERALLIA-1700-x-500-300x88.jpg 300w, https:\/\/enolife.com.ar\/es\/wp-content\/uploads\/2021\/04\/VERALLIA-1700-x-500-1024x301.jpg 1024w, https:\/\/enolife.com.ar\/es\/wp-content\/uploads\/2021\/04\/VERALLIA-1700-x-500-768x226.jpg 768w, https:\/\/enolife.com.ar\/es\/wp-content\/uploads\/2021\/04\/VERALLIA-1700-x-500-1536x452.jpg 1536w, https:\/\/enolife.com.ar\/es\/wp-content\/uploads\/2021\/04\/VERALLIA-1700-x-500-1170x344.jpg 1170w, https:\/\/enolife.com.ar\/es\/wp-content\/uploads\/2021\/04\/VERALLIA-1700-x-500-585x172.jpg 585w\" sizes=\"auto, (max-width: 1700px) 100vw, 1700px\" width=\"1700\" height=\"500\"   \/><\/a>\n\n\n<div style=\"height:46px\" aria-hidden=\"true\" class=\"wp-block-spacer\"><\/div>\n\n\n\n<p>Ma\u00f1ana jueves 27 de octubre, desde las 19, <strong>La Enoteca<\/strong> de la Capital de Mendoza abrir\u00e1 sus puertas para propiciar un encuentro en el que el vino ser\u00e1 el protagonista excluyente. Copa en mano, quienes se sumen a esta propuesta podr\u00e1n disfrutar del film <strong>\u00abEl camino del vino\u00bb<\/strong>, del director <strong>Nicol\u00e1s Carreras<\/strong>. Las entradas pueden adquirirse en Eventbrite.<\/p>\n\n\n\n<p>La peli cuenta la historia de un sommelier que pierde su capacidad sensorial. El desarrollo del relato se transforma en una divertida reflexi\u00f3n sobre la esencia del vino, su ra\u00edz emocional y la trama de personas que suman talento y esfuerzo para que cada copa entregue lo mejor de un paisaje y de un grupo humano. <\/p>\n\n\n\n<div style=\"height:20px\" aria-hidden=\"true\" class=\"wp-block-spacer\"><\/div>\n\n\n\n<figure class=\"wp-block-embed-youtube aligncenter wp-block-embed is-type-video is-provider-youtube wp-embed-aspect-16-9 wp-has-aspect-ratio\"><div class=\"wp-block-embed__wrapper\">\n<iframe loading=\"lazy\" title=\"TRAILER EL CAMINO DEL VINO 2010\" width=\"1170\" height=\"658\" src=\"https:\/\/www.youtube.com\/embed\/fZQ656if37s?feature=oembed\" frameborder=\"0\" allow=\"accelerometer; autoplay; clipboard-write; encrypted-media; gyroscope; picture-in-picture\" allowfullscreen><\/iframe>\n<\/div><\/figure>\n\n\n\n<div style=\"height:20px\" aria-hidden=\"true\" class=\"wp-block-spacer\"><\/div>\n\n\n\n<p>El filme, rodado en Mendoza, est\u00e1 protagonizado por el actor y sommelier uruguayo <strong>Charlie Arturaola<\/strong>, junto a un elenco conformado por protagonistas reales del mundo del vino -entre ellos los conocidos bodegueros <strong>Aldo Biondolillo<\/strong> y <strong>Susana Balbo<\/strong>. La pel\u00edcula es tambi\u00e9n un viaje por paisajes y bodegas en los que el vino argentino se llena de sentido.<\/p>\n\n\n\n<div style=\"height:20px\" aria-hidden=\"true\" class=\"wp-block-spacer\"><\/div>\n\n\n\n<p class=\"has-background has-very-light-gray-background-color\"><strong>D\u00eda<\/strong>: jueves 27 de octubre<br><strong>Hora<\/strong>: 19<br><strong>Lugar<\/strong>: La Enoteca (Peltier 611, Centro C\u00edvico, Ciudad de Mendoza)<br><strong>Entradas: <a href=\"https:\/\/www.eventbrite.com.ar\/e\/cine-para-degustar-tickets-444616589187?aff=odeimcmailchimp&amp;mc_eid=c8feb6be5f&amp;mc_cid=3693a0f9fd\">AQU\u00cd<\/a><\/strong><\/p>\n\n\n\n<div style=\"height:34px\" aria-hidden=\"true\" class=\"wp-block-spacer\"><\/div>\n","protected":false},"excerpt":{"rendered":"<p>En otra interesante propuesta del Centro Tem\u00e1tico del Vino de la Capital de Mendoza, el&hellip;<\/p>\n","protected":false},"author":3,"featured_media":79929,"comment_status":"open","ping_status":"open","sticky":false,"template":"","format":"standard","meta":{"footnotes":""},"categories":[47],"tags":[],"class_list":["post-79916","post","type-post","status-publish","format-standard","has-post-thumbnail","hentry","category-agenda"],"_links":{"self":[{"href":"https:\/\/enolife.com.ar\/es\/wp-json\/wp\/v2\/posts\/79916","targetHints":{"allow":["GET"]}}],"collection":[{"href":"https:\/\/enolife.com.ar\/es\/wp-json\/wp\/v2\/posts"}],"about":[{"href":"https:\/\/enolife.com.ar\/es\/wp-json\/wp\/v2\/types\/post"}],"author":[{"embeddable":true,"href":"https:\/\/enolife.com.ar\/es\/wp-json\/wp\/v2\/users\/3"}],"replies":[{"embeddable":true,"href":"https:\/\/enolife.com.ar\/es\/wp-json\/wp\/v2\/comments?post=79916"}],"version-history":[{"count":0,"href":"https:\/\/enolife.com.ar\/es\/wp-json\/wp\/v2\/posts\/79916\/revisions"}],"wp:featuredmedia":[{"embeddable":true,"href":"https:\/\/enolife.com.ar\/es\/wp-json\/wp\/v2\/media\/79929"}],"wp:attachment":[{"href":"https:\/\/enolife.com.ar\/es\/wp-json\/wp\/v2\/media?parent=79916"}],"wp:term":[{"taxonomy":"category","embeddable":true,"href":"https:\/\/enolife.com.ar\/es\/wp-json\/wp\/v2\/categories?post=79916"},{"taxonomy":"post_tag","embeddable":true,"href":"https:\/\/enolife.com.ar\/es\/wp-json\/wp\/v2\/tags?post=79916"}],"curies":[{"name":"wp","href":"https:\/\/api.w.org\/{rel}","templated":true}]}}