{"id":79832,"date":"2022-10-24T08:43:38","date_gmt":"2022-10-24T08:43:38","guid":{"rendered":"http:\/\/enolife.com.ar\/es\/?p=79832"},"modified":"2022-10-27T08:16:35","modified_gmt":"2022-10-27T08:16:35","slug":"cuales-son-las-nuevas-tecnicas-enologicas-para-elaborar-vinos-caseros-en-un-seminario-en-lavalle","status":"publish","type":"post","link":"https:\/\/enolife.com.ar\/es\/cuales-son-las-nuevas-tecnicas-enologicas-para-elaborar-vinos-caseros-en-un-seminario-en-lavalle\/","title":{"rendered":"Cu\u00e1les son las nuevas t\u00e9cnicas enol\u00f3gicas para elaborar vinos caseros, en un seminario en Lavalle"},"content":{"rendered":"\n<h4 class=\"wp-block-heading\"><em><strong>El jueves 27 y viernes 28 de octubre, en el Baquiano Restaurante Criollo, del departamento mendocino de Lavalle, se llevar\u00e1 a cabo la 5ta edici\u00f3n del Seminario Latinoamericano de Vino Casero y Artesanal, que contar\u00e1 con expositores de Argentina, Bolivia, Per\u00fa, M\u00e9xico, Colombia y Chile.&nbsp;Las charlas son dictadas por profesionales de universidades y entidades agr\u00edcolas y vitivin\u00edcolas de los pa\u00edses participantes y tratar\u00e1n sobre temas enol\u00f3gicos, vit\u00edcolas, de sustentabilidad, vinos biodin\u00e1micos y emprendedurismo. Al mismo tiempo, todos los participantes compartir\u00e1n sus experiencias. Aquellos que no puedan asistir al encuentro tendr\u00e1n la posibilidad de seguir todas las actividades a trav\u00e9s de YouTube. <\/strong><\/em><\/h4>\n\n\n\n<div style=\"height:30px\" aria-hidden=\"true\" class=\"wp-block-spacer\"><\/div>\n\n\n<a href=\"https:\/\/fermentis.com\/es\/\" aria-label=\"MYC-forSparkling_1700x500 (1)\"><img loading=\"lazy\" decoding=\"async\" src=\"https:\/\/enolife.com.ar\/es\/wp-content\/uploads\/2022\/03\/MYC-forSparkling_1700x500-1.jpg\" alt=\"\"  srcset=\"https:\/\/enolife.com.ar\/es\/wp-content\/uploads\/2022\/03\/MYC-forSparkling_1700x500-1.jpg 1700w, https:\/\/enolife.com.ar\/es\/wp-content\/uploads\/2022\/03\/MYC-forSparkling_1700x500-1-300x88.jpg 300w, https:\/\/enolife.com.ar\/es\/wp-content\/uploads\/2022\/03\/MYC-forSparkling_1700x500-1-1024x301.jpg 1024w, https:\/\/enolife.com.ar\/es\/wp-content\/uploads\/2022\/03\/MYC-forSparkling_1700x500-1-768x226.jpg 768w, https:\/\/enolife.com.ar\/es\/wp-content\/uploads\/2022\/03\/MYC-forSparkling_1700x500-1-1536x452.jpg 1536w, https:\/\/enolife.com.ar\/es\/wp-content\/uploads\/2022\/03\/MYC-forSparkling_1700x500-1-1170x344.jpg 1170w, https:\/\/enolife.com.ar\/es\/wp-content\/uploads\/2022\/03\/MYC-forSparkling_1700x500-1-585x172.jpg 585w\" sizes=\"auto, (max-width: 1700px) 100vw, 1700px\" width=\"1700\" height=\"500\"   \/><\/a>\n\n\n<div style=\"height:73px\" aria-hidden=\"true\" class=\"wp-block-spacer\"><\/div>\n\n\n\n<p>El <strong>Seminario Latinoamericano de Vino Casero y Artesanal<\/strong> es una iniciativa articulada por la <strong>Municipalidad de Lavalle<\/strong>, el <strong>Instituto Nacional de Vitivinicultura (INV)<\/strong> y la <strong>Asociaci\u00f3n de Elaboradores de Vinos Caseros Lavalle<\/strong>, en el que durante dos d\u00edas se comparten experiencias de productores de Argentina, Bolivia, Per\u00fa, M\u00e9xico, Colombia y Chile. <\/p>\n\n\n\n<p>Las charlas est\u00e1n a cargo de profesionales del INV, <strong>INTA<\/strong>, <strong>Iscamen<\/strong>, la <strong>Facultad de Ciencias Agrarias de la UNCuyo<\/strong>, la tecnicatura de<strong> Don Bosco<\/strong>, la <strong>Facultad<\/strong> <strong>de<\/strong> <strong>Enolog\u00eda de la Universidad Tecnol\u00f3gica Nacional<\/strong>, como as\u00ed tambi\u00e9n organismos e instituciones educativas de los pa\u00edses participantes.<\/p>\n\n\n\n<p>La jornada del jueves 27 se realizar\u00e1 en el <strong>Baquiano Restaurante Crioll<\/strong>o, Ruta Provincial 24 de la ciudad de Lavalle, Mendoza, Argentina. Y el viernes se desarrollar\u00e1n las pr\u00e1cticas de campo, saliendo desde la explanada de la Municipalidad de Lavalle, en calle Beltr\u00e1n 37.<\/p>\n\n\n\n<div style=\"height:20px\" aria-hidden=\"true\" class=\"wp-block-spacer\"><\/div>\n\n\n\n<p class=\"has-background has-very-light-gray-background-color\"><strong>Informes: <a href=\"mailto:inv@lavallemendoza.gob.ar\">inv@lavallemendoza.gob.ar<\/a><br>\u00c1rea de Coordinaci\u00f3n del&nbsp;Instituto Nacional de Vitivinicultura (INV) de Lavalle: Miriam Quiroga: +54 9 261 578 4137<\/strong><\/p>\n\n\n\n<p>Los interesados en participar de forma virtual podr\u00e1n seguir la transmisi\u00f3n en vivo desde el canal de <strong>YouTube de la Municipalidad de Lavalle Mendoza: <a href=\"https:\/\/www.youtube.com\/channel\/UCn2OICUWgZDBc0BV-aCuWaw\/videos\">AQU\u00cd <\/a><\/strong><\/p>\n\n\n\n<div style=\"height:20px\" aria-hidden=\"true\" class=\"wp-block-spacer\"><\/div>\n\n\n\n<p class=\"has-medium-font-size\"><strong>Programa<\/strong><\/p>\n\n\n\n<p class=\"has-background has-medium-font-size has-luminous-vivid-amber-background-color\"><strong>Jueves 27\/10<\/strong><\/p>\n\n\n\n<p>Durante esta jornada se abordar\u00e1n temas relacionados a la enolog\u00eda, como los efectos del microclima en la calidad de los vinos, elaboraci\u00f3n y clarificaci\u00f3n espont\u00e1nea, c\u00f3mo manejar la podredumbre gris, control saludable con el ambiente, uso del anh\u00eddrido sulfuroso, suelo micronutrientes y vinos biodin\u00e1micos.&nbsp;<\/p>\n\n\n\n<p>Tambi\u00e9n se expondr\u00e1 sobre etiquetado, emprendedurismo, sustentabilidad en el sector vitivin\u00edcola y el impacto en el enoturismo. Se conocer\u00e1n experiencias de Per\u00fa, M\u00e9xico, Chile, Bolivia, Colombia y de las provincias argentinas de Tucum\u00e1n, Jujuy y Catamarca.&nbsp;<\/p>\n\n\n\n<div style=\"height:20px\" aria-hidden=\"true\" class=\"wp-block-spacer\"><\/div>\n\n\n\n<div class=\"wp-block-image\"><figure class=\"aligncenter size-large is-resized\"><img loading=\"lazy\" decoding=\"async\" src=\"https:\/\/enolife.com.ar\/es\/wp-content\/uploads\/2022\/10\/Imagen4-3-1024x575.jpg\" alt=\"\" class=\"wp-image-79854\" width=\"737\" height=\"413\" srcset=\"https:\/\/enolife.com.ar\/es\/wp-content\/uploads\/2022\/10\/Imagen4-3-1024x575.jpg 1024w, https:\/\/enolife.com.ar\/es\/wp-content\/uploads\/2022\/10\/Imagen4-3-300x169.jpg 300w, https:\/\/enolife.com.ar\/es\/wp-content\/uploads\/2022\/10\/Imagen4-3-585x329.jpg 585w, https:\/\/enolife.com.ar\/es\/wp-content\/uploads\/2022\/10\/Imagen4-3.jpg 1091w\" sizes=\"auto, (max-width: 737px) 100vw, 737px\" \/><\/figure><\/div>\n\n\n\n<div class=\"wp-block-image\"><figure class=\"aligncenter size-large is-resized\"><img loading=\"lazy\" decoding=\"async\" src=\"https:\/\/enolife.com.ar\/es\/wp-content\/uploads\/2022\/10\/Imagen3-4.jpg\" alt=\"\" class=\"wp-image-79853\" width=\"734\" height=\"419\" srcset=\"https:\/\/enolife.com.ar\/es\/wp-content\/uploads\/2022\/10\/Imagen3-4.jpg 977w, https:\/\/enolife.com.ar\/es\/wp-content\/uploads\/2022\/10\/Imagen3-4-300x172.jpg 300w, https:\/\/enolife.com.ar\/es\/wp-content\/uploads\/2022\/10\/Imagen3-4-768x439.jpg 768w, https:\/\/enolife.com.ar\/es\/wp-content\/uploads\/2022\/10\/Imagen3-4-585x335.jpg 585w\" sizes=\"auto, (max-width: 734px) 100vw, 734px\" \/><\/figure><\/div>\n\n\n\n<div style=\"height:20px\" aria-hidden=\"true\" class=\"wp-block-spacer\"><\/div>\n\n\n\n<p class=\"has-background has-medium-font-size has-luminous-vivid-amber-background-color\"><strong>Viernes 28\/10<\/strong><\/p>\n\n\n\n<p>La segunda jornada contar\u00e1 con una visita a una bodega artesanal local y la actividad pr\u00e1ctica en una finca donde se trabajar\u00e1&nbsp; envoltura, deshoje, motivos, ventajas, desventajas, c\u00f3mo y cu\u00e1ndo realizarlas.<\/p>\n\n\n\n<p>El encuentro ser\u00e1 a las<strong> <\/strong>9 hs en la explanada de la Municipalidad de Lavalle, para ir a las 9.30 hs a la <strong>Bodeguita de Carlos Groselj <\/strong>y hacer una pr\u00e1ctica en <strong>Finca Omar Alaniz <\/strong>donde el ingeniero agr\u00f3nomo <strong>Marcelo Gustavo Rivero<\/strong> contar\u00e1 cuales son los motivos, las ventajas y desventajas de la envoltura, y deshoje, y c\u00f3mo y cu\u00e1ndo realizarlas.<\/p>\n\n\n\n<p>Finalmente, a las 13.30, se realizar\u00e1 un almuerzo en el <strong>Sal\u00f3n Guido Monta\u00f1a<\/strong> de Costa de Araujo, Lavalle.<\/p>\n\n\n\n<div style=\"height:48px\" aria-hidden=\"true\" class=\"wp-block-spacer\"><\/div>\n","protected":false},"excerpt":{"rendered":"<p>El jueves 27 y viernes 28 de octubre, en el Baquiano Restaurante Criollo, del departamento&hellip;<\/p>\n","protected":false},"author":3,"featured_media":79880,"comment_status":"open","ping_status":"open","sticky":false,"template":"","format":"standard","meta":{"footnotes":""},"categories":[47],"tags":[],"class_list":["post-79832","post","type-post","status-publish","format-standard","has-post-thumbnail","hentry","category-agenda"],"_links":{"self":[{"href":"https:\/\/enolife.com.ar\/es\/wp-json\/wp\/v2\/posts\/79832","targetHints":{"allow":["GET"]}}],"collection":[{"href":"https:\/\/enolife.com.ar\/es\/wp-json\/wp\/v2\/posts"}],"about":[{"href":"https:\/\/enolife.com.ar\/es\/wp-json\/wp\/v2\/types\/post"}],"author":[{"embeddable":true,"href":"https:\/\/enolife.com.ar\/es\/wp-json\/wp\/v2\/users\/3"}],"replies":[{"embeddable":true,"href":"https:\/\/enolife.com.ar\/es\/wp-json\/wp\/v2\/comments?post=79832"}],"version-history":[{"count":0,"href":"https:\/\/enolife.com.ar\/es\/wp-json\/wp\/v2\/posts\/79832\/revisions"}],"wp:featuredmedia":[{"embeddable":true,"href":"https:\/\/enolife.com.ar\/es\/wp-json\/wp\/v2\/media\/79880"}],"wp:attachment":[{"href":"https:\/\/enolife.com.ar\/es\/wp-json\/wp\/v2\/media?parent=79832"}],"wp:term":[{"taxonomy":"category","embeddable":true,"href":"https:\/\/enolife.com.ar\/es\/wp-json\/wp\/v2\/categories?post=79832"},{"taxonomy":"post_tag","embeddable":true,"href":"https:\/\/enolife.com.ar\/es\/wp-json\/wp\/v2\/tags?post=79832"}],"curies":[{"name":"wp","href":"https:\/\/api.w.org\/{rel}","templated":true}]}}