{"id":7983,"date":"2020-02-20T12:08:38","date_gmt":"2020-02-20T12:08:38","guid":{"rendered":"http:\/\/enolife.com.ar\/es\/?p=7983"},"modified":"2020-02-22T12:01:34","modified_gmt":"2020-02-22T12:01:34","slug":"contra-la-especulacion-la-asociacion-de-vinateros-de-mendoza-pone-precios-de-referencia-a-la-uva","status":"publish","type":"post","link":"https:\/\/enolife.com.ar\/es\/contra-la-especulacion-la-asociacion-de-vinateros-de-mendoza-pone-precios-de-referencia-a-la-uva\/","title":{"rendered":"Contra la especulaci\u00f3n, la Asociaci\u00f3n de Vi\u00f1ateros de Mendoza pone precios de referencia a la uva"},"content":{"rendered":"\n<h4 class=\"wp-block-heading\"><em><strong>La agrupaci\u00f3n, que re\u00fane a m\u00e1s de 200 productores de Mendoza y es miembro de la Coviar, expres\u00f3, a trav\u00e9s de un comunicado y de la voz de su presidente, Eduardo C\u00f3rdoba, que \u00abpara no caer en operaciones nefastas de algunos mercenarios&#8230; les decimos a los productores que no cedan a las presiones y hagan valer el precio de su uva\u00bb.<\/strong><\/em><\/h4>\n\n\n\n<hr class=\"wp-block-separator\"\/>\n\n\n\n<h4 class=\"wp-block-heading\"><em><strong>C\u00f3rdoba defendi\u00f3 los datos del INV sobre aumento del consumo y merma en la producci\u00f3n, a la vez que fij\u00f3 valores de referencia de las uvas, para que sus productores asociados puedan negociar mejor el precio con las bodegas. En esa l\u00ednea, critic\u00f3 a las empresas \u00abque no conocen la vitivinicultura, sino s\u00f3lo el negocio, a trav\u00e9s de sus CEOS ubicados en Capital Federal\u00bb.  <\/strong><\/em><\/h4>\n\n\n\n<div style=\"height:31px\" aria-hidden=\"true\" class=\"wp-block-spacer\"><\/div>\n\n\n\n<p>Seg\u00fan expresan en dos sucesivas publicaciones -los d\u00edas 18 y 19\/2- en su muro de Facebook, la Asociaci\u00f3n de Vi\u00f1ateros de Mendoza (AVM) considera que \u00abla realidad marca, en forma contraria a lo que ven\u00eda sucediendo los \u00faltimos a\u00f1os, que el 2019 trajo aparejado el mayor consumo de vinos en 42 a\u00f1os subiendo considerablemente la cantidad de consumo per c\u00e1pita\u00bb. <\/p>\n\n\n\n<p>En este contexto, el presidente de la AVM, Eduardo C\u00f3rdoba, consider\u00f3 que \u201cel esfuerzo del vi\u00f1atero en mejorar la calidad de sus productos, m\u00e1s el permanente e insistente apoyo por parte de algunas c\u00e1maras empresarias reunidas en Coviar al desarrollo del mercado local e internacional, han sido importantes para contrarrestar los problemas macro econ\u00f3micos en los que est\u00e1 envuelto nuestro pa\u00eds desde hace tiempo. Estamos convencidos que podr\u00eda haber una mejora paulatina de nuestro precio\u201d.<\/p>\n\n\n\n<p>Asimismo, ante esos datos aportados por el Instituto Nacional de Vitivinicultura (INV) respecto al incremento del consumo de vino en el mercado interno y el aumento considerable de las exportaciones, sumado a la baja en los rindes de producci\u00f3n que se perciben en un primer momento para este a\u00f1o, el presidente C\u00f3rdoba mostr\u00f3 optimismo respecto a los valores que manejar\u00e1n las producciones en el presente a\u00f1o. \u201cDesde nuestra entidad sostendremos y defenderemos con firmeza el precio del producto porque creemos que est\u00e1n dadas las condiciones para que se pague lo que corresponde\u201d, afirm\u00f3.  <\/p>\n\n\n\n<p>Al ser consultado sobre los dichos de algunas empresas bodegueras sobre los datos emitidos por el INV, C\u00f3rdoba critic\u00f3: \u00abLamentablemente, algunos intereses intentan denotar los n\u00fameros de acuerdo a su conveniencia, no solo para pauperizar el valor del esfuerzo de los productores vit\u00edcolas de nuestra provincia, sino tambi\u00e9n para atacar la institucionalidad. No vamos a caer en esas operaciones nefastas de algunos mercenarios\u201d.<\/p>\n\n\n\n<p>En otra publicaci\u00f3n, tras el llamado a sus productores asociados a \u00abno ceder a las presiones de las bodegas\u00bb, la AVM public\u00f3 una lista de precios para que los vi\u00f1ateros sepan a qu\u00e9 atenerse y puedan negociar mejor con las bodegas compradoras.<\/p>\n\n\n\n<div style=\"height:20px\" aria-hidden=\"true\" class=\"wp-block-spacer\"><\/div>\n\n\n\n<p class=\"has-background has-pale-cyan-blue-background-color\"><strong>Valores de referencia para las uvas de los productores asociados a AVM: (precios por kilogramo)<\/strong><br><br><strong>Bonarda<\/strong>: de 10 a 11 pesos<br><strong>Mezcla para mostos<\/strong>:  de 8 a 9 pesos<br><strong>Malbec<\/strong>: de 18 a 22 pesos seg\u00fan la zona<br><strong>Tempranillo<\/strong>: de 10 a 11 pesos<br><strong>Sirah:<\/strong> de 12 a 13 pesos<br><strong>Pedro Gim\u00e9nez<\/strong>: de 9 a 10 pesos<br><strong>Chardonay<\/strong>: de 13 a 14 pesos <\/p>\n\n\n\n<div style=\"height:27px\" aria-hidden=\"true\" class=\"wp-block-spacer\"><\/div>\n\n\n\n<p>M\u00e1s informaci\u00f3n: Email: asociacionvinaterosmza@gmail.com<br>Tel.+5492634517074Facebook:asociacionvinaterosmza <\/p>\n\n\n\n<hr class=\"wp-block-separator\"\/>\n\n\n\n<p><strong>A continuaci\u00f3n, el comunicado completo y textual:<\/strong><\/p>\n\n\n\n<p class=\"has-medium-font-size\"><strong><em> \u00abVamos a defender el precio de nuestras uvas y vinos<\/em><\/strong>\u00ab<\/p>\n\n\n\n<p><em>\u00abAnte el intento de Grupo Pe\u00f1aflor, Familia Bemberg y sus CEOS con sucursales en Buenos Aires, de imponer un precio bajo al productor, desde la Asociaci\u00f3n de Vi\u00f1ateros de Mendoza exhibimos valores de referencia a nuestros productores.Vemos con profundo desagrado las operaciones medi\u00e1ticas que se realizan con el objetivo de tirar abajo el precio de la uva y el vino.<\/em><\/p>\n\n\n\n<p><em>Es de p\u00fablico conocimiento que el momento marca un incipiente crecimiento en el consumo de vinos, un aumento notable de las exportaciones, adem\u00e1s de observarse una cosecha entre el 20 y 25 por ciento menor. <\/em><\/p>\n\n\n\n<p><em>No vamos a ceder a las presiones medi\u00e1ticas de la Familia Bemberg del grupo Pe\u00f1aflor a trav\u00e9s de su gerente instalado en Buenos Aires que pretenden expoliar al productor sin ning\u00fan tipo de relaci\u00f3n de lo que sucede en el mercado.Estos grupos, anteriormente mencionados, siempre pagaron menos al productor, lo desinforman, cosa que ya no vamos a tolerar bajo ning\u00fan concepto. <\/em><\/p>\n\n\n\n<p><em>Los directorios de las empresas en cuesti\u00f3n, ahogan el bolsillo del productor e intentan poner en duda el accionar de COVIAR, atribuy\u00e9ndose la representatividad de todas las bodegas, cuando no la tienen, as\u00ed lo han manifestado muchas de las bodegas asociadas. <\/em><\/p>\n\n\n\n<p><em>En la Asociaci\u00f3n de Vi\u00f1ateros de Mendoza, tenemos la certeza, que COVIAR no solo nos ofrece el \u00e1mbito de di\u00e1logo, sino tambi\u00e9n nos permite, junto al gobierno, gestionar soluciones a nuestros productores como cr\u00e9ditos de cosecha y acarreo, eliminaci\u00f3n de impuestos, asesoramientos t\u00e9cnicos, entre otras muchas demandas m\u00e1s. <\/em><\/p>\n\n\n\n<p><em>La sociedad mendocina toda debe saber que se ha puesto en juego el modelo vitivin\u00edcola. Estos grupos poderosos y ajenos a la realidad de miles de familias vitivin\u00edcolas mendocinas, desean llevarse el poder de decisi\u00f3n a Buenos Aires y concentrarla ah\u00ed, para aplastar a quienes realmente levantamos las cosechas y hacemos los vinos que ellos revenden. <\/em><\/p>\n\n\n\n<p><em>Siempre AVM estar\u00e1 y defender\u00e1 la cultura del trabajo. Vamos a acompa\u00f1ar a aquellos eslabones que integran la actividad econ\u00f3mica madre de la Provincia de Mendoza.<\/em><\/p>\n\n\n\n<p><em>Nuestra obligaci\u00f3n es decirles a los productores que NO CEDAN A ESAS PRESIONES, que hagan valer el precio de su uva. Sabemos que las condiciones internas y externas son mejores que a\u00f1os anteriores y no vamos a pauperizar a quienes trabajan a\u00f1o a a\u00f1o y soportan inclemencias clim\u00e1ticas para ver reflejado su sue\u00f1o propio y el de sus familias. <\/em><\/p>\n\n\n\n<p><em>Hoy estamos trabajando a p\u00e9rdidas por eso creemos oportuno defender nuestros precios\u00bb<\/em><\/p>\n\n\n\n<div style=\"height:20px\" aria-hidden=\"true\" class=\"wp-block-spacer\"><\/div>\n\n\n\n<p class=\"has-small-font-size\"><em><strong>Fuente: Asociaci\u00f3n de Vi\u00f1ateros de Mendoza<\/strong><\/em><\/p>\n","protected":false},"excerpt":{"rendered":"<p>La agrupaci\u00f3n, que re\u00fane a m\u00e1s de 200 productores de Mendoza y es miembro de&hellip;<\/p>\n","protected":false},"author":3,"featured_media":8091,"comment_status":"open","ping_status":"open","sticky":false,"template":"","format":"standard","meta":{"footnotes":""},"categories":[14],"tags":[],"class_list":["post-7983","post","type-post","status-publish","format-standard","has-post-thumbnail","hentry","category-news"],"_links":{"self":[{"href":"https:\/\/enolife.com.ar\/es\/wp-json\/wp\/v2\/posts\/7983","targetHints":{"allow":["GET"]}}],"collection":[{"href":"https:\/\/enolife.com.ar\/es\/wp-json\/wp\/v2\/posts"}],"about":[{"href":"https:\/\/enolife.com.ar\/es\/wp-json\/wp\/v2\/types\/post"}],"author":[{"embeddable":true,"href":"https:\/\/enolife.com.ar\/es\/wp-json\/wp\/v2\/users\/3"}],"replies":[{"embeddable":true,"href":"https:\/\/enolife.com.ar\/es\/wp-json\/wp\/v2\/comments?post=7983"}],"version-history":[{"count":0,"href":"https:\/\/enolife.com.ar\/es\/wp-json\/wp\/v2\/posts\/7983\/revisions"}],"wp:featuredmedia":[{"embeddable":true,"href":"https:\/\/enolife.com.ar\/es\/wp-json\/wp\/v2\/media\/8091"}],"wp:attachment":[{"href":"https:\/\/enolife.com.ar\/es\/wp-json\/wp\/v2\/media?parent=7983"}],"wp:term":[{"taxonomy":"category","embeddable":true,"href":"https:\/\/enolife.com.ar\/es\/wp-json\/wp\/v2\/categories?post=7983"},{"taxonomy":"post_tag","embeddable":true,"href":"https:\/\/enolife.com.ar\/es\/wp-json\/wp\/v2\/tags?post=7983"}],"curies":[{"name":"wp","href":"https:\/\/api.w.org\/{rel}","templated":true}]}}