{"id":7938,"date":"2020-02-18T16:02:59","date_gmt":"2020-02-18T16:02:59","guid":{"rendered":"http:\/\/enolife.com.ar\/es\/?p=7938"},"modified":"2020-02-19T00:33:06","modified_gmt":"2020-02-19T00:33:06","slug":"la-fabrica-de-botellas-verallia-intensifica-en-vendimia-su-campana-para-cuidar-el-ambiente","status":"publish","type":"post","link":"https:\/\/enolife.com.ar\/es\/la-fabrica-de-botellas-verallia-intensifica-en-vendimia-su-campana-para-cuidar-el-ambiente\/","title":{"rendered":"La f\u00e1brica de botellas Verallia intensifica en Vendimia su campa\u00f1a solidaria para cuidar el ambiente"},"content":{"rendered":"\n<h4 class=\"wp-block-heading\"><em><strong>La empresa productora de envases de vidrio para la industria del vino, el aceite de oliva y la alimentaci\u00f3n -una de las m\u00e1s grandes del mundo, con planta en Guaymall\u00e9n, Mendoza-, estar\u00e1 presente en los principales eventos de Vendimia, impulsando la conciencia ecol\u00f3gica con su programa&nbsp; \u201cVidrio, una acci\u00f3n transparente\u201d, que ya tiene 7 a\u00f1os de acciones en la provincia. Se pide a los vecinos llevar botellas y frascos de vidrio hasta los centros de recolecci\u00f3n en diversos puntos de la ciudad. El producto de la venta del vidrio se destina a la Fundaci\u00f3n del Hospital de Ni\u00f1os Humberto Notti de Mendoza. <\/strong><\/em><\/h4>\n\n\n\n<div style=\"height:20px\" aria-hidden=\"true\" class=\"wp-block-spacer\"><\/div>\n\n\n\n<p>Este a\u00f1o la empresa productora de botellas para la industria del vino y el aceite de oliva estar\u00e1 promocionando su Programa de Reciclado de Vidrio con contenedores instalados en los siguientes eventos, en el marco de la Fiesta de la Vendimia:<\/p>\n\n\n\n<ul class=\"wp-block-list\"><li><strong>Paseo de las Burbujas y Sabores del Mundo<\/strong>: Organizado por la Municipalidad de Guaymall\u00e9n, los d\u00edas 22, 23 y 24 de febrero en el Boulevard Dorrego, de 20 a 24 hs.<br><\/li><li><strong>Expo Vea Vinos: <\/strong>En el Auditorio \u00c1ngel Bustelo, en el Centro C\u00edvico de la Capital mendocina, los d\u00edas 26, 27 y 28 de febrero de 19 a 23 hs.<br><\/li><li><strong>Gigantograf\u00edas de las Reinas<\/strong>: En la vereda del diario Los Andes, San Mart\u00edn 1049 de Mendoza, durante este cl\u00e1sico evento organizado por la empresa period\u00edstica, los d\u00edas 26, 27 y 28 de febrero y 2, 3 y 4 de marzo, de 17 a 21 hs.<\/li><\/ul>\n\n\n\n<div style=\"height:20px\" aria-hidden=\"true\" class=\"wp-block-spacer\"><\/div>\n\n\n\n<figure class=\"wp-block-gallery columns-2 is-cropped wp-block-gallery-1 is-layout-flex wp-block-gallery-is-layout-flex\"><ul class=\"blocks-gallery-grid\"><li class=\"blocks-gallery-item\"><figure><img loading=\"lazy\" decoding=\"async\" width=\"612\" height=\"408\" src=\"https:\/\/enolife.com.ar\/es\/wp-content\/uploads\/2020\/02\/IMG_7088-Agustin-Sanchez.-Los-Andes.jpg\" alt=\"\" data-id=\"7942\" data-link=\"https:\/\/enolife.com.ar\/es\/?attachment_id=7942\" class=\"wp-image-7942\" srcset=\"https:\/\/enolife.com.ar\/es\/wp-content\/uploads\/2020\/02\/IMG_7088-Agustin-Sanchez.-Los-Andes.jpg 612w, https:\/\/enolife.com.ar\/es\/wp-content\/uploads\/2020\/02\/IMG_7088-Agustin-Sanchez.-Los-Andes-300x200.jpg 300w, https:\/\/enolife.com.ar\/es\/wp-content\/uploads\/2020\/02\/IMG_7088-Agustin-Sanchez.-Los-Andes-585x390.jpg 585w\" sizes=\"auto, (max-width: 612px) 100vw, 612px\" \/><\/figure><\/li><li class=\"blocks-gallery-item\"><figure><img loading=\"lazy\" decoding=\"async\" width=\"379\" height=\"342\" src=\"https:\/\/enolife.com.ar\/es\/wp-content\/uploads\/2020\/02\/entrada1-379x342-1.jpg\" alt=\"\" data-id=\"7943\" data-full-url=\"https:\/\/enolife.com.ar\/es\/wp-content\/uploads\/2020\/02\/entrada1-379x342-1.jpg\" data-link=\"https:\/\/enolife.com.ar\/es\/?attachment_id=7943\" class=\"wp-image-7943\" srcset=\"https:\/\/enolife.com.ar\/es\/wp-content\/uploads\/2020\/02\/entrada1-379x342-1.jpg 379w, https:\/\/enolife.com.ar\/es\/wp-content\/uploads\/2020\/02\/entrada1-379x342-1-300x271.jpg 300w\" sizes=\"auto, (max-width: 379px) 100vw, 379px\" \/><\/figure><\/li><\/ul><\/figure>\n\n\n\n<div style=\"height:20px\" aria-hidden=\"true\" class=\"wp-block-spacer\"><\/div>\n\n\n\n<p>Alejandra Mer\u00edn, a cargo del \u00e1rea de Sustentabilidad de Verallia Argentina,  adelant\u00f3: <em>\u201cEn todos estos eventos estaremos con divertidos juegos, por lo que invitamos a mendocinos y turistas a acercarse a los stands de Verallia a jugar, ganar y conocer m\u00e1s sobre el reciclado de vidrio\u201d.<\/em><\/p>\n\n\n\n<p>Verallia es el l\u00edder europeo y el tercer productor mundial de envases de vidrio para bebidas y productos alimenticios; y ofrece soluciones innovadoras, personalizadas y respetuosas del medio ambiente.<\/p>\n\n\n\n<p>El grupo empresario realiz\u00f3 ventas por 2.400 millones de euros en 2018, y una cifra cercana en 2019, con una producci\u00f3n de 16.000 millones de botellas y frascos de vidrio el \u00faltimo a\u00f1o. Verallia cuenta con alrededor de 10.000 empleados y posee 32 f\u00e1bricas en 11 pa\u00edses.<\/p>\n\n\n\n<p class=\"has-background has-very-light-gray-background-color\"><strong>Para m\u00e1s informaci\u00f3n:  <a href=\"http:\/\/www.verallia.com\">www.verallia.com<\/a> y <a href=\"https:\/\/puntosdereciclado.ar.verallia.com\/\">https:\/\/puntosdereciclado.ar.verallia.com\/<\/a> <\/strong><\/p>\n","protected":false},"excerpt":{"rendered":"<p>La empresa productora de envases de vidrio para la industria del vino, el aceite de&hellip;<\/p>\n","protected":false},"author":3,"featured_media":7941,"comment_status":"open","ping_status":"open","sticky":false,"template":"","format":"standard","meta":{"footnotes":""},"categories":[36],"tags":[],"class_list":["post-7938","post","type-post","status-publish","format-standard","has-post-thumbnail","hentry","category-el-pinguino"],"_links":{"self":[{"href":"https:\/\/enolife.com.ar\/es\/wp-json\/wp\/v2\/posts\/7938","targetHints":{"allow":["GET"]}}],"collection":[{"href":"https:\/\/enolife.com.ar\/es\/wp-json\/wp\/v2\/posts"}],"about":[{"href":"https:\/\/enolife.com.ar\/es\/wp-json\/wp\/v2\/types\/post"}],"author":[{"embeddable":true,"href":"https:\/\/enolife.com.ar\/es\/wp-json\/wp\/v2\/users\/3"}],"replies":[{"embeddable":true,"href":"https:\/\/enolife.com.ar\/es\/wp-json\/wp\/v2\/comments?post=7938"}],"version-history":[{"count":0,"href":"https:\/\/enolife.com.ar\/es\/wp-json\/wp\/v2\/posts\/7938\/revisions"}],"wp:featuredmedia":[{"embeddable":true,"href":"https:\/\/enolife.com.ar\/es\/wp-json\/wp\/v2\/media\/7941"}],"wp:attachment":[{"href":"https:\/\/enolife.com.ar\/es\/wp-json\/wp\/v2\/media?parent=7938"}],"wp:term":[{"taxonomy":"category","embeddable":true,"href":"https:\/\/enolife.com.ar\/es\/wp-json\/wp\/v2\/categories?post=7938"},{"taxonomy":"post_tag","embeddable":true,"href":"https:\/\/enolife.com.ar\/es\/wp-json\/wp\/v2\/tags?post=7938"}],"curies":[{"name":"wp","href":"https:\/\/api.w.org\/{rel}","templated":true}]}}