{"id":79332,"date":"2022-10-19T19:31:37","date_gmt":"2022-10-19T19:31:37","guid":{"rendered":"http:\/\/enolife.com.ar\/es\/?p=79332"},"modified":"2022-10-20T16:33:47","modified_gmt":"2022-10-20T16:33:47","slug":"comida-tipica-desfile-de-moda-y-musica-en-homenaje-a-los-pioneros-franceses-de-la-vitivinicultura","status":"publish","type":"post","link":"https:\/\/enolife.com.ar\/es\/comida-tipica-desfile-de-moda-y-musica-en-homenaje-a-los-pioneros-franceses-de-la-vitivinicultura\/","title":{"rendered":"Comida t\u00edpica, desfile de moda y m\u00fasica en homenaje a los pioneros franceses de la vitivinicultura"},"content":{"rendered":"\n<h4 class=\"wp-block-heading\"><em><strong>El jueves 20\/10, el Consulado de Francia en Mendoza invita a participar de una propuesta cultural y de entretenimiento, con degustaci\u00f3n de vinos y gastronom\u00eda francesa, un desfile por los 100 a\u00f1os de moda del pa\u00eds galo, shows de mimos, m\u00fasica y bailes de tango, todo en el Centro Cultural Aurora de Maip\u00fa, Mendoza. Con presencia de descendientes de los pioneros Laur, Lacoste, Giraud Billoud, Apatye, Bombal y Sillon, se recordar\u00e1 a las primeras familias francesas que se instalaron en el 1850 en esta localidad, enriqueciendo la vitivinicultura local con su \u00abuva francesa\u00bb, una mezcla de cepajes tintos oriundos de la regi\u00f3n del Medoc y el sur de Francia. Las entradas tienen un valor de $2.500 y se venden online.<\/strong><\/em><\/h4>\n\n\n\n<div style=\"height:40px\" aria-hidden=\"true\" class=\"wp-block-spacer\"><\/div>\n\n\n<a href=\"https:\/\/jmzeballos.com\/\" aria-label=\"PUBLICIDAD ENOLIFE 2023_OENO OVOID 1700 x 500\"><img loading=\"lazy\" decoding=\"async\" src=\"https:\/\/enolife.com.ar\/es\/wp-content\/uploads\/2020\/12\/PUBLICIDAD-ENOLIFE-2023_OENO-OVOID-1700-x-500.jpg\" alt=\"\"  srcset=\"https:\/\/enolife.com.ar\/es\/wp-content\/uploads\/2020\/12\/PUBLICIDAD-ENOLIFE-2023_OENO-OVOID-1700-x-500.jpg 1700w, https:\/\/enolife.com.ar\/es\/wp-content\/uploads\/2020\/12\/PUBLICIDAD-ENOLIFE-2023_OENO-OVOID-1700-x-500-300x88.jpg 300w, https:\/\/enolife.com.ar\/es\/wp-content\/uploads\/2020\/12\/PUBLICIDAD-ENOLIFE-2023_OENO-OVOID-1700-x-500-1024x301.jpg 1024w, https:\/\/enolife.com.ar\/es\/wp-content\/uploads\/2020\/12\/PUBLICIDAD-ENOLIFE-2023_OENO-OVOID-1700-x-500-768x226.jpg 768w, https:\/\/enolife.com.ar\/es\/wp-content\/uploads\/2020\/12\/PUBLICIDAD-ENOLIFE-2023_OENO-OVOID-1700-x-500-1536x452.jpg 1536w, https:\/\/enolife.com.ar\/es\/wp-content\/uploads\/2020\/12\/PUBLICIDAD-ENOLIFE-2023_OENO-OVOID-1700-x-500-1170x344.jpg 1170w, https:\/\/enolife.com.ar\/es\/wp-content\/uploads\/2020\/12\/PUBLICIDAD-ENOLIFE-2023_OENO-OVOID-1700-x-500-585x172.jpg 585w\" sizes=\"auto, (max-width: 1700px) 100vw, 1700px\" width=\"1700\" height=\"500\"   \/><\/a>\n\n\n<div style=\"height:56px\" aria-hidden=\"true\" class=\"wp-block-spacer\"><\/div>\n\n\n\n<p>El d\u00eda jueves 20 de octubre de 2022, desde las 20 hs, en el Centro Cultural Aurora (ex Bodega Furlotti), ubicado en la calle Ozamis Sur 75 de Maip\u00fa, Mendoza, el Consulado de Francia en Mendoza propone la actividad multifac\u00e9tica <strong>\u00abFrancia en Aurora\u00bb<\/strong>, para homenajear a los pioneros franceses en esas tierras, y de la cual participar\u00e1n descendientes de las familias Apatye, Giraud Billoud, Lacoste, Laur, Bombal y Sillon.<\/p>\n\n\n\n<p class=\"has-background has-very-light-gray-background-color\"><strong>Entradas: <a href=\"https:\/\/www.entradaweb.com.ar\/index.php?r=site\/detalles&amp;d=008a66af\">AQU\u00cd <\/a><\/strong><\/p>\n\n\n\n<div style=\"height:20px\" aria-hidden=\"true\" class=\"wp-block-spacer\"><\/div>\n\n\n\n<p class=\"has-medium-font-size\"><strong>Programa<\/strong> <\/p>\n\n\n\n<ul class=\"wp-block-list\"><li>Degustaci\u00f3n de vinos de bodegas de origen francesa en Maip\u00fa y servicio de gastronom\u00eda francesa.<\/li><li>\u00abEl desfile\u00bb, performance en homenaje a cien a\u00f1os de moda francesa. Directora. Pinty Saba<\/li><li>Performance: Los Poetas susurradores<\/li><li>Mimos: Pachi Paez y Maru Sananes<\/li><li>Cierra la noche: Fiesta dancing<\/li><li>Tango &#8211; Milonga a cargo de Charly Chacon y Florencia Fernandez<\/li><li>DJ: Julian Lanniaux \u2013 LeoDub<\/li><\/ul>\n\n\n\n<div style=\"height:20px\" aria-hidden=\"true\" class=\"wp-block-spacer\"><\/div>\n\n\n\n<div class=\"wp-block-image\"><figure class=\"aligncenter size-large is-resized\"><img loading=\"lazy\" decoding=\"async\" src=\"https:\/\/enolife.com.ar\/es\/wp-content\/uploads\/2022\/10\/Imagen2-3.jpg\" alt=\"\" class=\"wp-image-79425\" width=\"728\" height=\"241\" srcset=\"https:\/\/enolife.com.ar\/es\/wp-content\/uploads\/2022\/10\/Imagen2-3.jpg 1013w, https:\/\/enolife.com.ar\/es\/wp-content\/uploads\/2022\/10\/Imagen2-3-300x100.jpg 300w, https:\/\/enolife.com.ar\/es\/wp-content\/uploads\/2022\/10\/Imagen2-3-768x255.jpg 768w, https:\/\/enolife.com.ar\/es\/wp-content\/uploads\/2022\/10\/Imagen2-3-585x194.jpg 585w\" sizes=\"auto, (max-width: 728px) 100vw, 728px\" \/><\/figure><\/div>\n\n\n\n<div style=\"height:20px\" aria-hidden=\"true\" class=\"wp-block-spacer\"><\/div>\n\n\n\n<p class=\"has-medium-font-size\"><strong>El desfile, espect\u00e1culo de teatro danza en homenaje a la moda francesa<\/strong><\/p>\n\n\n\n<p>Esta actividad se realiz\u00f3 por primera vez en \u00abViv\u00ed Francia 2021\u00bb, como un homenaje a los 100 a\u00f1os de la moda francesa con la mirada de artistas mendocinos. <\/p>\n\n\n\n<p>Durante el desfile se exhibir\u00e1n modelos emblem\u00e1ticos de 13 dise\u00f1adores franceses (reversionados por dise\u00f1adores argentinos): Paul Poiret, Coc\u00f3 Chanel, Cristian Dior, Yves Saint Laurent, Elsa Schiaparelli, Pierre Cardin. Madame Gres, Madeleine Vionet, Hubert de Givenchy, Balenciaga, Courr\u00e8ges, Jean Paul Gaultier y John Galliano.<\/p>\n\n\n\n<div style=\"height:20px\" aria-hidden=\"true\" class=\"wp-block-spacer\"><\/div>\n\n\n\n<figure class=\"wp-block-image size-large\"><img loading=\"lazy\" decoding=\"async\" width=\"763\" height=\"323\" src=\"https:\/\/enolife.com.ar\/es\/wp-content\/uploads\/2022\/10\/Imagen1-7.jpg\" alt=\"\" class=\"wp-image-79423\" srcset=\"https:\/\/enolife.com.ar\/es\/wp-content\/uploads\/2022\/10\/Imagen1-7.jpg 763w, https:\/\/enolife.com.ar\/es\/wp-content\/uploads\/2022\/10\/Imagen1-7-300x127.jpg 300w, https:\/\/enolife.com.ar\/es\/wp-content\/uploads\/2022\/10\/Imagen1-7-585x248.jpg 585w\" sizes=\"auto, (max-width: 763px) 100vw, 763px\" \/><\/figure>\n\n\n\n<div style=\"height:20px\" aria-hidden=\"true\" class=\"wp-block-spacer\"><\/div>\n\n\n\n<p>Se desfilar\u00e1n dos modelos diferentes por cada dise\u00f1ador, y a partir del lenguaje del teatro, de la danza y del audiovisual, se contar\u00e1 la vida de cada uno de ellos y la raz\u00f3n de ser de sus creaciones. Participar\u00e1n 20 artistas mendocinos entre performers, core\u00f3grafos, directores de escena, vestuaristas, m\u00fasicos y cineastas.<\/p>\n\n\n\n<div style=\"height:20px\" aria-hidden=\"true\" class=\"wp-block-spacer\"><\/div>\n\n\n\n<div class=\"wp-block-image\"><figure class=\"aligncenter size-large\"><img loading=\"lazy\" decoding=\"async\" width=\"492\" height=\"322\" src=\"https:\/\/enolife.com.ar\/es\/wp-content\/uploads\/2022\/10\/aaa.jpg\" alt=\"\" class=\"wp-image-79422\" srcset=\"https:\/\/enolife.com.ar\/es\/wp-content\/uploads\/2022\/10\/aaa.jpg 492w, https:\/\/enolife.com.ar\/es\/wp-content\/uploads\/2022\/10\/aaa-300x196.jpg 300w\" sizes=\"auto, (max-width: 492px) 100vw, 492px\" \/><\/figure><\/div>\n\n\n\n<div style=\"height:20px\" aria-hidden=\"true\" class=\"wp-block-spacer\"><\/div>\n\n\n\n<p><strong>Performers<\/strong>: Augusto Pachman, Valentina Mocoroa, Camila Jardel, Lucas La Rosa, Gabriel Vazquez, Brunela Cor\u00e1tolo, Martina Lecea, Emiliana L\u00f3pez Dupertuis, Virginia Simo Carbini, Pachi ( Mimo) Paez, Marina Sananes y Rosario Carniel.<\/p>\n\n\n\n<p class=\"has-background has-very-light-gray-background-color\"><strong>Utiler\u00eda mayor y menor:<\/strong> Emir Varela y Alejo Lepes<br><strong>Dise\u00f1o gr\u00e1fico:<\/strong> Del estudio Carla Guglielmetti<br><strong>Dise\u00f1o y realizaci\u00f3n de vestuarios:<\/strong> Victoria Fornoni<br><strong>Confecci\u00f3n de vestuarios:<\/strong> Rebeca Sparza<br><strong>Core\u00f3grafos<\/strong>: Charly Chac\u00f3n y Rub\u00e9n Villegas &#8211; <strong>Coreograf\u00eda<\/strong>: Luisa Ginevro<br><strong>Fotograf\u00eda<\/strong>: Mar\u00eda Jos\u00e9 Navarro Sard\u00e1<br><strong>Iluminaci\u00f3n<\/strong>: Gerardo Burk y Lupa estudios<br><strong>Compaginaci\u00f3n audiovisual:<\/strong> Friky Studio<br><strong>Producci\u00f3n ejecutiva:<\/strong> Gabriel Ortuvia<br><strong>Asistencia de Direcci\u00f3n:<\/strong> Diego Flores, Luisa Ginevro<br><strong>Idea y direcci\u00f3n general: <\/strong>Pinty Saba<br><strong>Producci\u00f3n<\/strong>: Teatro Las Sillas y Alianza Francesa de Mendoza<br><strong>Auspicia<\/strong>: Consulado de Francia en Mendoza<\/p>\n\n\n\n<div style=\"height:20px\" aria-hidden=\"true\" class=\"wp-block-spacer\"><\/div>\n\n\n\n<p class=\"has-medium-font-size\"><strong>El rol de los inmigrantes franceses en el desarrollo de Lunlunta: \u00c1ngel A. Mendoza<\/strong><\/p>\n\n\n\n<p>El siguiente texto que se transcribe es autor\u00eda de Don \u00c1ngel Antonio Mendoza, el maestro en\u00f3logo recibido de Don Bosco hace m\u00e1s de 50 a\u00f1os que despu\u00e9s de trabajar, aprender y ense\u00f1ar durante 25 a\u00f1os en la Bodega Trapiche, mont\u00f3 su propia bodega con el apoyo de su mujer y sus hijos \u00abDomain St. Diego\u00bb, su terru\u00f1o en el mundo, en Lunlunta, Maip\u00fa. <\/p>\n\n\n\n<div style=\"height:20px\" aria-hidden=\"true\" class=\"wp-block-spacer\"><\/div>\n\n\n\n<div class=\"wp-block-image\"><figure class=\"aligncenter size-large is-resized\"><img loading=\"lazy\" decoding=\"async\" src=\"https:\/\/enolife.com.ar\/es\/wp-content\/uploads\/2022\/10\/angel-mendoza.jpg\" alt=\"\" class=\"wp-image-79431\" width=\"542\" height=\"354\" srcset=\"https:\/\/enolife.com.ar\/es\/wp-content\/uploads\/2022\/10\/angel-mendoza.jpg 620w, https:\/\/enolife.com.ar\/es\/wp-content\/uploads\/2022\/10\/angel-mendoza-300x196.jpg 300w, https:\/\/enolife.com.ar\/es\/wp-content\/uploads\/2022\/10\/angel-mendoza-585x383.jpg 585w\" sizes=\"auto, (max-width: 542px) 100vw, 542px\" \/><figcaption><strong><em>Don \u00c1ngel Antonio Mendoza en su finca de Lunlunta<\/em><\/strong><\/figcaption><\/figure><\/div>\n\n\n\n<div style=\"height:20px\" aria-hidden=\"true\" class=\"wp-block-spacer\"><\/div>\n\n\n\n<p><em>\u201cMaip\u00fa es un privilegiado terru\u00f1o vin\u00edcola y oliv\u00edcola tierra de huarpes e inmigrantes mediterr\u00e1neos. Donde el vino y el aceite de oliva revelan su esp\u00edritu singular. Sobre todo en el distrito sure\u00f1o del departamento de Maip\u00fa, Mendoza. Un accidente geogr\u00e1fico de millones de a\u00f1os divide este distrito en Altos de Lunlunta y Bajos de Lunlunta. Tierra de huarpes colonizada por la iglesia cat\u00f3lica e inmigrantes franceses, italianos y espa\u00f1oles a partir de 1850, la aristocracia mendocina, (gobernadores, ministros, intelectuales) eligieron estos lugares para sus quintas de fin de semana y vacaciones. Las primeras vi\u00f1as de 1850, fueron plantadas por inmigrantes franceses (Giraud Billoud; Lacoste, Gei Berra, Apatye, Sicre, Gay, Salmau, Del Pierre, Clement, Laur, antiguas familias asentadas en el valle) e italianos (Tuzzi, Scatolon, Costarelli, Pedratti, Pravatta, Coletto).<\/em><\/p>\n\n\n\n<p>\u00ab<em>En la regi\u00f3n, se difundi\u00f3, por \u00abraz\u00f3n de aquellos tiempos\u00bb, la denominada \u00abuva francesa\u00bb, una mezcla de cepajes tintos oriundos del Medoc y sur de Francia: malbec (antes se escrib\u00eda como malbeck), tannat, verdot, semillon (uva blanca mezclada entre las tintas), aspirant bouchet, cot (cot vert y cot rouge). Este grupo de variedades francesas permiti\u00f3 distinguir dos tipos diferentes de vinos de la \u00e9poca, los criollos coloniales, de baja calidad enol\u00f3gica, y el saludable tinto franc\u00e9s que acompa\u00f1\u00f3 el crecimiento de la rep\u00fablica durante todo el siglo XX. <\/em><\/p>\n\n\n\n<p>\u00ab<em>Recordemos que el departamento de Maip\u00fa, en Mendoza, concentr\u00f3 la mayor producci\u00f3n de uva tinta del pa\u00eds y de Am\u00e9rica. Las primeras estacas de estas plantas fueron introducidas por el profesor y vigneron franc\u00e9s Miguel Pouget, en 1853. La mayor\u00eda de los vi\u00f1edos centenarios y prefilox\u00e9ricos de Lunlunta (minifundios), se encuentran consociados con vistosos olivares, seg\u00fan una vieja costumbre mediterr\u00e1nea que identifica un estilo de vida instalado por los primeros inmigrantes. Su aceite de oliva extra virgen es uno de los mejores del mundo. Posee notables olivos centenarios de criolla o arauco. A\u00fan se aprecian vi\u00f1edos bajos manejados con viticultura ancestral o arcaica.\u201d<\/em><\/p>\n\n\n\n<div style=\"height:44px\" aria-hidden=\"true\" class=\"wp-block-spacer\"><\/div>\n","protected":false},"excerpt":{"rendered":"<p>El jueves 20\/10, el Consulado de Francia en Mendoza invita a participar de una propuesta&hellip;<\/p>\n","protected":false},"author":3,"featured_media":79428,"comment_status":"open","ping_status":"open","sticky":false,"template":"","format":"standard","meta":{"footnotes":""},"categories":[47],"tags":[],"class_list":["post-79332","post","type-post","status-publish","format-standard","has-post-thumbnail","hentry","category-agenda"],"_links":{"self":[{"href":"https:\/\/enolife.com.ar\/es\/wp-json\/wp\/v2\/posts\/79332","targetHints":{"allow":["GET"]}}],"collection":[{"href":"https:\/\/enolife.com.ar\/es\/wp-json\/wp\/v2\/posts"}],"about":[{"href":"https:\/\/enolife.com.ar\/es\/wp-json\/wp\/v2\/types\/post"}],"author":[{"embeddable":true,"href":"https:\/\/enolife.com.ar\/es\/wp-json\/wp\/v2\/users\/3"}],"replies":[{"embeddable":true,"href":"https:\/\/enolife.com.ar\/es\/wp-json\/wp\/v2\/comments?post=79332"}],"version-history":[{"count":0,"href":"https:\/\/enolife.com.ar\/es\/wp-json\/wp\/v2\/posts\/79332\/revisions"}],"wp:featuredmedia":[{"embeddable":true,"href":"https:\/\/enolife.com.ar\/es\/wp-json\/wp\/v2\/media\/79428"}],"wp:attachment":[{"href":"https:\/\/enolife.com.ar\/es\/wp-json\/wp\/v2\/media?parent=79332"}],"wp:term":[{"taxonomy":"category","embeddable":true,"href":"https:\/\/enolife.com.ar\/es\/wp-json\/wp\/v2\/categories?post=79332"},{"taxonomy":"post_tag","embeddable":true,"href":"https:\/\/enolife.com.ar\/es\/wp-json\/wp\/v2\/tags?post=79332"}],"curies":[{"name":"wp","href":"https:\/\/api.w.org\/{rel}","templated":true}]}}