{"id":7910,"date":"2020-02-18T02:39:21","date_gmt":"2020-02-18T02:39:21","guid":{"rendered":"http:\/\/enolife.com.ar\/es\/?p=7910"},"modified":"2020-02-19T18:48:49","modified_gmt":"2020-02-19T18:48:49","slug":"la-federacion-economica-de-mendoza-apoya-a-la-coviar-y-su-nueva-conduccion","status":"publish","type":"post","link":"https:\/\/enolife.com.ar\/es\/la-federacion-economica-de-mendoza-apoya-a-la-coviar-y-su-nueva-conduccion\/","title":{"rendered":"La Federaci\u00f3n Econ\u00f3mica de Mendoza apoya a la Coviar y su nueva conducci\u00f3n"},"content":{"rendered":"\n<h4 class=\"wp-block-heading\"><em><strong>Luego de las fuertes cr\u00edticas y la renuncia a la Coviar de Bodegas de Argentina, el Centro de Vi\u00f1ateros y Bodegueros del Este y otras agrupaciones de varias provincias vitivin\u00edcolas, la FEM emiti\u00f3 un comunicado respaldando p\u00fablicamente la \u00abinstitucionalidad en la vitivinicultura\u00bb. Piden \u00abmantener el di\u00e1logo como m\u00e9todo de resoluci\u00f3n de las diferencias\u00bb. <\/strong><\/em><\/h4>\n\n\n\n<div style=\"height:20px\" aria-hidden=\"true\" class=\"wp-block-spacer\"><\/div>\n\n\n\n<p>Bodegas de Argentina y sus instituciones aliadas patearon el tablero al anunciar su retiro de la Corporaci\u00f3n Vitivin\u00edcola Argentina, tras acusar al ente p\u00fablico-privado de haber fracasado en la misi\u00f3n de recuperar la vitivinicultura -objetivo para el cual la Coviar fue creada por una ley nacional a fines de 2003. La renuncia caus\u00f3 un terremoto pol\u00edtico y hoy en el planeta vino de Mendoza todo el mundo habla de ello, tanto la prensa especializada como los empresarios que tienen puesto su coraz\u00f3n -y sus intereses econ\u00f3micos- de un lado o de otro.<\/p>\n\n\n\n<p>Tras el pico de tensi\u00f3n entre Bodegas y la Coviar, distintos organismos han salido a apoyar la postura de uno y otro. Uno de los primeros en fijar posici\u00f3n ha sido la Federaci\u00f3n Econ\u00f3mica de Mendoza (FEM) -una organizaci\u00f3n gremial empresaria creada en 1953 y hoy presidida por Alberto Carleti-, con un comunicado que a continuaci\u00f3n transcribimos:<\/p>\n\n\n\n<div style=\"height:20px\" aria-hidden=\"true\" class=\"wp-block-spacer\"><\/div>\n\n\n\n<p class=\"has-medium-font-size\"><strong>La FEM respalda a la Coviar<\/strong><\/p>\n\n\n\n<p>\u00abAnte los acontecimientos que son de dominio p\u00fablico, la Federaci\u00f3n Econ\u00f3mica de Mendoza expresa su apoyo a la Corporaci\u00f3n Vitivin\u00edcola Argentina (COVIAR) y a sus autoridades recientemente electas.<\/p>\n\n\n\n<p>\u00abDesde la FEM respaldamos en forma categ\u00f3rica la institucionalidad en la vitivinicultura. Este es el \u00e1mbito para deliberar las estrategias que deben adoptarse para el desarrollo y progreso de dicha actividad.<\/p>\n\n\n\n<p>\u00abTambi\u00e9n queremos recordar que estamos por transitar por uno de los eventos m\u00e1s importantes para Mendoza y el pa\u00eds, por lo que es imprescindible mantener el di\u00e1logo como m\u00e9todo de resoluci\u00f3n de las diferencias.<\/p>\n\n\n\n<p>\u00abEs por ello que solicitamos a las partes a abrir los canales de comunicaci\u00f3n para llegar, de ser viable, a un entendimiento. Desde la FEM queremos expresar que estamos dispuestos a colaborar para que ello sea posible.\u00bb<\/p>\n\n\n\n<div style=\"height:20px\" aria-hidden=\"true\" class=\"wp-block-spacer\"><\/div>\n\n\n\n<p><strong>Federaci\u00f3n Econ\u00f3mica de Mendoza<\/strong><\/p>\n","protected":false},"excerpt":{"rendered":"<p>Luego de las fuertes cr\u00edticas y la renuncia a la Coviar de Bodegas de Argentina,&hellip;<\/p>\n","protected":false},"author":3,"featured_media":7915,"comment_status":"open","ping_status":"open","sticky":false,"template":"","format":"standard","meta":{"footnotes":""},"categories":[14],"tags":[],"class_list":["post-7910","post","type-post","status-publish","format-standard","has-post-thumbnail","hentry","category-news"],"_links":{"self":[{"href":"https:\/\/enolife.com.ar\/es\/wp-json\/wp\/v2\/posts\/7910","targetHints":{"allow":["GET"]}}],"collection":[{"href":"https:\/\/enolife.com.ar\/es\/wp-json\/wp\/v2\/posts"}],"about":[{"href":"https:\/\/enolife.com.ar\/es\/wp-json\/wp\/v2\/types\/post"}],"author":[{"embeddable":true,"href":"https:\/\/enolife.com.ar\/es\/wp-json\/wp\/v2\/users\/3"}],"replies":[{"embeddable":true,"href":"https:\/\/enolife.com.ar\/es\/wp-json\/wp\/v2\/comments?post=7910"}],"version-history":[{"count":0,"href":"https:\/\/enolife.com.ar\/es\/wp-json\/wp\/v2\/posts\/7910\/revisions"}],"wp:featuredmedia":[{"embeddable":true,"href":"https:\/\/enolife.com.ar\/es\/wp-json\/wp\/v2\/media\/7915"}],"wp:attachment":[{"href":"https:\/\/enolife.com.ar\/es\/wp-json\/wp\/v2\/media?parent=7910"}],"wp:term":[{"taxonomy":"category","embeddable":true,"href":"https:\/\/enolife.com.ar\/es\/wp-json\/wp\/v2\/categories?post=7910"},{"taxonomy":"post_tag","embeddable":true,"href":"https:\/\/enolife.com.ar\/es\/wp-json\/wp\/v2\/tags?post=7910"}],"curies":[{"name":"wp","href":"https:\/\/api.w.org\/{rel}","templated":true}]}}