{"id":7907,"date":"2020-02-19T00:32:09","date_gmt":"2020-02-19T00:32:09","guid":{"rendered":"http:\/\/enolife.com.ar\/es\/?p=7907"},"modified":"2020-02-20T12:09:21","modified_gmt":"2020-02-20T12:09:21","slug":"la-virgen-de-la-carrodilla-ya-peregrina-en-los-vinedos","status":"publish","type":"post","link":"https:\/\/enolife.com.ar\/es\/la-virgen-de-la-carrodilla-ya-peregrina-en-los-vinedos\/","title":{"rendered":"La Virgen de la Carrodilla ya peregrina en los vi\u00f1edos"},"content":{"rendered":"\n<h4 class=\"wp-block-heading\"><em><strong>Desd el 18 de febrero, la imagen de la Patrona de las vi\u00f1as y los trabajadores del vino recorre bodegas, fincas, f\u00e1bricas, iglesias y distintos puntos de la provincia vinculados a la actividad vitivin\u00edcola. De la mano del padre Francisco Bernardi, titular de la Pastoral de Turismo de la Iglesia Cat\u00f3lica, este a\u00f1o la Virgen pasar\u00e1 por Maip\u00fa y culminar\u00e1 en San Mart\u00edn, donde se realizar\u00e1 la Bendici\u00f3n de los Frutos el s\u00e1bado 29 de febrero.<\/strong><\/em><\/h4>\n\n\n\n<div style=\"height:20px\" aria-hidden=\"true\" class=\"wp-block-spacer\"><\/div>\n\n\n\n<p>Como cada a\u00f1o, al empezar una nueva cosecha, la imagen de la Virgen de la Carrodilla peregrina por los vi\u00f1edos. Esta suerte de procesi\u00f3n mezclada con turismo cultural y enoturismo tiene como objetivo que la Virgen se encuentre con sus fieles y quienes crean en ella sientan su bendici\u00f3n sobre sus familias y trabajos, sus preocupaciones y esperanzas, durante las semanas previas a la Fiesta Nacional de la Vendimia.<\/p>\n\n\n\n<p>El 13 de febrero de 1938, la Virgen de la Carrodilla fue declarada por la Iglesia y el Gobierno de Mendoza como \u00abPatrona de los Vi\u00f1edos de Mendoza\u00bb. Desde entonces, su imagen preside la Bendici\u00f3n de los Frutos, el acto que da inicio a la Fiesta Nacional de la Vendimia.<\/p>\n\n\n\n<p>En Mendoza, el origen de la tradici\u00f3n se remonta a finales del siglo XVIII, cuando Antonio Solanilla, inmigrante aragon\u00e9s, oriundo de Estadilla, lleg\u00f3 a Mendoza.<\/p>\n\n\n\n<p>Estadilla es un pueblo de Arag\u00f3n, en  la provincia de Huesca, donde, cuenta la leyenda, la Virgen Mar\u00eda con el ni\u00f1o Jes\u00fas en brazos hizo su aparici\u00f3n a dos mineros que se encontraban trabajando. La Virgen mostraba un ramo de uva en su mano izquierda, representando la abundancia. Despu\u00e9s de la aparici\u00f3n, los mineros hallaron una veta de metal que les permiti\u00f3 salir de la pobreza.&nbsp;<\/p>\n\n\n\n<p>De esta manera, la fe creci\u00f3 entre los habitantes de Estadilla y declararon a esta advocaci\u00f3n como \u00abPatrona de la Carrodilla\u00bb, protectora de las tormentas. El nombre de \u00abCarrodilla\u00bb deriva de \u00abcarrocilla\u00bb o carro, en referencia a esta tradici\u00f3n.<\/p>\n\n\n\n<p>Cuando Antonio Solanilla se traslad\u00f3 a Mendoza, llevaba consigo una imagen de la Virgen e hizo construir una capilla junto a la casona donde viv\u00eda, en el l\u00edmite entre Godoy Cruz de&nbsp;Luj\u00e1n de Cuyo. Siendo Mendoza la provincia tierra del vino, la virgencita con su racimo de uva en la mano se hizo popular enseguida. <\/p>\n\n\n\n<p>Venerada en ambos pueblos -Mendoza y Estudillo- esta Virgen tiene  una relevancia especial, siendo el centro de las Fiestas de la Vendimia, de gran difusi\u00f3n nacional. <\/p>\n\n\n\n<p>La Virgen de la Carrodilla est\u00e1 presente en ermitas, santuarios y capellas de muchas bodegas de Maip\u00fa y Luj\u00e1n, e incluso hay un vino comercializado con su nombre. En Mendoza existe tambi\u00e9n el Calvario de la Carrodilla, declarado de inter\u00e9s tur\u00edstico. <\/p>\n\n\n\n<div style=\"height:90px\" aria-hidden=\"true\" class=\"wp-block-spacer\"><\/div>\n\n\n\n<figure class=\"wp-block-embed-youtube aligncenter wp-block-embed is-type-video is-provider-youtube wp-embed-aspect-16-9 wp-has-aspect-ratio\"><div class=\"wp-block-embed__wrapper\">\n<iframe loading=\"lazy\" title=\"Virgen de la Carrodilla (con letra)Los trovadores de cuyo\" width=\"1170\" height=\"658\" src=\"https:\/\/www.youtube.com\/embed\/AgFmoA3f73E?feature=oembed\" frameborder=\"0\" allow=\"accelerometer; autoplay; encrypted-media; gyroscope; picture-in-picture\" allowfullscreen><\/iframe>\n<\/div><figcaption><strong><em>Tradicional \u00abhimno\u00bb a la Virgen de la Carrodilla\u00bb por  Los Trovadores de Cuyo<\/em><\/strong><\/figcaption><\/figure>\n\n\n\n<div style=\"height:31px\" aria-hidden=\"true\" class=\"wp-block-spacer\"><\/div>\n\n\n\n<p>En la ruta 15, donde comienza Luj\u00e1n de Cuyo, Mendoza, se encuentra la Iglesia de la \u201cVirgen de la Carrodilla\u201d, monumento nacional que est\u00e1 dedicado a la Patrona de los Vi\u00f1edos.<\/p>\n\n\n\n<p>En su museo se exhiben im\u00e1genes religiosas de un alto valor hist\u00f3rico y cultural. Estas tallas realizadas por los indios huarpes datan de los siglos XVII y XVIII, lienzos pintados de origen cuzque\u00f1o de 1750 y libros del siglo XVII, entre otras piezas notables.<\/p>\n\n\n\n<p>Es relevante la presencia de la casa que perteneci\u00f3 a los Solanilla, familia tradicional dedicada a la agricultura. Dicha casona fue construida en el a\u00f1o 1845 y en ella se albergaron las primeras monjas dominicas que llegaron a la provincia de Mendoza.<\/p>\n\n\n\n<div style=\"height:20px\" aria-hidden=\"true\" class=\"wp-block-spacer\"><\/div>\n\n\n\n<figure class=\"wp-block-image\"><img loading=\"lazy\" decoding=\"async\" width=\"1024\" height=\"768\" src=\"https:\/\/enolife.com.ar\/es\/wp-content\/uploads\/2020\/02\/77172809.jpg\" alt=\"\" class=\"wp-image-8022\" srcset=\"https:\/\/enolife.com.ar\/es\/wp-content\/uploads\/2020\/02\/77172809.jpg 1024w, https:\/\/enolife.com.ar\/es\/wp-content\/uploads\/2020\/02\/77172809-300x225.jpg 300w, https:\/\/enolife.com.ar\/es\/wp-content\/uploads\/2020\/02\/77172809-768x576.jpg 768w, https:\/\/enolife.com.ar\/es\/wp-content\/uploads\/2020\/02\/77172809-585x439.jpg 585w\" sizes=\"auto, (max-width: 1024px) 100vw, 1024px\" \/><figcaption><strong><em>Casa de Antonio Solanilla, en Luj\u00e1n.<\/em><\/strong><\/figcaption><\/figure>\n\n\n\n<div style=\"height:20px\" aria-hidden=\"true\" class=\"wp-block-spacer\"><\/div>\n\n\n\n<p>La riqueza cultural de este sitio permite hacer una lectura de usos y costumbres de los mendocinos entre los siglos XVIII Y XX.<\/p>\n\n\n\n<div style=\"height:20px\" aria-hidden=\"true\" class=\"wp-block-spacer\"><\/div>\n\n\n\n<p class=\"has-medium-font-size\"><strong>Bendici\u00f3n de los frutos, la veneraci\u00f3n a la Virgen de la Carrodilla<\/strong><\/p>\n\n\n\n<div style=\"height:20px\" aria-hidden=\"true\" class=\"wp-block-spacer\"><\/div>\n\n\n\n<p>La&nbsp;<strong>Bendici\u00f3n de los Frutos,<\/strong>&nbsp;el acto lit\u00fargico que abre paso al calendario vendimial, es el que venera a la Patrona de los vi\u00f1edos. En esta ceremonia se agradecen las cosechas del a\u00f1o y se bendicen, para proteger de la piedra, el granizo y las plagas a los pr\u00f3ximos cultivos.<\/p>\n\n\n\n<div style=\"height:20px\" aria-hidden=\"true\" class=\"wp-block-spacer\"><\/div>\n\n\n\n<div class=\"wp-block-image\"><figure class=\"alignleft is-resized\"><img loading=\"lazy\" decoding=\"async\" src=\"https:\/\/lh3.googleusercontent.com\/proxy\/aTbMEdqvnMWaBCBwJVI1XB1-YtZJKw-NZZusRH2tNb1CRs3yqdGAJW_MdECRgtQFdgNqKsSb3tBsUzpUBrTavQtjDxmow41HI6qPu9OrWDTSz49of3AvVXnC5Pp-5sCueKWBF418nDA\" alt=\"Resultado de imagen para virgen de la carrodilla\" width=\"157\" height=\"251\"\/><\/figure><\/div>\n\n\n\n<p>La Pastoral de Turismo del Arzobispado de Mendoza es la encargada de organizar la peregrinaci\u00f3n. Perteneciente a la Comisi\u00f3n Episcopal para la Pastoral de los Migrantes e Itinerantes, la pastoral nace el 20 de agosto de 1984  queriendo dar una respuesta responsable como comunidad cristiana, como agentes, usuarios o profesionales del \u00e1mbito tur\u00edstico, al documento \u201cPeregrinans in Terra\u201d, emitido por la Iglesia, luego del Concilio Vaticano II, y ofrecer un servicio a la Comisi\u00f3n Episcopal.<br><br>A\u00f1os m\u00e1s tarde, la Secretaria fue asumida por la Comisi\u00f3n Episcopal de Migraciones y Turismo.<\/p>\n\n\n\n<div style=\"height:20px\" aria-hidden=\"true\" class=\"wp-block-spacer\"><\/div>\n\n\n\n<p class=\"has-medium-font-size\"><strong>Cronograma Peregrinaci\u00f3n Virgen de la Carrodilla<\/strong><\/p>\n\n\n\n<div style=\"height:20px\" aria-hidden=\"true\" class=\"wp-block-spacer\"><\/div>\n\n\n\n<p><strong><em>En Maip\u00fa<\/em><\/strong><\/p>\n\n\n\n<p><strong>Mi\u00e9rcoles&nbsp; 19<\/strong><\/p>\n\n\n\n<ul class=\"wp-block-list\"><li>10.00 hs: Oliv\u00edcola Laur<\/li><li>11.00 hs: Casa Vigil<\/li><li>12.00 hs: Bodega 1870 Esencia<\/li><li>13.00 hs: Colonia El Zorzal<\/li><li>14.00 hs: Bodega Vi\u00f1a el Cerno<\/li><li>15.00 hs: Bodega Trapiche<\/li><li>16.00 hs: Parroquia Inmaculada Coraz\u00f3n de Mar\u00eda<\/li><li>17.00 hs: Obra Don Bosco<\/li><\/ul>\n\n\n\n<p><strong>Jueves 20<\/strong><\/p>\n\n\n\n<ul class=\"wp-block-list\"><li>10.00 hs: Bodega Iudica<\/li><li>11.00 hs: Bodega Mi Terru\u00f1o<\/li><li>12.00 hs: Iglesia de San Roque<\/li><li>Llegada de la Virgen a San Mart\u00edn <\/li><\/ul>\n","protected":false},"excerpt":{"rendered":"<p>Desd el 18 de febrero, la imagen de la Patrona de las vi\u00f1as y los&hellip;<\/p>\n","protected":false},"author":3,"featured_media":8023,"comment_status":"open","ping_status":"open","sticky":false,"template":"","format":"standard","meta":{"footnotes":""},"categories":[34],"tags":[],"class_list":["post-7907","post","type-post","status-publish","format-standard","has-post-thumbnail","hentry","category-cultura1"],"_links":{"self":[{"href":"https:\/\/enolife.com.ar\/es\/wp-json\/wp\/v2\/posts\/7907","targetHints":{"allow":["GET"]}}],"collection":[{"href":"https:\/\/enolife.com.ar\/es\/wp-json\/wp\/v2\/posts"}],"about":[{"href":"https:\/\/enolife.com.ar\/es\/wp-json\/wp\/v2\/types\/post"}],"author":[{"embeddable":true,"href":"https:\/\/enolife.com.ar\/es\/wp-json\/wp\/v2\/users\/3"}],"replies":[{"embeddable":true,"href":"https:\/\/enolife.com.ar\/es\/wp-json\/wp\/v2\/comments?post=7907"}],"version-history":[{"count":0,"href":"https:\/\/enolife.com.ar\/es\/wp-json\/wp\/v2\/posts\/7907\/revisions"}],"wp:featuredmedia":[{"embeddable":true,"href":"https:\/\/enolife.com.ar\/es\/wp-json\/wp\/v2\/media\/8023"}],"wp:attachment":[{"href":"https:\/\/enolife.com.ar\/es\/wp-json\/wp\/v2\/media?parent=7907"}],"wp:term":[{"taxonomy":"category","embeddable":true,"href":"https:\/\/enolife.com.ar\/es\/wp-json\/wp\/v2\/categories?post=7907"},{"taxonomy":"post_tag","embeddable":true,"href":"https:\/\/enolife.com.ar\/es\/wp-json\/wp\/v2\/tags?post=7907"}],"curies":[{"name":"wp","href":"https:\/\/api.w.org\/{rel}","templated":true}]}}