{"id":78911,"date":"2022-10-09T09:54:14","date_gmt":"2022-10-09T09:54:14","guid":{"rendered":"http:\/\/enolife.com.ar\/es\/?p=78911"},"modified":"2022-10-13T21:39:31","modified_gmt":"2022-10-13T21:39:31","slug":"acovi-advierte-que-la-sequia-y-subas-del-costo-de-la-energia-dificultaran-la-produccion-de-vino-en-2023","status":"publish","type":"post","link":"https:\/\/enolife.com.ar\/es\/acovi-advierte-que-la-sequia-y-subas-del-costo-de-la-energia-dificultaran-la-produccion-de-vino-en-2023\/","title":{"rendered":"Acovi advierte que la sequ\u00eda y subas del costo de la energ\u00eda dificultar\u00e1n la producci\u00f3n de vino en 2023"},"content":{"rendered":"\n<h4 class=\"wp-block-heading\"><em><strong>La Asociaci\u00f3n de Cooperativas Vitivin\u00edcolas (Acovi) emiti\u00f3 a principios de octubre \u00faltimo un comunicado en el que alerta a los productores vitivin\u00edcolas de Mendoza sobre las complicaciones que traer\u00e1 el aumento previsto de las tarifas de riego agr\u00edcola durante la presente temporada 2022-2023, suba que podr\u00eda superar el 134% si el Estado nacional suspende totalmente los subsidios actuales. A la vez, propone una serie de medidas para atenuar el impacto del problema, tal como la creaci\u00f3n de parques fotovoltaicos para generar m\u00e1s energ\u00eda solar, mayor control estatal y privado de la eficiencia h\u00eddrica y energ\u00e9tica, y la aplicaci\u00f3n de una tarifa nacional diferencial reducida para las provincias de Mendoza y La Rioja. A continuaci\u00f3n, transcribimos el comunicado completo, elaborado en base al an\u00e1lisis del Observatorio Vitivin\u00edcola Argentino (OVA), al que acompa\u00f1an apreciaciones del gerente de Acovi, Nicol\u00e1s Vicchi.<\/strong><\/em><\/h4>\n\n\n\n<div style=\"height:76px\" aria-hidden=\"true\" class=\"wp-block-spacer\"><\/div>\n\n\n\n\n\n<div style=\"height:53px\" aria-hidden=\"true\" class=\"wp-block-spacer\"><\/div>\n\n\n\n<p>\u00ab<strong>Mendoza<\/strong> vive una de las crisis h\u00eddricas m\u00e1s importante de las \u00faltimas d\u00e9cadas.&nbsp;Seg\u00fan el <strong>Departamento General de Irrigaci\u00f3n<\/strong>,&nbsp;las cuencas de los r\u00edos <strong>Atuel<\/strong>, <strong>Diamante<\/strong> y <strong>Malarg\u00fce<\/strong> atraviesan una sequ\u00eda hidrol\u00f3gica severa; la cuenca del r\u00edo <strong>Mendoza<\/strong> est\u00e1 pasando por una sequ\u00eda hidrol\u00f3gica moderada y la cuenca del r\u00edo <strong>Tunuy\u00e1n<\/strong> presenta una sequ\u00eda hidrol\u00f3gica extrema. A estos panoramas se le agrega la baja disponibilidad h\u00eddrica para el riego agr\u00edcola por la priorizaci\u00f3n del consumo residencial, la falta de oferta, inversiones e ineficiencia en la distribuci\u00f3n; y como si esto fuera poco, el consumo de energ\u00eda para pozo de riego se incrementa. &nbsp;&nbsp;<\/p>\n\n\n\n<p>\u00abEl productor vit\u00edcola enfrentar\u00e1 una campa\u00f1a de regad\u00edo que viene con la advertencia de Irrigaci\u00f3n como una de las m\u00e1s duras de la historia. Esto incrementa el uso de energ\u00eda para pozo con el objeto de cubrir los requerimientos de riego<strong>.<\/strong>&nbsp;La pr\u00f3xima temporada enfrenta a los productores en una situaci\u00f3n cr\u00edtica. Es necesario una acci\u00f3n urgente para suspender la aplicaci\u00f3n de la quita del subsidio nacional a un sector en emergencia h\u00eddrica por la sequ\u00eda.<\/p>\n\n\n\n<p>\u00ab<strong>Nicol\u00e1s Vicchi<\/strong>, gerente de Acovi, coment\u00f3: <em>&#8216;Es<strong> <\/strong>fundamental contar con la disponibilidad del recurso suficiente para garantizar la producci\u00f3n en la pr\u00f3xima temporada de cosecha, sumando la necesidad de realizar un combate contra el riesgo de heladas.&nbsp;La situaci\u00f3n de sequ\u00eda declarada por el propio gobierno va a poner al productor de cara a una de los peores ciclos de riego agr\u00edcola&#8217;.<\/em><\/p>\n\n\n\n<p>\u00abEl impacto de la reducci\u00f3n del subsidio energ\u00e9tico nacional, que en un primer momento era residencial pero que intempestivamente se aplic\u00f3 al sector productivo, se suma a los ajustes y actualizaci\u00f3n semestral del <strong>Valor Agregado de Distribuci\u00f3n (VAD)<\/strong> provincial. Seg\u00fan los c\u00e1lculos del&nbsp;<strong>Observatorio Vitivin\u00edcola Argentino<\/strong> de la <strong>Asociaci\u00f3n de Cooperativas Vitivin\u00edcolas (Acovi)<\/strong>, el ciclo de riego agr\u00edcola 2022\/2023 tendr\u00e1 un impacto del <strong>134% de aumento<\/strong>, y si la quita de subsidios se acelera seg\u00fan lo previsto puede llegar a duplicar los costos.<\/p>\n\n\n\n<div style=\"height:20px\" aria-hidden=\"true\" class=\"wp-block-spacer\"><\/div>\n\n\n\n<div class=\"wp-block-image\"><figure class=\"aligncenter is-resized\"><a href=\"https:\/\/acovi.com.ar\/wp-content\/uploads\/2022\/10\/riegoagricola.png\" data-rel=\"penci-gallery-image-content\" ><img loading=\"lazy\" decoding=\"async\" src=\"https:\/\/acovi.com.ar\/wp-content\/uploads\/2022\/10\/riegoagricola.png\" alt=\"\" class=\"wp-image-1009581\" width=\"549\" height=\"319\"\/><\/a><figcaption><strong><em>Fuente: Observatorio ACOVI<\/em><\/strong><\/figcaption><\/figure><\/div>\n\n\n\n<div style=\"height:20px\" aria-hidden=\"true\" class=\"wp-block-spacer\"><\/div>\n\n\n\n<p>\u00abLa recuperaci\u00f3n del precio del vino se ve frenada por los incrementos de costos en la producci\u00f3n que restan competitividad a un sector agroexportador con gran efecto multiplicador en la generaci\u00f3n de valor agregado y empleo; ahora adicionalmente se le suma el impacto energ\u00e9tico. Adem\u00e1s, el productor se ve imposibilitado en trasladar los aumentos de costos que va sufriendo.<\/p>\n\n\n\n<p>\u00abDesde&nbsp;Acovi&nbsp;se viene insistiendo, como defensor del usuario de riego agr\u00edcola ante las audiencias del&nbsp;<strong>Ente Provincial Regulador El\u00e9ctrico (EPRE)<\/strong>, con una serie de<strong>&nbsp;<\/strong>propuestas:<\/p>\n\n\n\n<ul class=\"wp-block-list\"><li>Articular pol\u00edticas p\u00fablicas abordando de forma conjunta la eficiencia h\u00eddrica y energ\u00e9tica.<\/li><li>Potenciar l\u00edneas disponibles y desarrollar estudios t\u00e9cnicos de factibilidad entre EMESA y EPRE (parques fotovoltaicos) para potenciar inversiones en econom\u00edas de escala con las inspecciones de cauce y usuarios de riego agr\u00edcola.<\/li><li>Inversi\u00f3n P\u00fablica en construcci\u00f3n de reservorios de agua. Cambio de paradigma: pasar de un sistema de riego \u00abde oferta\u00bb a \u00abdemanda\u00bb con la posibilidad de reforzar la dotaci\u00f3n mediante el uso de perforaciones en cabecera de hijuela a cargo de las inspecciones de cauce.<\/li><li>Incrementar el presupuesto al subsidio de riego agr\u00edcola en funci\u00f3n de los aumentos tarifarios, teniendo en cuenta la mayor demanda que ser\u00e1 necesaria por la sequ\u00eda.<\/li><li>Modificar los tiempos de actualizaci\u00f3n del VAD para que no impacte en los momentos de m\u00e1s demanda en riego agr\u00edcola y tambi\u00e9n en el per\u00edodo de elaboraci\u00f3n.<\/li><li>Eliminaci\u00f3n del alumbrado p\u00fablico para el sector productivo por doble imposici\u00f3n al pagarlo tambi\u00e9n como usuario residencial.<\/li><li>Fuerte campa\u00f1a de difusi\u00f3n del sistema de estabilizaci\u00f3n de la factura el\u00e9ctrica por consumo estacional para riego agr\u00edcola y elaboraci\u00f3n.<\/li><li>Reactivar un proyecto de ley nacional que se present\u00f3 en el Congreso durante 2016 que busca lograr una tarifa diferencial nacional al riego agr\u00edcola de las provincias de La Rioja y Mendoza.<\/li><\/ul>\n\n\n\n<p>\u00abLa econom\u00eda nacional enfrenta un panorama macroecon\u00f3mico complejo con tasas de inter\u00e9s en crecimiento, inflaci\u00f3n descontrolada y crisis en la balanza de pagos. Respecto a esto,<strong>&nbsp;<\/strong>Vicchi<strong>&nbsp;<\/strong>analiz\u00f3: <em>&#8216;No se puede tomar como razonable una pol\u00edtica de ajuste en el costo energ\u00e9tico que impacte en un sector productivo que viene golpeado por una crisis h\u00eddrica. En uno de los peores a\u00f1os climatol\u00f3gicos e hidrol\u00f3gicos el aplicar aumentos desproporcionados no hacen m\u00e1s que frenar la recuperaci\u00f3n de la producci\u00f3n y empleo del sector agroindustrial vitivin\u00edcola\u201d adem\u00e1s, agreg\u00f3&nbsp;\u201cEs una industria que trae d\u00f3lares que son tan escasos en el pa\u00eds, con exportaci\u00f3n de un valor agregado m\u00e1s que importante. La generaci\u00f3n y multiplicaci\u00f3n de empleo supera el de muchas actividades medidas en la matriz insumo producto sumado al arraigo y desarrollo local&#8217;<\/em>.\u00bb<\/p>\n\n\n\n<div style=\"height:42px\" aria-hidden=\"true\" class=\"wp-block-spacer\"><\/div>\n","protected":false},"excerpt":{"rendered":"<p>La Asociaci\u00f3n de Cooperativas Vitivin\u00edcolas (Acovi) emiti\u00f3 a principios de octubre \u00faltimo un comunicado en&hellip;<\/p>\n","protected":false},"author":3,"featured_media":78977,"comment_status":"open","ping_status":"open","sticky":false,"template":"","format":"standard","meta":{"footnotes":""},"categories":[14],"tags":[],"class_list":["post-78911","post","type-post","status-publish","format-standard","has-post-thumbnail","hentry","category-news"],"_links":{"self":[{"href":"https:\/\/enolife.com.ar\/es\/wp-json\/wp\/v2\/posts\/78911","targetHints":{"allow":["GET"]}}],"collection":[{"href":"https:\/\/enolife.com.ar\/es\/wp-json\/wp\/v2\/posts"}],"about":[{"href":"https:\/\/enolife.com.ar\/es\/wp-json\/wp\/v2\/types\/post"}],"author":[{"embeddable":true,"href":"https:\/\/enolife.com.ar\/es\/wp-json\/wp\/v2\/users\/3"}],"replies":[{"embeddable":true,"href":"https:\/\/enolife.com.ar\/es\/wp-json\/wp\/v2\/comments?post=78911"}],"version-history":[{"count":0,"href":"https:\/\/enolife.com.ar\/es\/wp-json\/wp\/v2\/posts\/78911\/revisions"}],"wp:featuredmedia":[{"embeddable":true,"href":"https:\/\/enolife.com.ar\/es\/wp-json\/wp\/v2\/media\/78977"}],"wp:attachment":[{"href":"https:\/\/enolife.com.ar\/es\/wp-json\/wp\/v2\/media?parent=78911"}],"wp:term":[{"taxonomy":"category","embeddable":true,"href":"https:\/\/enolife.com.ar\/es\/wp-json\/wp\/v2\/categories?post=78911"},{"taxonomy":"post_tag","embeddable":true,"href":"https:\/\/enolife.com.ar\/es\/wp-json\/wp\/v2\/tags?post=78911"}],"curies":[{"name":"wp","href":"https:\/\/api.w.org\/{rel}","templated":true}]}}