{"id":78846,"date":"2022-10-07T10:49:24","date_gmt":"2022-10-07T10:49:24","guid":{"rendered":"http:\/\/enolife.com.ar\/es\/?p=78846"},"modified":"2022-10-12T18:22:38","modified_gmt":"2022-10-12T18:22:38","slug":"la-expo-vinos-y-negocios-pone-en-escena-1-200-etiquetas-de-120-bodegas-el-12-y-13-10-en-mendoza","status":"publish","type":"post","link":"https:\/\/enolife.com.ar\/es\/la-expo-vinos-y-negocios-pone-en-escena-1-200-etiquetas-de-120-bodegas-el-12-y-13-10-en-mendoza\/","title":{"rendered":"La Expo Vinos y Negocios pone en escena 1.200 etiquetas de 120 bodegas, el 12 y 13\/10 en Mendoza"},"content":{"rendered":"\n<h4 class=\"wp-block-heading\"><em><strong>Los d\u00edas 12 y 13 de octubre se llevar\u00e1 a cabo en la Nave Cultural de la capital de Mendoza la \u00abExpo Vinos y Negocios\u00bb, en la cual 120 bodegas argentinas presentar\u00e1n m\u00e1s de 1.200 etiquetas ante 2.000 compradores nacionales e internacionales de vinos y espirituosas. Durante las dos jornadas se realizar\u00e1n el seminario de \u00abWine e-commerce\u00bb, el 2do Congreso Argentino de Vinotecas, masterclass de diferentes bodegas y otra de los productores de la Identificaci\u00f3n Geogr\u00e1fica (IG) Los Chacayes de Tunuy\u00e1n. La visita a la exposici\u00f3n es sin cargo, pero antes se deber\u00e1 solicitar invitaci\u00f3n a la web de la empresa organizadora, y s\u00f3lo est\u00e1 disponible para distribuidores, retails, propietarios de vinotecas, restaurantes o negocios afines.<\/strong><\/em><\/h4>\n\n\n\n<div style=\"height:20px\" aria-hidden=\"true\" class=\"wp-block-spacer\"><\/div>\n\n\n\n\n\n<div style=\"height:72px\" aria-hidden=\"true\" class=\"wp-block-spacer\"><\/div>\n\n\n\n<p>Por segundo a\u00f1o consecutivo se realizar\u00e1 la <strong>\u00abExpo Vinos y Negocios\u00bb<\/strong> en Mendoza, Argentina, luego de 6 presentaciones en Buenos Aires. Ser\u00e1 los d\u00edas mi\u00e9rcoles 12 y jueves 13 de octubre, de 14 a 21 hs, en la Nave Cultural del Parque Central, en la Capital de Mendoza. La empresa organizadora, <strong>Wine Revolution<\/strong>, ha desarrollado tambi\u00e9n \u00abExpo Vinos\u00bb de la Patagonia en Buenos Aires; el 1\u00b0 festival de vino para Millennials \u00abRefresh!\u00bb; Alta Gama Buenos Aires; Alta Gama Luxury Edition;<em> <\/em>y el festival de m\u00fasica electr\u00f3nica, vinos y gastronom\u00eda \u00abDeep into the Valley\u00bb en Las Compuertas, Luj\u00e1n de Cuyo, Mendoza.<\/p>\n\n\n\n<p>En la Expo Vinos y Negocios estar\u00e1n presentes 120 empresas entre bodegas y destiler\u00edas, que pondr\u00e1n en escena 1.200 etiquetas ante distribuidores argentinos e importadores internacionales y compradores de restaurantes, vinotecas, bares, wine bars, hoteles, caterings, autoservicios y supermercados, as\u00ed como ante sommeliers, referentes de la industria, la gastronom\u00eda y el turismo, y periodistas especializados.<\/p>\n\n\n\n<p>Al respecto, <strong>Javier Menajovsky, <\/strong>fundador y director de Wine Revolution, expres\u00f3: <em>\u00abLa idea fuerza de traer Expo Vinos y Negocios a Mendoza parti\u00f3 de la importancia que posee la provincia en la industria vitivin\u00edcola, por poseer el mayor porcentaje de bodegas del pa\u00eds y por ser una de las Capitales del Vino del mundo, lo que la posiciona en el mejor lugar para ser sede de un gran evento internacional del negocio del vino, algo que hasta ahora no suced\u00eda. La edici\u00f3n 2021 lo demostr\u00f3 y es por eso que hemos decidido volver a apostar por Mendoza e ir por m\u00e1s, ofreciendo los mismos formatos de stands que se encuentran en las grandes ferias del mundo y tambi\u00e9n abrir la convocatoria a compradores del exterior, que se suman as\u00ed a la larga lista de profesionales del sector que ya se est\u00e1n acreditando para venir desde todo el pa\u00eds a vivir una edici\u00f3n memorable en la mism\u00edsima Mendoza\u00bb<\/em>.<strong> <\/strong><\/p>\n\n\n\n<div style=\"height:20px\" aria-hidden=\"true\" class=\"wp-block-spacer\"><\/div>\n\n\n\n<div class=\"wp-block-image\"><figure class=\"aligncenter size-large is-resized\"><img loading=\"lazy\" decoding=\"async\" src=\"https:\/\/enolife.com.ar\/es\/wp-content\/uploads\/2022\/10\/Vinos-y-Negocios-Mendoza-1.jpg\" alt=\"\" class=\"wp-image-78896\" width=\"554\" height=\"315\" srcset=\"https:\/\/enolife.com.ar\/es\/wp-content\/uploads\/2022\/10\/Vinos-y-Negocios-Mendoza-1.jpg 703w, https:\/\/enolife.com.ar\/es\/wp-content\/uploads\/2022\/10\/Vinos-y-Negocios-Mendoza-1-300x171.jpg 300w, https:\/\/enolife.com.ar\/es\/wp-content\/uploads\/2022\/10\/Vinos-y-Negocios-Mendoza-1-585x333.jpg 585w\" sizes=\"auto, (max-width: 554px) 100vw, 554px\" \/><figcaption><em><strong>La edici\u00f3n 2021 de Expo Vinos y Negocios en Mendoza.<\/strong><\/em><\/figcaption><\/figure><\/div>\n\n\n\n<div style=\"height:20px\" aria-hidden=\"true\" class=\"wp-block-spacer\"><\/div>\n\n\n\n<p class=\"has-medium-font-size\"><strong>Expositores confirmados<\/strong><\/p>\n\n\n\n<p class=\"has-background has-very-light-gray-background-color\"><strong>Bodegas<\/strong><\/p>\n\n\n\n<p>Aclamado Wines, Albaflor, Alpasion, Altos Las Hormigas, Anaia Wines, Argento, Belasco de Baquedano, Bombal, Casa de Uco, Casarena Bodega y Vi\u00f1edos, Catapano, Catena Zapata, Cava Gentile, Cielo y Tierra, Claroscuro, Coraz\u00f3n del Sol, Don Rosendo Wines, Do\u00f1a Mar\u00eda, El Enemigo, Equilibrio Imperfecto, Familia Cecchin, Familia Kretschmar, Finca del Nunca Jam\u00e1s, Finca El Origen, Finca Guardia Vieja, Freixenet, Fuego Blanco, Gim\u00e9nez Riili, Gualtallary Wines, Horizonte Andino, Jasmine Monet, Jean Bousquet, KM 49, La Coste de los Andes, Lamadrid, Laureado Wines, Losance, MASI Tupungato, Meraki, Mi Terru\u00f1o, Mosquita Muerta Wines, Mythic Cellars, Ofa Wines, Piedra Negra, Preludio Wines, Psicoanalista Wines, Roble Negro Wines, Salvador Patti, Sampere, Sarapura, Scandura Wine Selections, Siete Fincas, Sillero Wines, Solandes, S\u00f3lo Contigo, SuperUco, Terrazas de los Andes, Uko Wines, Ver Sacrum, Vinyes Ocults, Vi\u00f1a Las Perdices y Wine Records, entre otras.<\/p>\n\n\n\n<p class=\"has-background has-very-light-gray-background-color\"><strong>Destiler\u00edas de espirituosas<\/strong><\/p>\n\n\n\n<p>500 Noches Gin, Con&nbsp;Esta&nbsp;Boca&nbsp;En&nbsp;Este&nbsp;Mundo&nbsp;Vermouth, Entre Perro y Lobo Gin, Hilbing Franke Distillery, L\u00e9once Vermouth, Mi Gin, Sorgin Gin (Francia) y Destiler\u00eda Casa Tapaus.<\/p>\n\n\n\n<p class=\"has-background has-very-light-gray-background-color\"><strong>Productos gourmet<\/strong><\/p>\n\n\n\n<p>Cocoa Bit Chocolates, Oliv\u00edcola Laur y Old Tree (aceite de Oliva)<\/p>\n\n\n\n<p class=\"has-background has-very-light-gray-background-color\"><strong>Equipamientos y servicios<\/strong><\/p>\n\n\n\n<p>Cool WineCavas, Newine (Wine dispensers), System San Lorenzo (Etiquetado), Vitte Wine Technology (Wine dispensers) y Wine On (Wine Games).<\/p>\n\n\n\n<div style=\"height:20px\" aria-hidden=\"true\" class=\"wp-block-spacer\"><\/div>\n\n\n\n<p class=\"has-medium-font-size\"><strong>Agenda<\/strong><\/p>\n\n\n\n<p>Durante las dos jornadas habr\u00e1 un auditorio exclusivo para la realizaci\u00f3n de <em>masterclass<\/em>, en las que se presentar\u00e1n lanzamientos, nuevas cosechas y ediciones limitadas de productores, mediante una agenda de degustaciones dirigidas por sus hacedores, ante compradores profesionales, periodistas especializados y sommeliers referentes de la Argentina y del exterior.<\/p>\n\n\n\n<p class=\"has-background has-very-light-gray-background-color\">1 &#8211; <strong>Masterclass de la IG Los Chacayes<\/strong> &#8211; Mi\u00e9rcoles 12 de octubre de 15 a 17 hs. <\/p>\n\n\n\n<p>Organizada por la <strong>Asociaci\u00f3n Civil IG Los Chacayes<\/strong>, contar\u00e1 con una introducci\u00f3n t\u00e9cnica sobre las caracter\u00edsticas de la IG a cargo del geof\u00edsico <strong>Guillermo Corona<\/strong>, creador del famoso perfil en Instagram @geografiadelvino. <\/p>\n\n\n\n<p>Participar\u00e1n tambi\u00e9n 12 productores de la regi\u00f3n, entre los que los cuales se encuentran <strong>Cristian Moor<\/strong> (Presidente de la Asociaci\u00f3n y en\u00f3logo de Coraz\u00f3n del Sol), <strong>Alejandro Vigil<\/strong> (El Enemigo), <strong>Mat\u00edas Michelini<\/strong> (Superuco), <strong>Quentin Pommier<\/strong> (Piedra Negra), <strong>Herv\u00e9 Birnie-Scott<\/strong> (Terrazas de los Andes), <strong>Eduardo Soler<\/strong> (Ver Sacrum), <strong>Lucas Gim\u00e9nez Bachiocchi<\/strong> (La Coste de los Andes) y <strong>Mariela Ilardo<\/strong> (S\u00f3lo Contigo), entre otros. <\/p>\n\n\n\n<p>El sommelier y productor vit\u00edcola de Los Chacayes, <strong>Andr\u00e9s Rosberg<\/strong>, moderar\u00e1 la presentaci\u00f3n y estar\u00e1 a cargo de la selecci\u00f3n de los vinos que se degustar\u00e1n durante la misma con el objeto de demostrar la diversidad y el potencial cualitativo de este terru\u00f1o, incluyendo etiquetas emblem\u00e1ticas de productores de la IG como <strong>Alpasi\u00f3n, Bianchi, Casa de Uco, Coraz\u00f3n del Sol, El Enemigo, Finca El Origen, La Coste de los Andes, Piedra Negra, S\u00f3lo Contigo, SuperUco, Terrazas de los Andes, The Vines of Mendoza y Ver Sacrum.<\/strong> El acceso ser\u00e1 exclusivo por invitaci\u00f3n.<\/p>\n\n\n\n<div style=\"height:20px\" aria-hidden=\"true\" class=\"wp-block-spacer\"><\/div>\n\n\n\n<p class=\"has-background has-very-light-gray-background-color\">2 &#8211; <strong>Masterclass de las bodegas Altos Las Hormigas, Casarena y Piedra Negra: <\/strong>Jueves 13 de octubre de 15 a 20hs.<\/p>\n\n\n\n<div style=\"height:20px\" aria-hidden=\"true\" class=\"wp-block-spacer\"><\/div>\n\n\n\n<p class=\"has-background has-very-light-gray-background-color\">3 &#8211; <strong>Seminario Wine e-commerce <\/strong>&#8211; Mi\u00e9rcoles 12 de octubre a las 9 y a las 11 hs<\/p>\n\n\n\n<p>La charla ser\u00e1 sobre <strong>\u00abSoluciones reales a problemas reales de tener un e-commerce\u00bb<\/strong>, a cargo de <strong>Andr\u00e9s Rodr\u00edguez<\/strong>, director comercial y socio fundador de <strong>Combinatoria<\/strong>, agencia de e-commerce para la industria del vino. Se asiste con inscripci\u00f3n previa a trav\u00e9s del sitio <strong><a href=\"http:\/\/www.wineecommerce.co\">www.wineecommerce.co<\/a>m <\/strong><\/p>\n\n\n\n<div style=\"height:20px\" aria-hidden=\"true\" class=\"wp-block-spacer\"><\/div>\n\n\n\n<p class=\"has-background has-very-light-gray-background-color\">4 &#8211; <strong>Congreso Argentino de Vinotecas:<\/strong> Jueves 13 de octubre de 9 a 12.30 hs.<\/p>\n\n\n\n<p>Organizado junto a la <strong>C\u00e1mara Argentina de Vinotecas y Afines<\/strong> (CAVA), el objetivo es conectar de forma directa a los compradores del canal vinotecas con bodegas y distribuidores presentes en la expo, para propiciar acuerdos comerciales e invitar a reflexionar y debatir sobre los principales desaf\u00edos que enfrenta el sector. Podr\u00e1n asistir gratuitamente todas las vinotecas acreditadas al evento, pudiendo ingresar al auditorio por orden de llegada, hasta agotar su capacidad.<\/p>\n\n\n\n<div style=\"height:20px\" aria-hidden=\"true\" class=\"wp-block-spacer\"><\/div>\n\n\n\n<p class=\"has-medium-font-size\"><strong>C\u00f3mo participar de la exposici\u00f3n<\/strong><\/p>\n\n\n\n<p><strong>Como expositor:<\/strong> Las bodegas y destiler\u00edas interesadas en participar pueden hacerlo contratando un stand, que se comercializan bajo la modalidad llave en mano. Tambi\u00e9n pueden hacerlo empresas relacionadas al sector vitivin\u00edcola, ya sean proveedores industriales o de servicios. Para mayor informaci\u00f3n enviar e-mail a <strong><a href=\"mailto:hola@winerevolution.net\">hola@winerevolution.net<\/a> <\/strong><\/p>\n\n\n\n<p><strong>Como visitantes<\/strong>: El acceso es exclusivo por invitaci\u00f3n y sin cargo, ingresando una solicitud en  <strong><a href=\"http:\/\/www.vinosynegocios.com\">www.vinosynegocios.com<\/a>.<\/strong> Las mismas se otorgan exclusivamente a todos los actores de la cadena de comercializaci\u00f3n y marketing de bebidas, conformadas por quienes recomiendan o deciden las compras de bebidas en comercios y emprendimientos tales como restaurantes, vinotecas, bares, wine bars, hoteles, caterings, autoservicios y supermercados, as\u00ed como por distribuidores, representantes de venta, importadores, sommeliers en actividad y prensa especializada.<\/p>\n\n\n\n<p><strong>Colaboran con la expo:<\/strong> Gobierno de Mendoza, Municipalidad de Mendoza, C\u00e1mara Argentina de Vinotecas y Afines (CAVA), Asociaci\u00f3n Argentina de Sommmeliers (AAS), Asociaci\u00f3n Civil IG Los Chacayes, Prowine Sao Paulo, Wine Intelligence, Andreani, Stella Dottavio Press &amp; PR, Eco de los Andes, Volf.<\/p>\n\n\n\n<div style=\"height:47px\" aria-hidden=\"true\" class=\"wp-block-spacer\"><\/div>\n","protected":false},"excerpt":{"rendered":"<p>Los d\u00edas 12 y 13 de octubre se llevar\u00e1 a cabo en la Nave Cultural&hellip;<\/p>\n","protected":false},"author":3,"featured_media":78893,"comment_status":"open","ping_status":"open","sticky":false,"template":"","format":"standard","meta":{"footnotes":""},"categories":[10],"tags":[],"class_list":["post-78846","post","type-post","status-publish","format-standard","has-post-thumbnail","hentry","category-ferias"],"_links":{"self":[{"href":"https:\/\/enolife.com.ar\/es\/wp-json\/wp\/v2\/posts\/78846","targetHints":{"allow":["GET"]}}],"collection":[{"href":"https:\/\/enolife.com.ar\/es\/wp-json\/wp\/v2\/posts"}],"about":[{"href":"https:\/\/enolife.com.ar\/es\/wp-json\/wp\/v2\/types\/post"}],"author":[{"embeddable":true,"href":"https:\/\/enolife.com.ar\/es\/wp-json\/wp\/v2\/users\/3"}],"replies":[{"embeddable":true,"href":"https:\/\/enolife.com.ar\/es\/wp-json\/wp\/v2\/comments?post=78846"}],"version-history":[{"count":0,"href":"https:\/\/enolife.com.ar\/es\/wp-json\/wp\/v2\/posts\/78846\/revisions"}],"wp:featuredmedia":[{"embeddable":true,"href":"https:\/\/enolife.com.ar\/es\/wp-json\/wp\/v2\/media\/78893"}],"wp:attachment":[{"href":"https:\/\/enolife.com.ar\/es\/wp-json\/wp\/v2\/media?parent=78846"}],"wp:term":[{"taxonomy":"category","embeddable":true,"href":"https:\/\/enolife.com.ar\/es\/wp-json\/wp\/v2\/categories?post=78846"},{"taxonomy":"post_tag","embeddable":true,"href":"https:\/\/enolife.com.ar\/es\/wp-json\/wp\/v2\/tags?post=78846"}],"curies":[{"name":"wp","href":"https:\/\/api.w.org\/{rel}","templated":true}]}}