{"id":7864,"date":"2020-02-16T03:41:04","date_gmt":"2020-02-16T03:41:04","guid":{"rendered":"http:\/\/enolife.com.ar\/es\/?p=7864"},"modified":"2020-02-21T03:03:55","modified_gmt":"2020-02-21T03:03:55","slug":"bodegas-de-argentina-y-bodegueros-del-este-renunciaron-a-la-coviar-y-pidieron-su-intervencion","status":"publish","type":"post","link":"https:\/\/enolife.com.ar\/es\/bodegas-de-argentina-y-bodegueros-del-este-renunciaron-a-la-coviar-y-pidieron-su-intervencion\/","title":{"rendered":"Bodegas de Argentina y Bodegueros del Este renunciaron a la Coviar y pidieron su intervenci\u00f3n"},"content":{"rendered":"\n<h4 class=\"wp-block-heading\"><em><strong>La pelea entre dos de las principales agrupaciones de la industria vitivin\u00edcola argentina tuvo ayer su episodio m\u00e1s vehemente: Bodegas de Argentina -entidad que nuclea a 250 bodegas del pa\u00eds, la mayor\u00eda exportadoras- y el Centro de Vi\u00f1ateros y Bodegueros del Este -fuerte organizaci\u00f3n gremial de productores y elaboradores de los departamentos de San Mart\u00edn, Jun\u00edn, Rivadavia, Santa Rosa y La Paz- anunciaron su renuncia a la Corporaci\u00f3n Vitivin\u00edcola Argentina (Coviar) y pidieron a los gobiernos de Mendoza y de la Naci\u00f3n que intervengan esa entidad p\u00fablico-privada creada por ley a fines de 2003<\/strong><\/em>. <\/h4>\n\n\n\n<div style=\"height:30px\" aria-hidden=\"true\" class=\"wp-block-spacer\"><\/div>\n\n\n\n<p>Ayer 15\/2, con la firma de Bodegas de Argentina, el Centro de Vi\u00f1ateros y Bodegueros del Este y \u00abDem\u00e1s provincias productoras. Sector privado. Neuqu\u00e9n\u00bb se conoci\u00f3 un comunicado con el t\u00edtulo:  <strong>\u00abEntidades vitivin\u00edcolas de todo el pa\u00eds rechazan las nuevas autoridades electas de la Coviar\u00bb<\/strong>, que m\u00e1s abajo reproducimos \u00edntegramente.<\/p>\n\n\n\n<p>El anuncio p\u00fablico de la desvinculaci\u00f3n de la mayor agrupaci\u00f3n de bodegas del pa\u00eds (Bodegas de Argentina) de la entidad mixta creada durante el gobierno de N\u00e9stor Kirchner para llevar adelante el denominado Plan Estrat\u00e9gico Vitivin\u00edcola 2020 (Coviar) constituye un sismo pol\u00edtico dentro del sector y termina de dinamitar el \u00e1mbito com\u00fan que integraban ambas partes. Bodegas de Argentina, junto a sus aliados del Este mendocino y otras agrupaciones sobre todo de Salta y Neuqu\u00e9n, argumentan que la Coviar tiene cada vez menos representatividad y que usa mal los fondos que, por ley nacional, aportan todas las bodegas del pa\u00eds. Es m\u00e1s, ante el \u00faltimo cambio de conducci\u00f3n en la Coviar -\u00abPepe\u00bb Zuccardi en lugar de \u00c1ngel Leotta-, posiblemente instrumentado para suavizar la crisis, Bodegas manifest\u00f3 que \u00abes m\u00e1s de lo mismo\u00bb.<\/p>\n\n\n\n<div style=\"height:20px\" aria-hidden=\"true\" class=\"wp-block-spacer\"><\/div>\n\n\n\n<div class=\"wp-block-image\"><figure class=\"aligncenter size-large is-resized\"><img loading=\"lazy\" decoding=\"async\" src=\"https:\/\/enolife.com.ar\/es\/wp-content\/uploads\/2020\/02\/patricia.jpg\" alt=\"\" class=\"wp-image-7880\" width=\"421\" height=\"280\" srcset=\"https:\/\/enolife.com.ar\/es\/wp-content\/uploads\/2020\/02\/patricia.jpg 380w, https:\/\/enolife.com.ar\/es\/wp-content\/uploads\/2020\/02\/patricia-300x200.jpg 300w\" sizes=\"auto, (max-width: 421px) 100vw, 421px\" \/><figcaption><strong><em>Patricia Ortiz, presidenta Bodegas de Argentina<\/em><\/strong><\/figcaption><\/figure><\/div>\n\n\n\n<div style=\"height:20px\" aria-hidden=\"true\" class=\"wp-block-spacer\"><\/div>\n\n\n\n<p>A continuaci\u00f3n, el texto completo del comunicado de Bodegas de Argentina y sus aliados (los destacados son nuestros):<\/p>\n\n\n\n<p><em>\u00abLas principales entidades vitivin\u00edcolas del pa\u00eds manifiestan nuevamente de manera p\u00fablica su disconformidad respecto a la forma en que se conduce en la actualidad la Corporaci\u00f3n Vitivin\u00edcola Argentina (Coviar) por decisiones y acciones ejecutadas por algunos de sus miembros representantes del sector privado qu\u00e9, si bien son legales, <strong>carecen de la legitimidad que exige el buen funcionamiento de una entidad p\u00fablico-privada como es la Coviar. <\/strong><\/em><\/p>\n\n\n\n<p><em>\u00abEl pasado mes de septiembre hicimos p\u00fablico nuestro malestar respecto a c\u00f3mo es la asignaci\u00f3n y ejecuci\u00f3n de los recursos administrados por la Coviar &#8211; aportados por las empresas representadas por estas mismas entidades firmantes. <\/em><\/p>\n\n\n\n<p><em>\u00ab<strong>Asimismo, manifestamos nuestra oposici\u00f3n al uso de la instituci\u00f3n como entidad gremial empresarial de segundo grado,<\/strong> tal como pretenden algunas entidades privadas que la componen, utilizando a la misma como canal para la gesti\u00f3n de sus intereses en nombre del conjunto. <\/em><\/p>\n\n\n\n<p><em>\u00ab<strong>Ahora debemos manifestar nuestro rechazo a la forma en que se eligieron ayer nuevas autoridades en reuni\u00f3n de directorio de Coviar, siendo que \u00e9stas no responden al pedido de renovaci\u00f3n planteado<\/strong> y representan exclusivamente a estos mismos sectores cuyo proceder cuestionamos. <\/em><\/p>\n\n\n\n<p><em>\u00abCreemos que el nuevo triunvirato de autoridades, a la cual se agrega una vicepresidencia tercera de dudosa legalidad, choca de lleno con nuestros reclamos, que lamentablemente no tuvieron eco dentro del peque\u00f1o grupo de personas que hace a\u00f1os manejan la instituci\u00f3n a su discreci\u00f3n (legalmente incuestionable) y que se adjudican el monopolio de la voz del vino. <\/em><\/p>\n\n\n\n<p><em>\u00abAsimismo, eligieron responder a nuestros planteos con agravios y desvirtuando el reclamo en los medios al presentarlo como un conflicto entre grandes bodegas y productores, ninguneando simult\u00e1neamente a la mayor\u00eda de las entidades firmantes y a los miles de productores de uva que indirectamente representamos. <\/em><\/p>\n\n\n\n<p><em>\u00abA su vez contin\u00faan ignorando que el llamado de apertura y cambio excede a las firmantes, siendo que cada d\u00eda que pasa aparecen nuevas voces que critican el proceder de estas personas y resaltan la alarmante falta de un \u00e1mbito plural de di\u00e1logo y consenso para hacer una revisi\u00f3n de los resultados de la Coviar. <\/em><\/p>\n\n\n\n<p><em>\u00abEs importante aclarar nuevamente que el conflicto en el seno de la Coviar esconde una disputa por la representaci\u00f3n de la vitivinicultura ante los gobiernos y la comunidad vitivin\u00edcola<\/em>. <\/p>\n\n\n\n<p><em>\u00abEn vez de buscar una representaci\u00f3n de la cadena de manera conjunta, respetando la diversidad de las c\u00e1maras del sector privado de toda la vitivinicultura, unos pocos -que tienen una representaci\u00f3n minoritaria- han tomado control de la Coviar para hacer de ella un veh\u00edculo que les de una visibilidad que dif\u00edcilmente tendr\u00edan desde sus propias entidades.<\/em> <\/p>\n\n\n\n<p><em>\u00abEsta situaci\u00f3n es dif\u00edcil de cambiar v\u00eda votaci\u00f3n ya que estos grupos minoritarios tienen, por un err\u00f3neo dise\u00f1o de la ley que dio origen a la Coviar, un n\u00famero de votos mayoritario que no condice con la realidad de la cadena. <\/em><\/p>\n\n\n\n<p><em>\u00abA este proyecto de hacer de la Coviar una c\u00e1mara de c\u00e1maras, que adem\u00e1s le cuesta millones a todos los que aportamos la contribuci\u00f3n obligatoria que pagamos por ley, se agrega la falta de apertura para permitir que sean las bodegas quienes lideren el programa de promoci\u00f3n del vino en el mercado interno, siendo desestimadas reiteradamente sus opiniones respecto al dise\u00f1o de las campa\u00f1as publicitarias o la contrataci\u00f3n de proveedores.<\/em> <\/p>\n\n\n\n<p><em>\u00abEs as\u00ed como tambi\u00e9n se nos impone un costoso desayuno vendimial o un concierto en Buenos Aires solventado por todos nosotros. Si bien la asignaci\u00f3n de los recursos de la Coviar es votada, no es fruto de una discusi\u00f3n democr\u00e1tica. <\/em><\/p>\n\n\n\n<p><em>\u00abPara colmo, s\u00f3lo el 25% de los recursos se destinan a la tan necesaria promoci\u00f3n en el exterior, mientras que un 30% se destina a la cuestionada promoci\u00f3n gen\u00e9rica en el mercado interno, un 6 % a la comunicaci\u00f3n que promueve a la Coviar, y un 20 % a la administraci\u00f3n de la instituci\u00f3n. <\/em><\/p>\n\n\n\n<p><em>\u00abComo sostuvimos anteriormente, destacamos la importancia que tuvo para el sector vitivin\u00edcola el dise\u00f1o de un plan estrat\u00e9gico y la creaci\u00f3n de una entidad como la Coviar. Lamentablemente la misma fue desvirtuada y la situaci\u00f3n aqu\u00ed descripta se ha visto adem\u00e1s agravada ya que al vencer el Plan Estrat\u00e9gico Vitivin\u00edcola 2020 (PEVI), para el cual fue creada la Coviar, se ha decidido avanzar en un proyecto de un nuevo PEVI que no cuenta con el apoyo ni la participaci\u00f3n de nuestras entidades. <\/em><\/p>\n\n\n\n<p><em>\u00ab<strong>Por todo esto, y ante la falta de una respuesta favorable a nuestros pedidos, que incluso no fueron si quiera tratados con la seriedad y formalidad que corresponde, manifestamos nuestra decisi\u00f3n de no seguir participando de dicha instituci\u00f3n. <\/strong><\/em><\/p>\n\n\n\n<p><em>\u00ab<strong>Convocamos tambi\u00e9n al nuevo Gobierno Nacional y a las autoridades provinciales representadas en el directorio de la Coviar, para que intervengan la entidad<\/strong> y tomen las medidas necesarias para atender nuestros reclamos. <\/em><\/p>\n\n\n\n<p><em>\u00abAsimismo, invitamos a otras entidades vitivin\u00edcolas de todo el pa\u00eds, integrantes o no de Coviar, a sumarse a nuestro reclamo. <\/em><\/p>\n\n\n\n<p><em>\u00abEntidades firmantes: <strong>Centro de Vi\u00f1ateros y Bodegueros del Este, Bodegas de Argentina. Dem\u00e1s provincias productoras. Sector privado. Neuqu\u00e9n\u00bb.<\/strong><\/em><\/p>\n\n\n\n<div style=\"height:30px\" aria-hidden=\"true\" class=\"wp-block-spacer\"><\/div>\n\n\n\n<p> <\/p>\n","protected":false},"excerpt":{"rendered":"<p>La pelea entre dos de las principales agrupaciones de la industria vitivin\u00edcola argentina tuvo ayer&hellip;<\/p>\n","protected":false},"author":3,"featured_media":7875,"comment_status":"open","ping_status":"open","sticky":false,"template":"","format":"standard","meta":{"footnotes":""},"categories":[14],"tags":[],"class_list":["post-7864","post","type-post","status-publish","format-standard","has-post-thumbnail","hentry","category-news"],"_links":{"self":[{"href":"https:\/\/enolife.com.ar\/es\/wp-json\/wp\/v2\/posts\/7864","targetHints":{"allow":["GET"]}}],"collection":[{"href":"https:\/\/enolife.com.ar\/es\/wp-json\/wp\/v2\/posts"}],"about":[{"href":"https:\/\/enolife.com.ar\/es\/wp-json\/wp\/v2\/types\/post"}],"author":[{"embeddable":true,"href":"https:\/\/enolife.com.ar\/es\/wp-json\/wp\/v2\/users\/3"}],"replies":[{"embeddable":true,"href":"https:\/\/enolife.com.ar\/es\/wp-json\/wp\/v2\/comments?post=7864"}],"version-history":[{"count":0,"href":"https:\/\/enolife.com.ar\/es\/wp-json\/wp\/v2\/posts\/7864\/revisions"}],"wp:featuredmedia":[{"embeddable":true,"href":"https:\/\/enolife.com.ar\/es\/wp-json\/wp\/v2\/media\/7875"}],"wp:attachment":[{"href":"https:\/\/enolife.com.ar\/es\/wp-json\/wp\/v2\/media?parent=7864"}],"wp:term":[{"taxonomy":"category","embeddable":true,"href":"https:\/\/enolife.com.ar\/es\/wp-json\/wp\/v2\/categories?post=7864"},{"taxonomy":"post_tag","embeddable":true,"href":"https:\/\/enolife.com.ar\/es\/wp-json\/wp\/v2\/tags?post=7864"}],"curies":[{"name":"wp","href":"https:\/\/api.w.org\/{rel}","templated":true}]}}