{"id":78434,"date":"2022-09-30T19:03:49","date_gmt":"2022-09-30T19:03:49","guid":{"rendered":"http:\/\/enolife.com.ar\/es\/?p=78434"},"modified":"2022-10-01T13:22:58","modified_gmt":"2022-10-01T13:22:58","slug":"hoy-y-manana-sigue-la-feria-de-arte-accesible-en-plaza-italia-con-regalos-vinos-ropa-vinos-y-aceites","status":"publish","type":"post","link":"https:\/\/enolife.com.ar\/es\/hoy-y-manana-sigue-la-feria-de-arte-accesible-en-plaza-italia-con-regalos-vinos-ropa-vinos-y-aceites\/","title":{"rendered":"Hoy y ma\u00f1ana sigue la Feria de Arte Accesible en Plaza Italia con regalos, vinos, ropa, vinos y aceites"},"content":{"rendered":"\n<h4 class=\"wp-block-heading\"><em><strong>Este viernes 30\/9 y s\u00e1bado 1\/10, de 10 a 20 hs, la Feria de Arte Accesible vuelve a instalarse en la Plaza Italia de la Capital de Mendoza. Este paseo inclusivo con fines solidarios est\u00e1 organizado por Encuentro INDI y Misi\u00f3n Verde Soluciones Sustentables, con el apoyo del \u00c1rea de Inclusi\u00f3n y Accesibilidad de la Municipalidad de Mendoza, escuelas especiales y ONGs de emprendedores locales. La exposici\u00f3n y venta de artesan\u00edas, vinos, aceites, cosm\u00e9tica, utensilios y decoraci\u00f3n tambi\u00e9n tiene como objetivo colaborar con instituciones que asisten a personas con discapacidades, quienes montar\u00e1n sus propios stands.<\/strong><\/em><\/h4>\n\n\n\n<div style=\"height:53px\" aria-hidden=\"true\" class=\"wp-block-spacer\"><\/div>\n\n\n<a href=\"https:\/\/estanciamendoza.com.ar\/es\/\" aria-label=\"Copia de BEM &#8211; Banner adaptaciones diario digital_BEM &#8211; Banner Enolife &#8211; 1700&#215;500\"><img loading=\"lazy\" decoding=\"async\" src=\"https:\/\/enolife.com.ar\/es\/wp-content\/uploads\/2019\/07\/Copia-de-BEM-Banner-adaptaciones-diario-digital_BEM-Banner-Enolife-1700x500-1.jpg\" alt=\"\"  srcset=\"https:\/\/enolife.com.ar\/es\/wp-content\/uploads\/2019\/07\/Copia-de-BEM-Banner-adaptaciones-diario-digital_BEM-Banner-Enolife-1700x500-1.jpg 1700w, https:\/\/enolife.com.ar\/es\/wp-content\/uploads\/2019\/07\/Copia-de-BEM-Banner-adaptaciones-diario-digital_BEM-Banner-Enolife-1700x500-1-300x88.jpg 300w, https:\/\/enolife.com.ar\/es\/wp-content\/uploads\/2019\/07\/Copia-de-BEM-Banner-adaptaciones-diario-digital_BEM-Banner-Enolife-1700x500-1-1024x301.jpg 1024w, https:\/\/enolife.com.ar\/es\/wp-content\/uploads\/2019\/07\/Copia-de-BEM-Banner-adaptaciones-diario-digital_BEM-Banner-Enolife-1700x500-1-768x226.jpg 768w, https:\/\/enolife.com.ar\/es\/wp-content\/uploads\/2019\/07\/Copia-de-BEM-Banner-adaptaciones-diario-digital_BEM-Banner-Enolife-1700x500-1-1536x452.jpg 1536w, https:\/\/enolife.com.ar\/es\/wp-content\/uploads\/2019\/07\/Copia-de-BEM-Banner-adaptaciones-diario-digital_BEM-Banner-Enolife-1700x500-1-1170x344.jpg 1170w, https:\/\/enolife.com.ar\/es\/wp-content\/uploads\/2019\/07\/Copia-de-BEM-Banner-adaptaciones-diario-digital_BEM-Banner-Enolife-1700x500-1-585x172.jpg 585w\" sizes=\"auto, (max-width: 1700px) 100vw, 1700px\" width=\"1700\" height=\"500\"   \/><\/a>\n\n\n<div style=\"height:48px\" aria-hidden=\"true\" class=\"wp-block-spacer\"><\/div>\n\n\n\n<p>La&nbsp;<strong>Plaza Italia,<\/strong>&nbsp;ubicada entre las calles San Lorenzo, Per\u00fa, Montevideo y 25 de Mayo de la Capital de Mendoza, recibe hoy 30\/9 y ma\u00f1ana s\u00e1bado 1\/10,<strong> de 10 a 20 horas<\/strong>, la Feria de artesan\u00edas, alimentos, regalos, vinos y dise\u00f1o denominada \u00ab<strong>Arte Accesible\u00bb<\/strong>.<\/p>\n\n\n\n<div style=\"height:20px\" aria-hidden=\"true\" class=\"wp-block-spacer\"><\/div>\n\n\n\n<div class=\"wp-block-image\"><figure class=\"aligncenter size-large is-resized\"><img loading=\"lazy\" decoding=\"async\" src=\"https:\/\/enolife.com.ar\/es\/wp-content\/uploads\/2022\/09\/b9b4fa86-1fd2-441f-ad9f-0eff480028b6.jpg\" alt=\"\" class=\"wp-image-78441\" width=\"514\" height=\"365\" srcset=\"https:\/\/enolife.com.ar\/es\/wp-content\/uploads\/2022\/09\/b9b4fa86-1fd2-441f-ad9f-0eff480028b6-300x214.jpg 300w, https:\/\/enolife.com.ar\/es\/wp-content\/uploads\/2022\/09\/b9b4fa86-1fd2-441f-ad9f-0eff480028b6-585x417.jpg 585w\" sizes=\"auto, (max-width: 514px) 100vw, 514px\" \/><figcaption><em><strong>Turistas degustando licores caseros<\/strong><\/em><\/figcaption><\/figure><\/div>\n\n\n\n<div style=\"height:20px\" aria-hidden=\"true\" class=\"wp-block-spacer\"><\/div>\n\n\n\n<p>Con la organizaci\u00f3n de <strong>Encuentro INDI<\/strong> y <strong>Misi\u00f3n Verde Soluciones Sustentables<\/strong>, la ya cl\u00e1sica convocatoria ha sido declarada de Inter\u00e9s P\u00fablico por la C\u00e1mara de Diputados de Mendoza y es apoyada por a Municipalidad de la Capital provincial. <\/p>\n\n\n\n<div class=\"wp-block-image\"><figure class=\"alignleft size-large is-resized\"><img loading=\"lazy\" decoding=\"async\" src=\"https:\/\/enolife.com.ar\/es\/wp-content\/uploads\/2022\/09\/28effd41-6f5f-49e6-bc5c-1056e914fa77-1.jpg\" alt=\"\" class=\"wp-image-78447\" width=\"247\" height=\"240\" srcset=\"https:\/\/enolife.com.ar\/es\/wp-content\/uploads\/2022\/09\/28effd41-6f5f-49e6-bc5c-1056e914fa77-1.jpg 309w, https:\/\/enolife.com.ar\/es\/wp-content\/uploads\/2022\/09\/28effd41-6f5f-49e6-bc5c-1056e914fa77-1-300x291.jpg 300w\" sizes=\"auto, (max-width: 247px) 100vw, 247px\" \/><\/figure><\/div>\n\n\n\n<p>La Feria incluye entre sus expositores a personas con discapacidad.<\/p>\n\n\n\n<p>El acceso al paseo es libre y gratuito. En la Plaza que homenajea a los inmigrantes italianos en Mendoza, vecinos y turistas podr\u00e1n adquirir todo tipo de artesan\u00edas realizadas por creadores locales, as\u00ed como comestibles, objetos de dise\u00f1o, ropa y regionales, adem\u00e1s de vincularse directamente con los artistas, dise\u00f1adores y emprendedores que las han creado.<\/p>\n\n\n\n<p style=\"background-color:#fa8f42\" class=\"has-background\"><strong>Lugar<\/strong>: Plaza Italia, entre calles Montevideo, Per\u00fa, San Lorenzo y 25 de Mayo.<br><br><strong>D\u00edas y horarios:<\/strong> Viernes 30\/9 y s\u00e1bado 1\/10, de 10 a 20 hs.<br><br><strong>Organiza<\/strong>: Encuentro INDI y Misi\u00f3n Verde Soluciones Sustentables.<\/p>\n\n\n\n<div style=\"height:20px\" aria-hidden=\"true\" class=\"wp-block-spacer\"><\/div>\n\n\n\n<p>Habr\u00e1 venta de libros, indumentaria de dise\u00f1o, vinos, cuadros, tazas, cuchillos, cartucheras, ilustraciones, mochilas, cer\u00e1mica, cosm\u00e9ticos, dulces caseros, aceites de oliva con precios razonables.<\/p>\n\n\n\n<div style=\"height:20px\" aria-hidden=\"true\" class=\"wp-block-spacer\"><\/div>\n\n\n\n<div class=\"wp-block-image\"><figure class=\"aligncenter size-large is-resized\"><img loading=\"lazy\" decoding=\"async\" src=\"https:\/\/enolife.com.ar\/es\/wp-content\/uploads\/2022\/09\/d75e9471-f4e6-44d3-98ce-65a385a1d92b.jpg\" alt=\"\" class=\"wp-image-78443\" width=\"514\" height=\"398\" srcset=\"https:\/\/enolife.com.ar\/es\/wp-content\/uploads\/2022\/09\/d75e9471-f4e6-44d3-98ce-65a385a1d92b.jpg 644w, https:\/\/enolife.com.ar\/es\/wp-content\/uploads\/2022\/09\/d75e9471-f4e6-44d3-98ce-65a385a1d92b-300x233.jpg 300w, https:\/\/enolife.com.ar\/es\/wp-content\/uploads\/2022\/09\/d75e9471-f4e6-44d3-98ce-65a385a1d92b-585x454.jpg 585w\" sizes=\"auto, (max-width: 514px) 100vw, 514px\" \/><figcaption><em><strong> El stand de AMAD, centro de d\u00eda, para la inclusi\u00f3n social. <\/strong><\/em><\/figcaption><\/figure><\/div>\n\n\n\n<div style=\"height:20px\" aria-hidden=\"true\" class=\"wp-block-spacer\"><\/div>\n\n\n\n<p>Los interesados en sumarse a este encuentro, este fin de semana y en futuras ferias, pueden ponerse en contacto con\u00a0<strong>Natacha Acebedo<\/strong> al <strong>tel\u00e9fono 2614851758<\/strong> (@encuentroindi).<\/p>\n\n\n\n<div style=\"height:50px\" aria-hidden=\"true\" class=\"wp-block-spacer\"><\/div>\n","protected":false},"excerpt":{"rendered":"<p>Este viernes 30\/9 y s\u00e1bado 1\/10, de 10 a 20 hs, la Feria de Arte&hellip;<\/p>\n","protected":false},"author":3,"featured_media":78444,"comment_status":"open","ping_status":"open","sticky":false,"template":"","format":"standard","meta":{"footnotes":""},"categories":[47],"tags":[],"class_list":["post-78434","post","type-post","status-publish","format-standard","has-post-thumbnail","hentry","category-agenda"],"_links":{"self":[{"href":"https:\/\/enolife.com.ar\/es\/wp-json\/wp\/v2\/posts\/78434","targetHints":{"allow":["GET"]}}],"collection":[{"href":"https:\/\/enolife.com.ar\/es\/wp-json\/wp\/v2\/posts"}],"about":[{"href":"https:\/\/enolife.com.ar\/es\/wp-json\/wp\/v2\/types\/post"}],"author":[{"embeddable":true,"href":"https:\/\/enolife.com.ar\/es\/wp-json\/wp\/v2\/users\/3"}],"replies":[{"embeddable":true,"href":"https:\/\/enolife.com.ar\/es\/wp-json\/wp\/v2\/comments?post=78434"}],"version-history":[{"count":0,"href":"https:\/\/enolife.com.ar\/es\/wp-json\/wp\/v2\/posts\/78434\/revisions"}],"wp:featuredmedia":[{"embeddable":true,"href":"https:\/\/enolife.com.ar\/es\/wp-json\/wp\/v2\/media\/78444"}],"wp:attachment":[{"href":"https:\/\/enolife.com.ar\/es\/wp-json\/wp\/v2\/media?parent=78434"}],"wp:term":[{"taxonomy":"category","embeddable":true,"href":"https:\/\/enolife.com.ar\/es\/wp-json\/wp\/v2\/categories?post=78434"},{"taxonomy":"post_tag","embeddable":true,"href":"https:\/\/enolife.com.ar\/es\/wp-json\/wp\/v2\/tags?post=78434"}],"curies":[{"name":"wp","href":"https:\/\/api.w.org\/{rel}","templated":true}]}}