{"id":78280,"date":"2022-09-30T21:32:06","date_gmt":"2022-09-30T21:32:06","guid":{"rendered":"http:\/\/enolife.com.ar\/es\/?p=78280"},"modified":"2022-10-05T20:02:17","modified_gmt":"2022-10-05T20:02:17","slug":"con-solo-162-ha-de-vinas-buenos-aires-tendra-su-ley-de-promocion-vitivinicola-y-marca-propia-de-vino","status":"publish","type":"post","link":"https:\/\/enolife.com.ar\/es\/con-solo-162-ha-de-vinas-buenos-aires-tendra-su-ley-de-promocion-vitivinicola-y-marca-propia-de-vino\/","title":{"rendered":"Con s\u00f3lo 162 ha de vi\u00f1as, Buenos Aires tendr\u00e1 su ley de promoci\u00f3n vitivin\u00edcola y marca propia de vino"},"content":{"rendered":"\n<h4 class=\"wp-block-heading\"><em><strong>Un proyecto de ley presentado el 29\/9 en la Legislatura de Buenos Aires, elaborado por el senador del Frente de Todos Luis Omar Vivona (izq. de la foto principal), ya tiene media sanci\u00f3n y se encamina a su aprobaci\u00f3n definitiva en Diputados. La norma establecer\u00e1 impulsar la industria del vino en todo el territorio bonaerense, a partir de la creaci\u00f3n de un r\u00e9gimen de promoci\u00f3n e incentivos. Entre sus reglamentaciones se incluye la conformaci\u00f3n de un registro provincial de vi\u00f1edos y bodegas, un centro t\u00e9cnico vit\u00edcola, beneficios impositivos y la creaci\u00f3n de la marca \u00abVino Buenos Aires\u00bb, para estampar en los productos elaborados. <\/strong><\/em><\/h4>\n\n\n\n<div style=\"height:20px\" aria-hidden=\"true\" class=\"wp-block-spacer\"><\/div>\n\n\n<a href=\"https:\/\/www.facebook.com\/SindicatoContratitas\/\" aria-label=\"banner contratistas 1700&#215;500\"><img loading=\"lazy\" decoding=\"async\" src=\"https:\/\/enolife.com.ar\/es\/wp-content\/uploads\/2020\/08\/banner-contratistas-1700x500-1.jpg\" alt=\"\"  srcset=\"https:\/\/enolife.com.ar\/es\/wp-content\/uploads\/2020\/08\/banner-contratistas-1700x500-1.jpg 1700w, https:\/\/enolife.com.ar\/es\/wp-content\/uploads\/2020\/08\/banner-contratistas-1700x500-1-300x88.jpg 300w, https:\/\/enolife.com.ar\/es\/wp-content\/uploads\/2020\/08\/banner-contratistas-1700x500-1-1024x301.jpg 1024w, https:\/\/enolife.com.ar\/es\/wp-content\/uploads\/2020\/08\/banner-contratistas-1700x500-1-768x226.jpg 768w, https:\/\/enolife.com.ar\/es\/wp-content\/uploads\/2020\/08\/banner-contratistas-1700x500-1-1536x452.jpg 1536w, https:\/\/enolife.com.ar\/es\/wp-content\/uploads\/2020\/08\/banner-contratistas-1700x500-1-1170x344.jpg 1170w, https:\/\/enolife.com.ar\/es\/wp-content\/uploads\/2020\/08\/banner-contratistas-1700x500-1-585x172.jpg 585w\" sizes=\"auto, (max-width: 1700px) 100vw, 1700px\" width=\"1700\" height=\"500\"   \/><\/a>\n\n\n<div style=\"height:72px\" aria-hidden=\"true\" class=\"wp-block-spacer\"><\/div>\n\n\n\n<p>Seg\u00fan datos del <strong>Instituto Nacional de Vitivinicultura (INV)<\/strong>, la provincia de Buenos Aires tiene una superficie de vid de 162 hect\u00e1reas, distribuidos en 52 vi\u00f1edos (datos al 2021) plantados en su mayor\u00eda a partir del a\u00f1o 2015. En la cosecha del a\u00f1o 2021, se ingresaron a los establecimientos elaboradores 3.227 quintales de uva, lo que signific\u00f3 un crecimiento del 260% en los \u00faltimos 6 a\u00f1os.<\/p>\n\n\n\n<p>En funci\u00f3n de estos n\u00fameros positivos, el senador de la provincia de Buenos Aires, que cumple la funci\u00f3n de vicepresidente primero de la C\u00e1mara de Senadores, <strong>Luis Omar Vivona (Frente de Todos,<\/strong> peronista oficialista), present\u00f3 un proyecto de ley con la finalidad de promover esta actividad. La propuesta de la nueva norma fue acogida el lunes 26\/9 en la&nbsp;<strong>comisi\u00f3n de Comercio Interior, Pymes y Turismo<\/strong>, que preside la radical&nbsp;<strong>Flavia Delmonte<\/strong>, y obtuvo media sanci\u00f3n de Senadores el 29\/9.<\/p>\n\n\n\n<p><em>\u00abLa provincia de Buenos Aires tiene una historia con el&nbsp;vino, que cambi\u00f3 la Ley 12137 impulsada por el presidente Justo, que s\u00f3lo le permiti\u00f3 a la provincia de Cuyo la posibilidad de llevar adelante la actividad. Realidad que se modific\u00f3 en el a\u00f1o 2000 cuando nuevamente los bonaerenses tuvieron la posibilidad de realizar la producci\u00f3n de vi\u00f1edos\u00bb<\/em>, rese\u00f1\u00f3&nbsp;<strong>Vivona<\/strong>&nbsp;durante el debate en el recinto.<\/p>\n\n\n\n<div style=\"height:20px\" aria-hidden=\"true\" class=\"wp-block-spacer\"><\/div>\n\n\n\n<figure class=\"wp-block-video aligncenter\"><video controls src=\"https:\/\/enolife.com.ar\/es\/wp-content\/uploads\/2022\/09\/ssstwitter.com_1664500592768.mp4\"><\/video><\/figure>\n\n\n\n<div style=\"height:20px\" aria-hidden=\"true\" class=\"wp-block-spacer\"><\/div>\n\n\n\n<p>En este sentido, el senador del oficialismo afirm\u00f3: <em>\u00aba partir de ah\u00ed comenzaron a surgir bodegas, como las de Coronel Pringles, Ca\u00f1uelas, Balcarce, Jun\u00edn, Tandil, General Villegas y much\u00edsimos m\u00e1s&#8230; Y a partir de esta realidad fue que arrancamos a juntarnos con los productores de vinos y actores del sector para ir enriqueciendo esta ley que crea un centro vitivin\u00edcola para fomentar la investigaci\u00f3n y producci\u00f3n vitivin\u00edcola\u00bb.<\/em><\/p>\n\n\n\n<div style=\"height:20px\" aria-hidden=\"true\" class=\"wp-block-spacer\"><\/div>\n\n\n\n<p class=\"has-medium-font-size\"><strong>Qu\u00e9 incluye el proyecto<\/strong><\/p>\n\n\n\n<ul class=\"wp-block-list\"><li>R\u00e9gimen de promoci\u00f3n e incentivo para la industria vitivin\u00edcola y el comercio de la provincia de Buenos Aires.<\/li><li>Desarrollar un centro t\u00e9cnico vitivin\u00edcola para promover la investigaci\u00f3n cient\u00edfica, t\u00e9cnica y tecnol\u00f3gica de la industria.<\/li><li>Crear la marca \u00abVino Buenos Aires\u00bb para promover la comercializaci\u00f3n del vino producido en la provincia.<\/li><li>Priorizar por parte del Estado Provincial la compra de productos vitivin\u00edcolas de la provincia de Buenos Aires.<\/li><li>Garantizar un 2% de las g\u00f3ndolas de los establecimientos mayores a los 2500 m2 de vinos de la provincia.<\/li><li>Modificar la al\u00edcuota de ingresos brutos para reducir la presi\u00f3n tributaria sobre los productores vitivin\u00edcolas bonaerenses.<\/li><li>Crear un registro de vi\u00f1edos y bodegas que les permita exceptuarse del pago del impuesto inmobiliario rural a productores.<\/li><li>Incluir a la producci\u00f3n de vinos en el Fondo de Garant\u00edas de Buenos Aires (FOGABA) y el fondo fiduciario Provincia en Marcha.<\/li><li>Instar al ejecutivo provincial a promover incentivos para nuevos vi\u00f1edos y realizar campa\u00f1as para promover el enoturismo.<\/li><li>Brindar ayuda log\u00edstica para la participaci\u00f3n de productores en premios y concursos.<\/li><li>Generar un sitio web para informar sobre vi\u00f1edo y bodegas.<\/li><li>Al\u00edcuota de 1,5 por ciento del Impuesto sobre los Ingresos Brutos para las actividades de venta al por mayor de vino.<\/li><\/ul>\n\n\n\n<div style=\"height:20px\" aria-hidden=\"true\" class=\"wp-block-spacer\"><\/div>\n\n\n\n<p>A la vez, la iniciativa promueve beneficios impositivos para aquellas bodegas bonaerenses que lleven adelante ventas al exterior de vino a granel, las cuales estar\u00e1n exentas del pago de impuesto inmobiliario rural por un plazo de 10 a\u00f1os y tendr\u00e1n un cr\u00e9dito fiscal aplicable al pago de ingresos brutos.<\/p>\n\n\n\n<p><em>\u00abEsta ley pone en valor no solo la industria sino tambi\u00e9n la posibilidad de generar trabajo y turismo nuestra provincia\u00bb<\/em>, afirm\u00f3 Vivona. Y a\u00f1adi\u00f3: <em>\u00abEs el reconocimiento para aquellos trabajadores de la tierra y el comienzo de algo que va a seguir creciendo porque no me cabe dudas que la provincia de Buenos Aires se va a posicionar como exportadora de vinos\u00bb<\/em>.<\/p>\n\n\n\n<p><em>\u00abEs muy importante este proyecto, la vitivin\u00edcola es una de las industrias m\u00e1s relevantes de las provincias de Cuyo, pero hace mucho tiempo se viene desarrollando de forma sostenida en Buenos Aires, con muy buenas repercusiones. Tiene muchas potencialidades, m\u00e1s all\u00e1 de la exportaci\u00f3n de la vid, es un medio m\u00e1s para fomentar el turismo\u00bb<\/em>, asegur\u00f3 por su parte el<strong> radical Ariel Mart\u00ednez Bordaisco.<\/strong><\/p>\n\n\n\n<p>Y agreg\u00f3 Bordaisco: \u00ab<em>En Mar del Plata hay varios emprendimientos que combinan los productos de calidad de la industria vitivin\u00edcola con una propuesta tur\u00edstica para la ciudad. Eso est\u00e1 pasando en toda la Quinta secci\u00f3n electoral, en Balcarce, General Madariaga, y Mar del Plata. Por el terreno y el clima son viables para este tipo de producci\u00f3n, combina perfecto con la industria tur\u00edstica, hay mucho inter\u00e9s por nuestro vino, que es el malbec. Todas estas herramientas de promoci\u00f3n y de exensiones est\u00e1n muy bien vistas por el sector y por los legisladores, hubo consenso un\u00e1nime para aprobarlos\u00bb.<\/em><\/p>\n\n\n\n<div style=\"height:48px\" aria-hidden=\"true\" class=\"wp-block-spacer\"><\/div>\n\n\n\n<p class=\"has-small-font-size\"><strong><em>Fuente: diputadosbsas.com.ar y Ley Vino Buenos Aires<\/em><\/strong><\/p>\n\n\n\n<div style=\"height:45px\" aria-hidden=\"true\" class=\"wp-block-spacer\"><\/div>\n","protected":false},"excerpt":{"rendered":"<p>Un proyecto de ley presentado el 29\/9 en la Legislatura de Buenos Aires, elaborado por&hellip;<\/p>\n","protected":false},"author":3,"featured_media":78340,"comment_status":"open","ping_status":"open","sticky":false,"template":"","format":"standard","meta":{"footnotes":""},"categories":[14],"tags":[],"class_list":["post-78280","post","type-post","status-publish","format-standard","has-post-thumbnail","hentry","category-news"],"_links":{"self":[{"href":"https:\/\/enolife.com.ar\/es\/wp-json\/wp\/v2\/posts\/78280","targetHints":{"allow":["GET"]}}],"collection":[{"href":"https:\/\/enolife.com.ar\/es\/wp-json\/wp\/v2\/posts"}],"about":[{"href":"https:\/\/enolife.com.ar\/es\/wp-json\/wp\/v2\/types\/post"}],"author":[{"embeddable":true,"href":"https:\/\/enolife.com.ar\/es\/wp-json\/wp\/v2\/users\/3"}],"replies":[{"embeddable":true,"href":"https:\/\/enolife.com.ar\/es\/wp-json\/wp\/v2\/comments?post=78280"}],"version-history":[{"count":0,"href":"https:\/\/enolife.com.ar\/es\/wp-json\/wp\/v2\/posts\/78280\/revisions"}],"wp:featuredmedia":[{"embeddable":true,"href":"https:\/\/enolife.com.ar\/es\/wp-json\/wp\/v2\/media\/78340"}],"wp:attachment":[{"href":"https:\/\/enolife.com.ar\/es\/wp-json\/wp\/v2\/media?parent=78280"}],"wp:term":[{"taxonomy":"category","embeddable":true,"href":"https:\/\/enolife.com.ar\/es\/wp-json\/wp\/v2\/categories?post=78280"},{"taxonomy":"post_tag","embeddable":true,"href":"https:\/\/enolife.com.ar\/es\/wp-json\/wp\/v2\/tags?post=78280"}],"curies":[{"name":"wp","href":"https:\/\/api.w.org\/{rel}","templated":true}]}}