{"id":7809,"date":"2020-02-16T13:56:23","date_gmt":"2020-02-16T13:56:23","guid":{"rendered":"http:\/\/enolife.com.ar\/es\/?p=7809"},"modified":"2020-02-18T23:03:41","modified_gmt":"2020-02-18T23:03:41","slug":"el-iscamen-controla-la-higiene-y-el-traslado-de-uva-para-combatir-la-polilla-de-la-vid-en-vendimia","status":"publish","type":"post","link":"https:\/\/enolife.com.ar\/es\/el-iscamen-controla-la-higiene-y-el-traslado-de-uva-para-combatir-la-polilla-de-la-vid-en-vendimia\/","title":{"rendered":"El Iscamen controla la higiene y el traslado de uva para combatir la polilla de la vid en vendimia"},"content":{"rendered":"\n<h4 class=\"wp-block-heading\"><em><strong>En los \u00faltimos dos a\u00f1os, tras numerosos operativos de vigilancia y erradicaci\u00f3n de la plaga lobesia botrana, en los cuatro oasis productivos de Mendoza los niveles de detecci\u00f3n del insecto han disminuido un 95%. <\/strong><\/em><\/h4>\n\n\n\n<hr class=\"wp-block-separator\"\/>\n\n\n\n<h4 class=\"wp-block-heading\"><em><strong>El Oasis Sur es el que presenta las mejores condiciones sanitarias: sobre las 16.000 hect\u00e1reas cultivadas, 11.000 no presentan detecciones de la polilla de la vid. Por ello, para evitar que la plaga viaje de un oasis productivo a otro, el Iscamen intensifica los controles con una nueva barrera sanitaria en Pareditas, San Carlos. Tambi\u00e9n puso a disposici\u00f3n de los productores un formulario para certificar ante el Senasa un \u00e1rea libre de lobesia botrana.<\/strong><\/em><\/h4>\n\n\n\n<div style=\"height:20px\" aria-hidden=\"true\" class=\"wp-block-spacer\"><\/div>\n\n\n\n<p>Para sostener los logros alcanzados en los \u00faltimos a\u00f1os en el combate contra la polilla de la vid, en esta \u00e9poca de cosecha es importante que los productores de uva realicen&nbsp;<strong>acciones preventivas a fin de evitar una dispersi\u00f3n de la plaga<\/strong>&nbsp;hacia zonas con menor incidencia. Para este fin, el Iscamen puso en funcionamiento un nuevo puesto de control fitosanitario transitorio en la intersecci\u00f3n de las rutas 40 y 143, en Pareditas, San Carlos. All\u00ed, los agentes sanitarios inspeccionan exclusivamente cargas comerciales y buscan proteger la \u00f3ptima situaci\u00f3n sanitaria de los departamentos de San Rafael y General Alvear.<\/p>\n\n\n\n<p>En Mendoza, la&nbsp;Resoluci\u00f3n 29-I-14 el Instituto de Sanidad y Calidad Agropecuaria Mendoza establece diversas obligaciones para el movimiento de uva, limpieza, transporte y otras tareas culturales y productivas, a fin de&nbsp; evitar la dispersi\u00f3n de la plaga. A la par, est\u00e1 facultado para colocar fuertes multas a los infractores que ponen en riesgo la buena situaci\u00f3n fitosanitaria alcanzada.<\/p>\n\n\n\n<div style=\"height:20px\" aria-hidden=\"true\" class=\"wp-block-spacer\"><\/div>\n\n\n\n<p class=\"has-background has-vivid-green-cyan-background-color\"><strong> Ver resoluci\u00f3n: <a href=\"http:\/\/168.194.207.98\/iscamen\/img\/upload\/portal\/fbac5c61ef8f20a768175dd547524003.pdf\">http:\/\/168.194.207.98\/iscamen\/img\/upload\/portal\/fbac5c61ef8f20a768175dd547524003.pdf<\/a><\/strong><\/p>\n\n\n\n<div style=\"height:55px\" aria-hidden=\"true\" class=\"wp-block-spacer\"><\/div>\n\n\n\n<p class=\"has-medium-font-size\"><strong>Exigencias para el movimiento de uva<\/strong><\/p>\n\n\n\n<div style=\"height:20px\" aria-hidden=\"true\" class=\"wp-block-spacer\"><\/div>\n\n\n\n<div class=\"wp-block-image\"><figure class=\"alignright is-resized\"><img loading=\"lazy\" decoding=\"async\" src=\"https:\/\/lh3.googleusercontent.com\/proxy\/r1G0YZrvla-lOPFvoeX3qwHoznWU9E9iwAFMygsWt5Ry9Sz-Y_XBazey1LR0394b7UkQfDd1O8suY4y623owBLLwNqfFhxwfQ0dCnZorchCqXsaGNi8J6ui_Y6wwPQ\" alt=\"Resultado de imagen para traslado de uva\" width=\"351\" height=\"263\"\/><\/figure><\/div>\n\n\n\n<ul class=\"wp-block-list\"><li>Todo movimiento de uva desde la finca hasta la bodega, acopio y\/o empaque, cualquiera sea su envase contenedor,&nbsp;<strong>debe ser cubierto en su totalidad con carpa o malla de trama 80%<\/strong>. Si la carga es a granel,&nbsp;<strong>debe quedar un espacio de al menos 10 cent\u00edmetros entre la parte superior de la carga y el borde de la baranda<\/strong>.<br><br><\/li><li><strong>Queda restringido el traslado de uva en fresco,<\/strong>&nbsp;cualquiera sea su tipo,&nbsp;<strong>desde el Oasis Norte o Este hacia el Valle de Uco o Sur y desde el Valle de Uco hacia el Oasis Sur<\/strong>&nbsp;de la provincia de Mendoza. Se permite \u00fanicamente el traslado de uva una vez realizado el proceso de obtenci\u00f3n del mosto dentro del Oasis de origen.<br><br><\/li><li>En este sentido, las Barreras Sanitarias internas de Zapata, Tupungato y Pareditas realizan acciones para cumplimentar estas medidas.&nbsp;<br><br><\/li><li>Los traslados podr\u00e1n realizarse llevando a cabo el proceso de obtenci\u00f3n del mosto (descobajado, molienda, escurrido y prensado) dentro de los oasis de origen de la uva, para luego proceder al traslado del mosto virgen y\/o en fermentaci\u00f3n obtenido de uvas blancas o mezclas. En estos casos, el mosto deber\u00e1 estar libre de restos s\u00f3lidos, como orujos y escobajos, los cuales podr\u00edan constituir un medio de dispersi\u00f3n de la plaga&nbsp;<em>Lobesia botrana.<\/em><br><br><\/li><li>Respecto de las&nbsp;<strong>uvas tintas, podr\u00e1n trasladarse molidas con los orujos para su fermentaci\u00f3n.<\/strong><\/li><\/ul>\n\n\n\n<div style=\"height:20px\" aria-hidden=\"true\" class=\"wp-block-spacer\"><\/div>\n\n\n\n<p class=\"has-medium-font-size\"><strong>Limpieza a fondo en bodegas y transportes<\/strong><\/p>\n\n\n\n<div style=\"height:20px\" aria-hidden=\"true\" class=\"wp-block-spacer\"><\/div>\n\n\n\n<div class=\"wp-block-image\"><figure class=\"alignleft is-resized\"><img loading=\"lazy\" decoding=\"async\" src=\"http:\/\/168.194.207.98\/iscamen\/img\/upload\/portal\/6ec835e509ebf74392cf09bb949b39d0.jpg\" alt=\"\" width=\"277\" height=\"405\"\/><\/figure><\/div>\n\n\n\n<ul class=\"wp-block-list\"><li>Los usuarios de cualquier tipo de envases contenedores de uva para cosecha y acarreo deben lavarlos con agua a presi\u00f3n. Todo contenedor utilizado para el traslado de las uvas hacia las bodegas, como tachos, bandejas, cajas cosecheras de distintos materiales, bienes, gamelas \u2013sin importar el lugar de procedencia de la uva\u2013 debe ser sometido a esa pr\u00e1ctica, previo a su egreso de los establecimientos elaboradores.<br><br><\/li><li>El mismo procedimiento de limpieza debe realizarse con la carpa del cami\u00f3n, as\u00ed como retirar restos de racimos de las barandas, buches y cadenas, en caso de cargas realizadas a granel.<br><br><\/li><li>El operativo de&nbsp;<strong>limpieza de todo material de transporte es responsabilidad tanto de la bodega como del transportista, el cual debe transitar con los envases limpios, sin restos vegetales y con el correspondiente certificado entregado por la bodega, solamente para esa carga.<\/strong><br><br><\/li><li>El mismo criterio deben seguir acopiadores y\/o empacadores y transportistas.<\/li><\/ul>\n\n\n\n<div style=\"height:20px\" aria-hidden=\"true\" class=\"wp-block-spacer\"><\/div>\n\n\n\n<p class=\"has-medium-font-size\"><strong>M\u00e1quinas cosechadoras<\/strong><\/p>\n\n\n\n<div style=\"height:20px\" aria-hidden=\"true\" class=\"wp-block-spacer\"><\/div>\n\n\n\n<div class=\"wp-block-image\"><figure class=\"alignleft is-resized\"><img loading=\"lazy\" decoding=\"async\" src=\"https:\/\/www.acovi.com.ar\/principal\/wp-content\/uploads\/2017\/01\/Cosechadoras-6.jpg\" alt=\"Resultado de imagen para maquinas cosechadoras de uva\" width=\"371\" height=\"207\"\/><\/figure><\/div>\n\n\n\n<ul class=\"wp-block-list\"><li>Es obligaci\u00f3n lavar con agua a presi\u00f3n en cada finca&nbsp; las maquinarias utilizadas, especialmente las cosechadoras mec\u00e1nicas, previo al egreso de la misma.<br><br><\/li><li>Las m\u00e1quinas cosechadoras que luego de trabajar en el Oasis Norte y Este se dirijan a otra provincia o hacia los oasis Centro y Sur de Mendoza, deben realizar la desinsectaci\u00f3n en la sede de ISCAMEN en Km 8, Guaymall\u00e9n, donde se emite un certificado de desinfecci\u00f3n. Ese procedimiento tambi\u00e9n lo deben realizar aquellos usuarios de maquinarias que hayan prestado servicio en el Valle de Uco y se dirijan al Oasis Sur o a otra provincia.<br><br><\/li><li>La desinsectaci\u00f3n obligatoria para la maquinaria de cosecha de uva debe realizarse, previo pedido de turno, en el Centro de Desinsectaci\u00f3n que el ISCAMEN dispone en calle Silvano Rodr\u00edguez s\/n, distrito Km 8, Guaymall\u00e9n. Los propietarios, usuarios o tenedores por cualquier t\u00edtulo de maquinarias deben presentar al ISCAMEN un plan de trabajo quincenal, mientras que los costos de la desinsectaci\u00f3n de maquinarias quedan a cargo de los interesados.<\/li><\/ul>\n\n\n\n<div style=\"height:20px\" aria-hidden=\"true\" class=\"wp-block-spacer\"><\/div>\n\n\n\n<p class=\"has-medium-font-size\"><strong>Recomendaciones<\/strong><\/p>\n\n\n\n<p><strong>Antes y durante la cosecha:<\/strong><\/p>\n\n\n\n<ul class=\"wp-block-list\"><li>No realizar tratamientos generalizados con insecticidas.<br><\/li><li>Tener especial cuidado en la cosecha. La polilla puede viajar&nbsp; en los elementos de trabajo, ropa de los operarios, tractores e implementos y los materiales usados en la cosecha: tachos, tijeras y carpas.<br><\/li><li>No utilizar elementos de trabajo que se hayan usado en vi\u00f1edos posiblemente afectados.<br><\/li><li>No permitir el ingreso de maquinaria cosechadora si la misma muestra presencia de restos vegetales. Exigir la limpieza previa de dichos elementos.<br><\/li><li>Realizar una cosecha completa y prolija, evitando dejar racimos en donde la plaga pueda continuar su ciclo reproductivo.<br><\/li><li>Asesorarse con un t\u00e9cnico de confianza<\/li><\/ul>\n\n\n\n<div style=\"height:20px\" aria-hidden=\"true\" class=\"wp-block-spacer\"><\/div>\n\n\n\n<p><strong>Luego de cosecha:<\/strong><\/p>\n\n\n\n<ul class=\"wp-block-list\"><li>Descargar la fruta remanente despu\u00e9s de la cosecha y destruir los residuos vegetales de cosecha dentro del mismo predio (melesca).<br><\/li><li>Podar las plantas de vid para facilitar los tratamientos que deban realizarse en el futuro, con productos aprobados por el Senasa y destruir el material resultante de la poda dentro del mismo predio.<br><\/li><li>Denunciar ante el ISCAMEN&nbsp; la presencia o da\u00f1o sospechoso de la plaga.<br><\/li><li>Permitir el ingreso de los inspectores oficiales de ISCAMEN para realizar supervisiones o fiscalizar las actividades de vigilancia y control.<br><\/li><li>Asimismo, se recomienda a las bodegas de las zonas con presencia de polilla de la vid destruir escobajos, orujos frescos y otros subproductos obtenidos del proceso industrial.<br><\/li><li>Los vecinos de las zonas rurales y urbanas que tengan parras de uva en sus casas deben recolectar todos los racimos. No dejar racimos en los vi\u00f1edos y parrales caseros es fundamental para evitar que la plaga se disperse.<\/li><\/ul>\n\n\n\n<div style=\"height:20px\" aria-hidden=\"true\" class=\"wp-block-spacer\"><\/div>\n\n\n\n<p class=\"has-small-font-size\"><strong><em>Fuente: Iscamen<\/em><\/strong><\/p>\n","protected":false},"excerpt":{"rendered":"<p>En los \u00faltimos dos a\u00f1os, tras numerosos operativos de vigilancia y erradicaci\u00f3n de la plaga&hellip;<\/p>\n","protected":false},"author":3,"featured_media":7823,"comment_status":"open","ping_status":"open","sticky":false,"template":"","format":"standard","meta":{"footnotes":""},"categories":[5],"tags":[],"class_list":["post-7809","post","type-post","status-publish","format-standard","has-post-thumbnail","hentry","category-fincas"],"_links":{"self":[{"href":"https:\/\/enolife.com.ar\/es\/wp-json\/wp\/v2\/posts\/7809","targetHints":{"allow":["GET"]}}],"collection":[{"href":"https:\/\/enolife.com.ar\/es\/wp-json\/wp\/v2\/posts"}],"about":[{"href":"https:\/\/enolife.com.ar\/es\/wp-json\/wp\/v2\/types\/post"}],"author":[{"embeddable":true,"href":"https:\/\/enolife.com.ar\/es\/wp-json\/wp\/v2\/users\/3"}],"replies":[{"embeddable":true,"href":"https:\/\/enolife.com.ar\/es\/wp-json\/wp\/v2\/comments?post=7809"}],"version-history":[{"count":0,"href":"https:\/\/enolife.com.ar\/es\/wp-json\/wp\/v2\/posts\/7809\/revisions"}],"wp:featuredmedia":[{"embeddable":true,"href":"https:\/\/enolife.com.ar\/es\/wp-json\/wp\/v2\/media\/7823"}],"wp:attachment":[{"href":"https:\/\/enolife.com.ar\/es\/wp-json\/wp\/v2\/media?parent=7809"}],"wp:term":[{"taxonomy":"category","embeddable":true,"href":"https:\/\/enolife.com.ar\/es\/wp-json\/wp\/v2\/categories?post=7809"},{"taxonomy":"post_tag","embeddable":true,"href":"https:\/\/enolife.com.ar\/es\/wp-json\/wp\/v2\/tags?post=7809"}],"curies":[{"name":"wp","href":"https:\/\/api.w.org\/{rel}","templated":true}]}}