{"id":77953,"date":"2022-09-28T13:46:16","date_gmt":"2022-09-28T13:46:16","guid":{"rendered":"http:\/\/enolife.com.ar\/es\/?p=77953"},"modified":"2022-09-28T13:46:16","modified_gmt":"2022-09-28T13:46:16","slug":"debate-en-la-uncuyo-finanzas-publicas-en-argentina-por-que-estamos-como-estamos","status":"publish","type":"post","link":"https:\/\/enolife.com.ar\/es\/debate-en-la-uncuyo-finanzas-publicas-en-argentina-por-que-estamos-como-estamos\/","title":{"rendered":"Debate en la UNCuyo: \u00abFinanzas p\u00fablicas en Argentina \u00bfPor qu\u00e9 estamos como estamos?\u00bb"},"content":{"rendered":"\n<h4 class=\"wp-block-heading\"><em><strong>El Centro de Estudios y Finanzas P\u00fablicas para el Desarrollo Sostenible de Mendoza comienza un ciclo de charlas y debates en la Facultad de Ciencias Pol\u00edticas y Sociales de la UNCuyo con el objetivo de generar un espacio que promueva el an\u00e1lisis hist\u00f3rico y de coyuntura de Argentina. El primer encuentro se realizar\u00e1 el 30\/9 a las 18.30 hs en la Facultad de Ciencias Pol\u00edticas y Sociales de la UNCuyo. Los disertantes invitados son los economistas Mart\u00edn Tetaz -diputado nacional de Juntos por el Cambio- y Ra\u00fal Mercau -decano y rector em\u00e9rito de la Universidad de Champagnat-, quienes hablaran sobre \u00abFinanzas p\u00fablicas en Argentina: Los temas claves para saber por qu\u00e9 estamos como estamos\u00bb. La participaci\u00f3n es libre y gratuita.<\/strong><\/em><\/h4>\n\n\n\n<div style=\"height:31px\" aria-hidden=\"true\" class=\"wp-block-spacer\"><\/div>\n\n\n<a href=\"https:\/\/www.irrigacion.gov.ar\/web\/\" aria-label=\"irrigaci\u00f3n-1700X500\"><img loading=\"lazy\" decoding=\"async\" src=\"https:\/\/enolife.com.ar\/es\/wp-content\/uploads\/2021\/02\/irrigacion-1700X500.gif\" alt=\"\"  width=\"1700\" height=\"500\"   \/><\/a>\n\n\n<div style=\"height:55px\" aria-hidden=\"true\" class=\"wp-block-spacer\"><\/div>\n\n\n\n<div class=\"wp-block-image\"><figure class=\"alignleft size-large is-resized\"><img loading=\"lazy\" decoding=\"async\" src=\"https:\/\/enolife.com.ar\/es\/wp-content\/uploads\/2022\/09\/7c283178-6ac8-4c35-a526-c06bc041b5d4.jpg\" alt=\"\" class=\"wp-image-78012\" width=\"264\" height=\"319\" srcset=\"https:\/\/enolife.com.ar\/es\/wp-content\/uploads\/2022\/09\/7c283178-6ac8-4c35-a526-c06bc041b5d4.jpg 332w, https:\/\/enolife.com.ar\/es\/wp-content\/uploads\/2022\/09\/7c283178-6ac8-4c35-a526-c06bc041b5d4-249x300.jpg 249w\" sizes=\"auto, (max-width: 264px) 100vw, 264px\" \/><\/figure><\/div>\n\n\n\n<p>El <strong>Centro de Estudios de Finanzas P\u00fablicas para el Desarrollo Sostenible<\/strong> es una organizaci\u00f3n conformada en 2018 por un grupo integrado por docentes, estudiantes, graduados, investigadores y referentes acad\u00e9micos, sociales y pol\u00edticos, cuyo objetivo declarado es generar espacios interdisciplinarios plurales que promuevan el estudio, desarrollo, intercambios institucionales, an\u00e1lisis de experiencias comparadas y divulgaci\u00f3n de los temas referidos a las finanzas p\u00fablicas y su vinculaci\u00f3n con el desarrollo sostenible y sus diversas dimensiones. <\/p>\n\n\n\n<p>Dentro de esta tem\u00e1tica, el Centro inicia este pr\u00f3ximo viernes 30\/9\/22, desde las 18.30 en la Facultad de Ciencias Pol\u00edticas y Sociales de la UNCuyo, Campus Mendoza, un ciclo de debates multidisciplinarios orientados a impulsar una agenda de desarrollo econ\u00f3mico, productivo y sustentable. El tema espec\u00edfico ser\u00e1 <strong>\u00abFinanzas p\u00fablicas en Argentina: Los temas claves para saber por qu\u00e9 estamos como estamos\u00bb<\/strong>.<\/p>\n\n\n\n<p class=\"has-background has-very-light-gray-background-color\"><strong>Lugar<\/strong>: Facultad de Ciencias Pol\u00edticas y Sociales de la UNCuyo, Aula Magna del Bloque de Aulas Comunes y Tecnol\u00f3gicas (BACT)<\/p>\n\n\n\n<div style=\"height:20px\" aria-hidden=\"true\" class=\"wp-block-spacer\"><\/div>\n\n\n\n<p class=\"has-medium-font-size\"><strong>Disertantes<\/strong><\/p>\n\n\n\n<div class=\"wp-block-image\"><figure class=\"alignleft is-resized\"><img loading=\"lazy\" decoding=\"async\" src=\"https:\/\/media-exp1.licdn.com\/dms\/image\/C4E03AQFAwQ4PKhI53g\/profile-displayphoto-shrink_800_800\/0\/1589202020905?e=1669852800&amp;v=beta&amp;t=lSbAMNqXh1LwzmexReTjQyMYjhM3dVhk-rZRTGs8itE\" alt=\"Foto de perfil de Mart\u00edn Tetaz\" width=\"127\" height=\"127\"\/><\/figure><\/div>\n\n\n\n<p><strong>Mart\u00edn Tetaz: <\/strong>Licenciado en Econom\u00eda de la Universidad Nacional de La Plata, donde ejerci\u00f3 como docente. Se desempe\u00f1a como diputado nacional por la Ciudad Aut\u00f3noma de Buenos Aires, cargo al que fue electo por Juntos por el Cambio. Es conferencista, columnista de medios de comunicaci\u00f3n y autor de libros y publicaciones varias.<\/p>\n\n\n\n<div style=\"height:20px\" aria-hidden=\"true\" class=\"wp-block-spacer\"><\/div>\n\n\n\n<div class=\"wp-block-image\"><figure class=\"alignleft is-resized\"><img loading=\"lazy\" decoding=\"async\" src=\"https:\/\/media-exp1.licdn.com\/dms\/image\/C5603AQENiMaxp7XJHA\/profile-displayphoto-shrink_800_800\/0\/1516305468642?e=1669852800&amp;v=beta&amp;t=HySt5VdKuiFswOiVklHuwM6P8SLCfAqR687WfnK3kZE\" alt=\"Foto de perfil de Raul Mercau\" width=\"131\" height=\"131\"\/><\/figure><\/div>\n\n\n\n<p><strong>Ra\u00fal Mercau:<\/strong> Licenciado en Econom\u00eda de la UNCuyo, Mendoza, Argentina. Realiz\u00f3 diversos masters en la Universidades de Georgetown, San Francisco (EEUU) y Ja\u00e9n (Espa\u00f1a). Fue ministro de Producci\u00f3n, Tecnolog\u00eda e Innovaci\u00f3n de Mendoza, Argentina, y  asesor en la Organizaci\u00f3n de las Naciones Unidas (ONU), liderando un proyecto nacional en Argentina para expandir \u00e1reas rurales bajo riego con nuevos est\u00e1ndares de eficiencia. Es docente en la UNCuyo y rector en la Universidad de Champagnat.<\/p>\n\n\n\n<div style=\"height:45px\" aria-hidden=\"true\" class=\"wp-block-spacer\"><\/div>\n\n\n\n<p><\/p>\n","protected":false},"excerpt":{"rendered":"<p>El Centro de Estudios y Finanzas P\u00fablicas para el Desarrollo Sostenible de Mendoza comienza un&hellip;<\/p>\n","protected":false},"author":3,"featured_media":78016,"comment_status":"open","ping_status":"open","sticky":false,"template":"","format":"standard","meta":{"footnotes":""},"categories":[47],"tags":[],"class_list":["post-77953","post","type-post","status-publish","format-standard","has-post-thumbnail","hentry","category-agenda"],"_links":{"self":[{"href":"https:\/\/enolife.com.ar\/es\/wp-json\/wp\/v2\/posts\/77953","targetHints":{"allow":["GET"]}}],"collection":[{"href":"https:\/\/enolife.com.ar\/es\/wp-json\/wp\/v2\/posts"}],"about":[{"href":"https:\/\/enolife.com.ar\/es\/wp-json\/wp\/v2\/types\/post"}],"author":[{"embeddable":true,"href":"https:\/\/enolife.com.ar\/es\/wp-json\/wp\/v2\/users\/3"}],"replies":[{"embeddable":true,"href":"https:\/\/enolife.com.ar\/es\/wp-json\/wp\/v2\/comments?post=77953"}],"version-history":[{"count":0,"href":"https:\/\/enolife.com.ar\/es\/wp-json\/wp\/v2\/posts\/77953\/revisions"}],"wp:featuredmedia":[{"embeddable":true,"href":"https:\/\/enolife.com.ar\/es\/wp-json\/wp\/v2\/media\/78016"}],"wp:attachment":[{"href":"https:\/\/enolife.com.ar\/es\/wp-json\/wp\/v2\/media?parent=77953"}],"wp:term":[{"taxonomy":"category","embeddable":true,"href":"https:\/\/enolife.com.ar\/es\/wp-json\/wp\/v2\/categories?post=77953"},{"taxonomy":"post_tag","embeddable":true,"href":"https:\/\/enolife.com.ar\/es\/wp-json\/wp\/v2\/tags?post=77953"}],"curies":[{"name":"wp","href":"https:\/\/api.w.org\/{rel}","templated":true}]}}