{"id":7784,"date":"2020-02-15T18:30:56","date_gmt":"2020-02-15T18:30:56","guid":{"rendered":"http:\/\/enolife.com.ar\/es\/?p=7784"},"modified":"2020-02-18T16:13:20","modified_gmt":"2020-02-18T16:13:20","slug":"ante-criticas-y-una-crisis-interna-pepe-zuccardi-reemplaza-a-angel-leotta-al-frente-de-la-coviar","status":"publish","type":"post","link":"https:\/\/enolife.com.ar\/es\/ante-criticas-y-una-crisis-interna-pepe-zuccardi-reemplaza-a-angel-leotta-al-frente-de-la-coviar\/","title":{"rendered":"Ante cr\u00edticas y una crisis interna, \u00abPepe\u00bb Zuccardi reemplaza a \u00c1ngel Leotta al frente de la Coviar"},"content":{"rendered":"\n<h4 class=\"wp-block-heading\"><em><strong>El bodeguero y dirigente mendocino Jos\u00e9 Alberto \u00abPepe\u00bb Zuccardi presidir\u00e1 la&nbsp;Corporaci\u00f3n Vitivin\u00edcola Argentina&nbsp;(Coviar) durante los pr\u00f3ximos 3 a\u00f1os. El due\u00f1o de Santa Julia y Zuccardi Valle de Uco fue designado por el directorio de la entidad y asumir\u00e1 el 7 de marzo&nbsp;en el tradicional desayuno que organiza la Corporaci\u00f3n en la previa de la Fiesta de la Vendimia. Zuccardi sucede al sanjuanino Leotta, quien pasa a ser uno de los vicepresidentes junto al sanrafaelino Pablo Asens. Un cambio t\u00e1ctico que puede servir para limar asperezas y conseguir consenso de cara al pr\u00f3ximo lanzamiento del Plan Estrat\u00e9gico Vitivin\u00edcola 2030. <\/strong><\/em><\/h4>\n\n\n\n<div style=\"height:20px\" aria-hidden=\"true\" class=\"wp-block-spacer\"><\/div>\n\n\n\n<p>Actualmente, el empresario vitivin\u00edcola Jos\u00e9 Alberto \u00abPepe\u00bb Zuccardi ocupa tambi\u00e9n el cargo de  presidente de la&nbsp;<strong>Uni\u00f3n Vitivin\u00edcola Argentina&nbsp;(UVA)<\/strong> y es miembro del directorio de&nbsp;<strong>Wines of Argentina (WofA).&nbsp;<\/strong><\/p>\n\n\n\n<p>Desde la Coviar, divulgaron un comunicado explicando los motivos de la designaci\u00f3n: \u201cSi bien es un miembro hist\u00f3rico en el Directorio de Coviar, la designaci\u00f3n de Zuccardi por los pr\u00f3ximos tres a\u00f1os es consistente y sienta las bases de continuidad de una visi\u00f3n a futuro de la vitivinicultura que apuesta a la diversidad de actores y su vinculaci\u00f3n con la tierra, a la pluralidad de intereses y a su compleja articulaci\u00f3n en una misma mesa de discusi\u00f3n\u201d.<\/p>\n\n\n\n<p>El objetivo declarado de la gesti\u00f3n de Zuccardi ser\u00e1<strong>&nbsp;<\/strong>\u00abbuscar la sustentabilidad&nbsp;de toda la cadena de producci\u00f3n, de la uva en fresco a la pasa, del mosto a los graneles de calidad, ganando y conquistando nuevos mercados; del vino fraccionado almMalbec como embajador de la Argentina en el mundo; del potencial exportador a la consolidaci\u00f3n del mercado interno\u00bb.<\/p>\n\n\n\n<p>En el comunicado tras la elecci\u00f3n de Zuccardi, la Coviar asegura que buscar\u00e1n&nbsp;seguir trabajando articuladamente con el resto de los actores de la industria vitivin\u00edcola.<\/p>\n\n\n\n<div style=\"height:20px\" aria-hidden=\"true\" class=\"wp-block-spacer\"><\/div>\n\n\n\n<blockquote class=\"wp-block-quote is-layout-flow wp-block-quote-is-layout-flow\"><p><strong>\u00ab<\/strong>Trabajaremos en una&nbsp;articulaci\u00f3n virtuosa entre c\u00e1maras y federaciones del sector privado&nbsp;con los gobiernos nacional y provinciales, representados a trav\u00e9s de sus organismos t\u00e9cnicos como el&nbsp;INTA y el INV, y ministros de Producci\u00f3n y Econom\u00eda que son parte del Directorio. El fortalecimiento de la articulaci\u00f3n p\u00fablico-privada en el seno de la&nbsp;Coviar&nbsp;es la base de sustentabilidad de la futura planificaci\u00f3n estrat\u00e9gica para toda la cadena vitivin\u00edcola\u201d.<\/p><cite>En busca de acuerdos y consensos.<\/cite><\/blockquote>\n\n\n\n<div style=\"height:20px\" aria-hidden=\"true\" class=\"wp-block-spacer\"><\/div>\n\n\n\n<p class=\"has-medium-font-size\"><strong>Una interna agitada<\/strong><\/p>\n\n\n\n<p>La Coviar pasa por un momento de agitaci\u00f3n interna. Varias entidades que la componen, como Bodegas de Argentina, la C\u00e1mara de Bodegueros de San Juan, Carpa de la Rioja y el Centro de Vi\u00f1ateros y Bodegueros del Este manifestaron recientemente desacuerdos y pidieron cambios. Pero, seg\u00fan dijeron los \u00abrebeldes\u00bb, no tuvieron respuestas de la Corporaci\u00f3n.<\/p>\n\n\n\n<p>La interna viene desde hace a\u00f1os, pero tuvo un pico de tensi\u00f3n en junio de 2019, d\u00edas antes de la firma del acuerdo de libre comercio entre el Mercosur y la Uni\u00f3n Europea. En ese momento, la Coviar expuso su rechazo a las negociaciones, argumentando que el libre comercio sin las debidas regulaciones podr\u00eda generar un impacto negativo en el mercado local. En la vereda de enfrente, Bodegas de Argentina argument\u00f3 lo contrario, sosteniendo que el pacto con Europa traer\u00eda beneficios y mayores ventas de vino al exterior. <\/p>\n\n\n\n<p>Luego de fijar posici\u00f3n, Bodegas de Argentina hizo p\u00fablica una dura carta enviada a \u00c1ngel Leotta, el entonces presidente de la Corporaci\u00f3n. En ella se dec\u00eda tambi\u00e9n que Bodegas de Argentina se opon\u00eda \u00abal uso de la instituci\u00f3n como entidad gremial empresarial de segundo grado\u00bb. Y agregaba: \u00abLa Coviar ha perdido su Norte, alej\u00e1ndose de sus objetivos genuinos\u00bb. Al mismo tiempo, cuestionaba el destino que se le daba a fondos del presupuesto. En respuesta tambi\u00e9n p\u00fablica, \u00c1ngel Leotta respondi\u00f3 las cr\u00edticas y desconoci\u00f3 todas las acusaciones. <\/p>\n\n\n\n<p>Tras la tormenta de junio de 2019, luego vinieron fuertes olas como las cr\u00edtica de la diputada provincial de Cambia Mendoza, Josefina Canale. A fines de enero de 2020, Canale sostuvo que el pedido de la Coviar al gobierno nacional de prorrogar el Plan Estrat\u00e9gico Vitivin\u00edcola (PEVI) hasta el 2030 era \u00abtotalmente corporativo y absurdo\u00bb porque, argumentaba, \u00abel anterior PEVI 2020 tuvo un alto costo y escas\u00edsimos resultados\u00bb. Tras los dardos de Canale, al d\u00eda siguiente el gerente general de la Coviar, Carlos Fiochetta, la refut\u00f3 en una entrevista en MDZ Radio.<\/p>\n\n\n\n<p>As\u00ed las cosas, tras los cimbronazos internos, la designaci\u00f3n de \u00abPepe\u00bb Zuccardi puede interpretarse como un movimiento de tim\u00f3n para suavizar desencuentros y buscar consensos. La Coviar, entendemos, necesitar\u00e1 esas adhesiones y apoyos para cimentar su anunciado Plan Estrat\u00e9gico Vititin\u00edcola (PEVI) 2030, que ser\u00e1 presentado a la industria del vino durante el transcurso del presente a\u00f1o.<\/p>\n\n\n\n<div style=\"height:24px\" aria-hidden=\"true\" class=\"wp-block-spacer\"><\/div>\n\n\n\n<p class=\"has-background has-normal-font-size has-very-light-gray-background-color\"><strong>Qu\u00e9 es la Coviar<\/strong><br><br>Seg\u00fan de define en la web de la Coviar, \u00abLa Corporaci\u00f3n Vitivin\u00edcola Argentina (Coviar) es un organismo p\u00fablico-privado que gestiona y articula las acciones necesarias para cumplir con los objetivos del Plan Estrat\u00e9gico Argentina Vitivin\u00edcola 2020 (PEVI). Su objetivo es promover&nbsp;la organizaci\u00f3n e integraci\u00f3n de los actores de la cadena productiva, la innovaci\u00f3n de productos y procesos que acrecientan el valor agregado del sector, con la finalidad de ganar, mantener y consolidar mercados externos, consolidar el mercado interno argentino y lograr el desarrollo sostenido del sector.<\/p>\n\n\n\n<div style=\"height:30px\" aria-hidden=\"true\" class=\"wp-block-spacer\"><\/div>\n\n\n\n<p class=\"has-background has-normal-font-size has-light-green-cyan-background-color\"><strong>Zuccardi emplea a 850 personas<\/strong><br><br>Jos\u00e9 \u00abPepe\u00bb Zuccardi forma parte de la segunda generaci\u00f3n al frente de una empresa familiar, que ya integra a la tercera generaci\u00f3n. Con sus dos bodegas, Zuccardi Valle de Uco y Santa Julia, emplea en Argentina a 850 personas. Es uno de los principales exportadores de vinos fraccionados del pa\u00eds, destinado el 60% de su producci\u00f3n a los distintos mercados del mundo. Fue premiado con el IWC Lifetime Achivement Award (UK), en 2016, que reconoce la trayectoria internacional de empresarios del sector. Fue la primera vez que lo gan\u00f3 un argentino.<\/p>\n\n\n\n<div style=\"height:20px\" aria-hidden=\"true\" class=\"wp-block-spacer\"><\/div>\n\n\n\n<p class=\"has-small-font-size\"><em><strong>Fuentes: Infobae, Diario Los Andes, Coviar y V\u00eda Mendoza<\/strong><\/em><\/p>\n","protected":false},"excerpt":{"rendered":"<p>El bodeguero y dirigente mendocino Jos\u00e9 Alberto \u00abPepe\u00bb Zuccardi presidir\u00e1 la&nbsp;Corporaci\u00f3n Vitivin\u00edcola Argentina&nbsp;(Coviar) durante los&hellip;<\/p>\n","protected":false},"author":3,"featured_media":7791,"comment_status":"open","ping_status":"open","sticky":false,"template":"","format":"standard","meta":{"footnotes":""},"categories":[14],"tags":[],"class_list":["post-7784","post","type-post","status-publish","format-standard","has-post-thumbnail","hentry","category-news"],"_links":{"self":[{"href":"https:\/\/enolife.com.ar\/es\/wp-json\/wp\/v2\/posts\/7784","targetHints":{"allow":["GET"]}}],"collection":[{"href":"https:\/\/enolife.com.ar\/es\/wp-json\/wp\/v2\/posts"}],"about":[{"href":"https:\/\/enolife.com.ar\/es\/wp-json\/wp\/v2\/types\/post"}],"author":[{"embeddable":true,"href":"https:\/\/enolife.com.ar\/es\/wp-json\/wp\/v2\/users\/3"}],"replies":[{"embeddable":true,"href":"https:\/\/enolife.com.ar\/es\/wp-json\/wp\/v2\/comments?post=7784"}],"version-history":[{"count":0,"href":"https:\/\/enolife.com.ar\/es\/wp-json\/wp\/v2\/posts\/7784\/revisions"}],"wp:featuredmedia":[{"embeddable":true,"href":"https:\/\/enolife.com.ar\/es\/wp-json\/wp\/v2\/media\/7791"}],"wp:attachment":[{"href":"https:\/\/enolife.com.ar\/es\/wp-json\/wp\/v2\/media?parent=7784"}],"wp:term":[{"taxonomy":"category","embeddable":true,"href":"https:\/\/enolife.com.ar\/es\/wp-json\/wp\/v2\/categories?post=7784"},{"taxonomy":"post_tag","embeddable":true,"href":"https:\/\/enolife.com.ar\/es\/wp-json\/wp\/v2\/tags?post=7784"}],"curies":[{"name":"wp","href":"https:\/\/api.w.org\/{rel}","templated":true}]}}