{"id":77709,"date":"2022-09-26T19:45:57","date_gmt":"2022-09-26T19:45:57","guid":{"rendered":"http:\/\/enolife.com.ar\/es\/?p=77709"},"modified":"2022-09-28T21:43:05","modified_gmt":"2022-09-28T21:43:05","slug":"como-prevenir-y-atenuar-los-efectos-de-las-heladas-tardias-en-un-curso-de-avm-inta-y-coviar","status":"publish","type":"post","link":"https:\/\/enolife.com.ar\/es\/como-prevenir-y-atenuar-los-efectos-de-las-heladas-tardias-en-un-curso-de-avm-inta-y-coviar\/","title":{"rendered":"C\u00f3mo prevenir y atenuar los efectos de las heladas tard\u00edas, en un curso de AVM, INTA y Coviar"},"content":{"rendered":"\n<h4 class=\"wp-block-heading\"><em><strong>El viernes 30\/9, a las 16 hs, se llevar\u00e1 a cabo en Las Catitas, Santa Rosa, Mendoza, una capacitaci\u00f3n destinada a productores vitivin\u00edcolas sobre \u00abHeladas y pr\u00e1cticas para su control\u00bb. La charla est\u00e1 organizada por la Asociaci\u00f3n de Vi\u00f1ateros de Mendoza (AVM), la Corporaci\u00f3n Vitivin\u00edcola Argentina (Coviar), el Instituto Nacional de Tecnolog\u00eda Agropecuaria (INTA) y la Municipalidad de Santa Rosa.<\/strong><\/em><\/h4>\n\n\n\n<div style=\"height:20px\" aria-hidden=\"true\" class=\"wp-block-spacer\"><\/div>\n\n\n<a href=\"https:\/\/www.linkedin.com\/company\/agrinet-sa\/?originalSubdomain=ar\" aria-label=\"1700X500\"><img loading=\"lazy\" decoding=\"async\" src=\"https:\/\/enolife.com.ar\/es\/wp-content\/uploads\/2021\/11\/1700X500.gif\" alt=\"\"  width=\"1700\" height=\"500\"   \/><\/a>\n\n\n<div style=\"height:78px\" aria-hidden=\"true\" class=\"wp-block-spacer\"><\/div>\n\n\n\n<p>Las heladas que se producen durante la \u00e9poca de brotaci\u00f3n de la vid son las que m\u00e1s da\u00f1o hacen a la planta. Esto es entre setiembre y octubre, y son las llamadas \u00abheladas tard\u00edas\u00bb. Las heladas de primavera se dan cuando las temperaturas bajan de los -2\u00b0C y el fr\u00edo congela el agua de los tejidos provocado debilitamiento, disminuci\u00f3n de la actividad fotosint\u00e9tica y\/o destrucci\u00f3n de las inflorescencias.<\/p>\n\n\n\n<div style=\"height:20px\" aria-hidden=\"true\" class=\"wp-block-spacer\"><\/div>\n\n\n\n<div class=\"wp-block-image\"><figure class=\"alignleft size-large is-resized\"><img loading=\"lazy\" decoding=\"async\" src=\"https:\/\/enolife.com.ar\/es\/wp-content\/uploads\/2022\/09\/FdiiKe8WIAAuNKm.jpg\" alt=\"\" class=\"wp-image-77710\" width=\"265\" height=\"265\" srcset=\"https:\/\/enolife.com.ar\/es\/wp-content\/uploads\/2022\/09\/FdiiKe8WIAAuNKm.jpg 400w, https:\/\/enolife.com.ar\/es\/wp-content\/uploads\/2022\/09\/FdiiKe8WIAAuNKm-300x300.jpg 300w, https:\/\/enolife.com.ar\/es\/wp-content\/uploads\/2022\/09\/FdiiKe8WIAAuNKm-150x150.jpg 150w\" sizes=\"auto, (max-width: 265px) 100vw, 265px\" \/><\/figure><\/div>\n\n\n\n<p>Con la finalidad de brindar herramientas a productores para combatir y prevenir los efectos de estas heladas, AVM, Coviar, INTA y la comuna de Santa Rosa invitan a la capacitaci\u00f3n <strong> \u00abHeladas y pr\u00e1cticas para su control\u00bb<\/strong>, que se realiza en el marco del programa \u00abManejo integral de vi\u00f1edos y aplicaci\u00f3n de nuevas tecnolog\u00edas\u00bb.<\/p>\n\n\n\n<p class=\"has-background has-very-light-gray-background-color\"><strong>Fecha<\/strong>: Viernes 30\/9 16 hs.<br><br><strong>Disertante<\/strong>: Ingeniero agr\u00f3nomo Alejandro Mario Ortega<br><br><strong>Lugar<\/strong>: Biblioteca p\u00fablica Santa Rosa: Barrio La Costanera, Las Catitas.<br><br><strong>Informes al: 263 451 4401<\/strong><\/p>\n\n\n\n<div style=\"height:50px\" aria-hidden=\"true\" class=\"wp-block-spacer\"><\/div>\n","protected":false},"excerpt":{"rendered":"<p>El viernes 30\/9, a las 16 hs, se llevar\u00e1 a cabo en Las Catitas, Santa&hellip;<\/p>\n","protected":false},"author":3,"featured_media":77724,"comment_status":"open","ping_status":"open","sticky":false,"template":"","format":"standard","meta":{"footnotes":""},"categories":[47],"tags":[],"class_list":["post-77709","post","type-post","status-publish","format-standard","has-post-thumbnail","hentry","category-agenda"],"_links":{"self":[{"href":"https:\/\/enolife.com.ar\/es\/wp-json\/wp\/v2\/posts\/77709","targetHints":{"allow":["GET"]}}],"collection":[{"href":"https:\/\/enolife.com.ar\/es\/wp-json\/wp\/v2\/posts"}],"about":[{"href":"https:\/\/enolife.com.ar\/es\/wp-json\/wp\/v2\/types\/post"}],"author":[{"embeddable":true,"href":"https:\/\/enolife.com.ar\/es\/wp-json\/wp\/v2\/users\/3"}],"replies":[{"embeddable":true,"href":"https:\/\/enolife.com.ar\/es\/wp-json\/wp\/v2\/comments?post=77709"}],"version-history":[{"count":0,"href":"https:\/\/enolife.com.ar\/es\/wp-json\/wp\/v2\/posts\/77709\/revisions"}],"wp:featuredmedia":[{"embeddable":true,"href":"https:\/\/enolife.com.ar\/es\/wp-json\/wp\/v2\/media\/77724"}],"wp:attachment":[{"href":"https:\/\/enolife.com.ar\/es\/wp-json\/wp\/v2\/media?parent=77709"}],"wp:term":[{"taxonomy":"category","embeddable":true,"href":"https:\/\/enolife.com.ar\/es\/wp-json\/wp\/v2\/categories?post=77709"},{"taxonomy":"post_tag","embeddable":true,"href":"https:\/\/enolife.com.ar\/es\/wp-json\/wp\/v2\/tags?post=77709"}],"curies":[{"name":"wp","href":"https:\/\/api.w.org\/{rel}","templated":true}]}}